{"id":444,"date":"2012-10-17T22:39:57","date_gmt":"2012-10-17T22:39:57","guid":{"rendered":"http:\/\/blogs.hoy.es\/moterosdehoy\/?p=444"},"modified":"2012-10-17T22:39:57","modified_gmt":"2012-10-17T22:39:57","slug":"v-convivencia-motera-otonal-en-almaraz","status":"publish","type":"post","link":"https:\/\/blogs.hoy.es\/moterosdehoy\/2012\/10\/17\/v-convivencia-motera-otonal-en-almaraz\/","title":{"rendered":"V Convivencia motera oto\u00f1al en Almaraz"},"content":{"rendered":"<p style=\"text-align: justify;\">\u00a0 \u00a0 \u00a0Los d\u00edas <strong>27 y 28 de octubre 2012<\/strong>, el <strong><a title=\"Motoclub Almaraz\" href=\"http:\/\/moterosdealmaraz.blogspot.com.es\/2009\/01\/moto-club-moteros-de-almaraz.html\" target=\"_blank\" rel=\"external nofollow\">Motoclub moteros de Almaraz<\/a>\u00a0<\/strong>nos ha preparado un fin de semana para no dejarlo pasar por alto. Para los de fuera de Extremadura indicar que Almaraz es una localidad de la provincia de C\u00e1ceres.<\/p>\n<div id=\"attachment_445\" style=\"width: 310px\" class=\"wp-caption alignright\"><a href=\"\/moterosdehoy\/wp-content\/uploads\/sites\/45\/2012\/10\/V-Convivencia-motera-oto\u00f1al-de-Almaraz.jpg\"><img aria-describedby=\"caption-attachment-445\" loading=\"lazy\" class=\"size-medium wp-image-445\" title=\"V Convivencia motera oto\u00f1al de Almaraz\" src=\"\/moterosdehoy\/wp-content\/uploads\/sites\/45\/2012\/10\/V-Convivencia-motera-oto\u00f1al-de-Almaraz.jpg\" alt=\"\" width=\"300\" height=\"246\" srcset=\"https:\/\/static-blogs.hoy.es\/wp-content\/uploads\/sites\/45\/2012\/10\/V-Convivencia-motera-oto\u00f1al-de-Almaraz.jpg 500w, https:\/\/static-blogs.hoy.es\/wp-content\/uploads\/sites\/45\/2012\/10\/V-Convivencia-motera-oto\u00f1al-de-Almaraz-300x246.jpg 300w\" sizes=\"(max-width: 300px) 100vw, 300px\" \/><\/a><p id=\"caption-attachment-445\" class=\"wp-caption-text\">Cartel del evento<\/p><\/div>\n<p style=\"text-align: justify;\">\u00a0 \u00a0Entre el programa el <strong>s\u00e1bado 27<\/strong> han preparado un <strong>d\u00eda de Minimotos<\/strong>, en el cartel que ha preparado indican \u201cCampeonato\u201d, pero no lo es, ser\u00e1 un d\u00eda para hacer llegar a <a title=\"Almaraz\" href=\"http:\/\/www.ayto-almaraz.com\/\" target=\"_blank\" rel=\"external nofollow\">Almaraz<\/a> el mundo de la competici\u00f3n. Para ello har\u00e1n una simulaci\u00f3n de <strong>un d\u00eda de Carreras<\/strong>, en el que tendr\u00e1n entrenamientos por la ma\u00f1ana y carreras entre los m\u00e1s valientes por la tarde. No habr\u00e1 Premios, aunque puede que alg\u00fan trofeo para los participantes. Sobre todo tratar\u00e1 de que sea un d\u00eda inolvidable de convivencia.<\/p>\n<p style=\"text-align: justify;\">\u00a0 \u00a0 \u00a0Para los que dese\u00e9is participar tendr\u00e9is que <strong>llamar<\/strong> al 608 474 036, <strong>antes del d\u00eda 24<\/strong> para preparar los seguros.<\/p>\n<p style=\"text-align: justify;\">\u00a0 \u00a0 \u00a0El precio de inscripci\u00f3n variara de pilotos federados a no federados.\u00a0Para algunos ser\u00e1 un buen d\u00eda de entrenamientos en un circuito que tienen perfectamente habilitado.<\/p>\n<p style=\"text-align: justify;\">\u00a0 \u00a0 \u00a0El <strong>domingo 28<\/strong> celebrar\u00e1n la <strong>V Convivencia Oto\u00f1al de Almaraz<\/strong>.\u00a0Como pone en el cartel del evento, el lugar de encuentro ser\u00e1 en la <strong>Plaza de Almaraz a las 10:00 h<\/strong>.<\/p>\n<p style=\"text-align: justify;\">\u00a0 \u00a0 \u00a0A las <strong>11:00 h. Ruta por la zona<\/strong> con aperitivo por el camino.<\/p>\n<p style=\"text-align: justify;\">\u00a0 \u00a0 \u00a0A las <strong>14:00 h<\/strong>. Comida, consistente en <strong>Migas extreme\u00f1as<\/strong> en la Casa de Juventud de Almaraz.<\/p>\n<p style=\"text-align: justify;\">\u00a0 \u00a0 La <strong>inscripci\u00f3n<\/strong> ser\u00e1 <strong>GRATUITA<\/strong>, que estamos en crisis, as\u00ed que no hay escusa para faltar.<\/p>\n<p style=\"text-align: justify;\">\u00a0 \u00a0\u00a0<strong>Saludos y r\u00e1fagas.<\/strong><\/p>\n<!-- AddThis Advanced Settings generic via filter on the_content --><!-- AddThis Share Buttons generic via filter on the_content -->","protected":false},"excerpt":{"rendered":"<p>\u00a0 \u00a0 \u00a0Los d\u00edas 27 y 28 de octubre 2012, el Motoclub moteros de Almaraz\u00a0nos ha preparado un fin de semana para no dejarlo pasar por alto. Para los de fuera de Extremadura indicar que Almaraz es una localidad de la provincia de C\u00e1ceres. \u00a0 \u00a0Entre el programa el s\u00e1bado 27 han preparado un d\u00eda [&hellip;]<!-- AddThis Advanced Settings generic via filter on get_the_excerpt --><!-- AddThis Share Buttons generic via filter on get_the_excerpt --><\/p>\n","protected":false},"author":49,"featured_media":0,"comment_status":"open","ping_status":"closed","sticky":false,"template":"","format":"standard","meta":[],"categories":[13],"tags":[622,624,639,641,968],"_links":{"self":[{"href":"https:\/\/blogs.hoy.es\/moterosdehoy\/wp-json\/wp\/v2\/posts\/444"}],"collection":[{"href":"https:\/\/blogs.hoy.es\/moterosdehoy\/wp-json\/wp\/v2\/posts"}],"about":[{"href":"https:\/\/blogs.hoy.es\/moterosdehoy\/wp-json\/wp\/v2\/types\/post"}],"author":[{"embeddable":true,"href":"https:\/\/blogs.hoy.es\/moterosdehoy\/wp-json\/wp\/v2\/users\/49"}],"replies":[{"embeddable":true,"href":"https:\/\/blogs.hoy.es\/moterosdehoy\/wp-json\/wp\/v2\/comments?post=444"}],"version-history":[{"count":0,"href":"https:\/\/blogs.hoy.es\/moterosdehoy\/wp-json\/wp\/v2\/posts\/444\/revisions"}],"wp:attachment":[{"href":"https:\/\/blogs.hoy.es\/moterosdehoy\/wp-json\/wp\/v2\/media?parent=444"}],"wp:term":[{"taxonomy":"category","embeddable":true,"href":"https:\/\/blogs.hoy.es\/moterosdehoy\/wp-json\/wp\/v2\/categories?post=444"},{"taxonomy":"post_tag","embeddable":true,"href":"https:\/\/blogs.hoy.es\/moterosdehoy\/wp-json\/wp\/v2\/tags?post=444"}],"curies":[{"name":"wp","href":"https:\/\/api.w.org\/{rel}","templated":true}]}}