{"id":456,"date":"2012-10-24T18:09:44","date_gmt":"2012-10-24T18:09:44","guid":{"rendered":"http:\/\/blogs.hoy.es\/moterosdehoy\/?p=456"},"modified":"2012-10-24T18:09:44","modified_gmt":"2012-10-24T18:09:44","slug":"concentraciones-moteras-en-noviembre-2012","status":"publish","type":"post","link":"https:\/\/blogs.hoy.es\/moterosdehoy\/2012\/10\/24\/concentraciones-moteras-en-noviembre-2012\/","title":{"rendered":"Concentraciones moteras en noviembre 2012"},"content":{"rendered":"<p style=\"text-align: justify;\">\u00a0 \u00a0 \u00a0Otro mes m\u00e1s y para seguir con lo que estoy convirtiendo en tradici\u00f3n, aqu\u00ed os dejo las principales concentraciones y kedadas moteras para <strong>noviem<\/strong><strong>bre, <\/strong>que a pesar de llegar el fr\u00edo contin\u00faan. Est\u00e1n separadas primero las de dentro de Extremadura, luego las del resto de Espa\u00f1a y para finalizar las de fuera.<\/p>\n<p style=\"text-align: justify;\"><a href=\"\/moterosdehoy\/wp-content\/uploads\/sites\/45\/2012\/10\/Concentraci\u00f3n-motera.jpg\"><img loading=\"lazy\" class=\"alignleft size-medium wp-image-457\" title=\"Concentraci\u00f3n motera\" src=\"\/moterosdehoy\/wp-content\/uploads\/sites\/45\/2012\/10\/Concentraci\u00f3n-motera.jpg\" alt=\"\" width=\"300\" height=\"168\" srcset=\"https:\/\/static-blogs.hoy.es\/wp-content\/uploads\/sites\/45\/2012\/10\/Concentraci\u00f3n-motera.jpg 627w, https:\/\/static-blogs.hoy.es\/wp-content\/uploads\/sites\/45\/2012\/10\/Concentraci\u00f3n-motera-300x168.jpg 300w\" sizes=\"(max-width: 300px) 100vw, 300px\" \/><\/a>\u00a0 \u00a0 Relaci\u00f3n de concentraciones y quedadas moteras a lo largo de\u00a0<strong>noviembre<\/strong>\u00a02012 dentro de\u00a0<strong>Extremadura<\/strong>:<\/p>\n<p style=\"text-align: justify;\">D\u00eda <strong>4<\/strong> &#8211; <a title=\"I VaraOto\u00f1o NorExtreme\u00f1o\" href=\"http:\/\/www.moterus.es\/eventos\/1-varaotono-norextremeno-2012-11-4\" target=\"_blank\" rel=\"external nofollow\">I VaraOto\u00f1o NorExtreme\u00f1o<\/a>, en Plasencia (<strong>C\u00e1ceres<\/strong>)<\/p>\n<p style=\"text-align: justify;\">Del <strong>17 al 18<\/strong> &#8211; <a title=\"II Reuni\u00f3n motera de Tentud\u00eda\" href=\"https:\/\/blogs.hoy.es\/moterosdehoy\/2012\/11\/06\/ii-reunion-motera-de-tentudia\/\" target=\"_blank\">II Reuni\u00f3n motera de Tentudia<\/a>, en Calera de Le\u00f3n (<strong>Badajoz<\/strong>)<\/p>\n<p style=\"text-align: justify;\">D\u00eda <strong>18<\/strong> &#8211; <a title=\"Primer aniversario Burgman Extremadura\" href=\"https:\/\/blogs.hoy.es\/moterosdehoy\/2012\/11\/05\/club-oficial-burgman-espana\/\" target=\"_blank\">Primer aniversario de Burgman Extremadura<\/a>, en <strong>C\u00e1ceres<\/strong>. &#8211; &#8211; &#8211; Concentraci\u00f3n para motos Suzuki Burgman.<\/p>\n<p style=\"text-align: justify;\">D\u00eda <strong>25<\/strong> &#8211; <a title=\"Post de la I Reuni\u00f3n\" href=\"https:\/\/blogs.hoy.es\/moterosdehoy\/2012\/10\/15\/i-reunion-de-vespas-y-motos-clasicas-en-badajoz\/\" target=\"_blank\">II Reuni\u00f3n de Vespas y motos cl\u00e1sicas<\/a> en <strong>Badajoz<\/strong>.<\/p>\n<p style=\"text-align: justify;\">.<\/p>\n<p style=\"text-align: justify;\">\u00a0 \u00a0 Concentraciones y quedadas moteras a lo largo de\u00a0<strong>noviembre\u00a0<\/strong>2012\u00a0<strong>fuera de Extremadura<\/strong>:<\/p>\n<p style=\"text-align: justify;\">Del <strong>1 al 4<\/strong> &#8211; <a title=\"II Concentraci\u00f3n de motos Los Osos\" href=\"http:\/\/www.concentracionosos.com\/\" target=\"_blank\" rel=\"external nofollow\">II Concentraci\u00f3n de motos &#8220;Los Osos&#8221;<\/a>, en <strong>Madrid<\/strong>. &#8211; &#8211; &#8211; RECOMENDADA, CON CONCIERTOS.<\/p>\n<p style=\"text-align: justify;\">Del <strong>3 al 4<\/strong> &#8211; <a title=\"VIII Xuntanza Invernal\" href=\"http:\/\/www.calendariolibre.com\/motos\/reports\/view\/145\" target=\"_blank\" rel=\"external nofollow\">VIII Xuntanza Invernal motoclub 36600<\/a>, en Villagarc\u00eda de Arosa (<strong>Pontevedra<\/strong>)<\/p>\n<p style=\"text-align: justify;\">D\u00eda <strong>4<\/strong> &#8211; <a title=\"III Concentraci\u00f3n de motos antiguas\" href=\"http:\/\/www.tumotoweb.com\/destacada.php?id=2145\" target=\"_blank\" rel=\"external nofollow\">III Concentraci\u00f3n de motos antiguas<\/a>, en Torremendo (<strong>Alicante<\/strong>)<\/p>\n<p style=\"text-align: justify;\">D\u00eda<strong> 4<\/strong> &#8211; <a title=\"VIII Concentraci\u00f3n motera ciudad de Carmona\" href=\"http:\/\/www.tumotoweb.com\/destacada.php?id=2263\" target=\"_blank\" rel=\"external nofollow\">VIII Concentraci\u00f3n motera ciudad de Carmona<\/a>, en Carmona (<strong>Sevilla<\/strong>)<\/p>\n<p style=\"text-align: justify;\">D\u00eda <strong>4<\/strong> &#8211; <a title=\"II Reuni\u00f3n motera de Pruna\" href=\"http:\/\/www.concentracionesdemotos.com\/carteles\/prunag.jpg\" target=\"_blank\" rel=\"external nofollow\">II Reuni\u00f3n motera de Pruna<\/a>, en Pruna (<strong>Sevilla<\/strong>)<\/p>\n<p style=\"text-align: justify;\">D\u00eda<strong> 4<\/strong> &#8211; <a title=\"I Motoalmuerzo solidario en Pro de Adec\" href=\"http:\/\/www.eldanoticias.com\/index.php?option=com_k2&#038;view=item&#038;id=14951:almuerzo-motero-de-la-asociaci%C3%B3n-de-diab%C3%A9ticos&#038;Itemid=581\" target=\"_blank\" rel=\"external nofollow\">I Motoalmuerzo solidario en Pro de Adec<\/a> (Asociaci\u00f3n de diab\u00e9ticos de Elda y comarca), en Elda (<strong>Alicante<\/strong>)<\/p>\n<p style=\"text-align: justify;\">D\u00eda<strong> 4<\/strong> &#8211; <a title=\"XIII Revolts\" href=\"http:\/\/caballerosdesion.foroactivo.com\/t720-revolts-2012-xiii-edicion\" target=\"_blank\" rel=\"external nofollow\">Revolts 2012 (XII+I edici\u00f3n)<\/a>, en Sabadell (<strong>Barcelona<\/strong>)<\/p>\n<p style=\"text-align: justify;\">Del <strong>9 al 11<\/strong> &#8211;<a title=\"Suevia 2012\" href=\"http:\/\/www.contramanillar.com\/calendario\/noviembre-2012\/suevia-2012\/\" target=\"_blank\" rel=\"external nofollow\"> Suevia 2012<\/a>, en <strong>Lugo<\/strong>.<\/p>\n<p style=\"text-align: justify;\">Del <strong>9 al 11<\/strong> &#8211; <a title=\"XVI Concentraci\u00f3n motera Cachonera\" href=\"http:\/\/www.tumotoweb.com\/destacada.php?id=1744\" target=\"_blank\" rel=\"external nofollow\">XVI Concentraci\u00f3n motera Cachonera<\/a>, en Galaoroza (<strong>Huelva<\/strong>)<\/p>\n<p style=\"text-align: justify;\">Del <strong>9 al 11<\/strong> &#8211; <a title=\"Reuni\u00f3n motera 2012\" href=\"http:\/\/www.tumotoweb.com\/destacada.php?id=2279\" target=\"_blank\" rel=\"external nofollow\">Reuni\u00f3n motera 2012<\/a>, en Motril (<strong>Granada<\/strong>)<\/p>\n<p style=\"text-align: justify;\">Del <strong>9 al 11<\/strong> &#8211; <a title=\"XX Aniversario Viejas Glorias\" href=\"http:\/\/viejasglorias2012.blogspot.com.es\/2012\/10\/xx-aniversario-viejas-glorias-canarias.html\" target=\"_blank\" rel=\"external nofollow\">XX Aniversario viejas glorias<\/a>, en Las Palmas (<strong>Islas Canarias<\/strong>)<\/p>\n<p style=\"text-align: justify;\">Del <strong>9 al 11<\/strong> &#8211; <a title=\"Campeonato del mundo de MotoGP\" href=\"http:\/\/www.circuitvalencia.com\/horarios_campeonato_del_mundo_de_motogp_en_el_circuito_ricardo_tormo_de_cheste_valencia.html\" target=\"_blank\" rel=\"external nofollow\">Campeonato del mundo de MotoGP<\/a>, en el Circuito de Cheste (<strong>Valencia<\/strong>)<\/p>\n<p style=\"text-align: justify;\">D\u00eda <strong>10<\/strong> &#8211; <a title=\"I Concentraci\u00f3n motera Cruz de Arriba\" href=\"http:\/\/www.voydeconcentracion.com\/2012\/10\/i-concentracion-de-motos-cruz-de.html\" target=\"_blank\" rel=\"external nofollow\">I Concentraci\u00f3n motera &#8220;Cruz de Arriba&#8221;<\/a>, en Berrocal (<strong>Huelva<\/strong>)<\/p>\n<p style=\"text-align: justify;\">Del <strong>10 al 11<\/strong> &#8211; <a title=\"Halloween Matorres\" href=\"http:\/\/www.motarres.com\/principal.html\" target=\"_blank\" rel=\"external nofollow\">Halloween Matorres<\/a>, en Lloret de Mar (<strong>Girona<\/strong>)<\/p>\n<p style=\"text-align: justify;\">D\u00eda <strong>11<\/strong> &#8211;<a title=\"III Reuni\u00f3n de motos cl\u00e1sicas\" href=\"http:\/\/www.tumotoweb.com\/destacada.php?id=2278\" target=\"_blank\" rel=\"external nofollow\"> III Reuni\u00f3n de motos cl\u00e1sicas<\/a>, en \u00c9cija (<strong>Sevilla<\/strong>)<!--more--><\/p>\n<p style=\"text-align: justify;\">D\u00eda <strong>11<\/strong> &#8211; <a title=\"I Aniversario motoclub \"A tu aire\"\" href=\"http:\/\/www.tumotoweb.com\/destacada.php?id=2294\" target=\"_blank\" rel=\"external nofollow\">I Aniversario motoclub &#8220;A tu aire&#8221;<\/a>, en Tarifa (<strong>C\u00e1diz<\/strong>)<\/p>\n<p style=\"text-align: justify;\">D\u00eda <strong>11<\/strong> &#8211; <a title=\"I Aniversario Chicas Moteras\" href=\"http:\/\/masqueles.com\/2012\/10\/17\/11-nov-malaga-1o-aniversario-chicas-moteras\/\" target=\"_blank\" rel=\"external nofollow\">I Aniversario Chicas Moteras<\/a>, en <strong>M\u00e1laga<\/strong>.<\/p>\n<p style=\"text-align: justify;\">D\u00eda <strong>13<\/strong> &#8211; <a title=\"I Reuni\u00f3n motera Lobos Solitarios\" href=\"http:\/\/cartel5voydeconcentracion.blogspot.com.es\/\" target=\"_blank\" rel=\"external nofollow\">I Reuni\u00f3n motera &#8220;Lobos Solitarios&#8221;<\/a>, en Lucena del Puerto (<strong>Huelva<\/strong>)<\/p>\n<p style=\"text-align: justify;\">Del <strong>16 al 18<\/strong> &#8211; <a title=\"Concentraci\u00f3n motoclub Cartagena\" href=\"http:\/\/www.concentracionesdemotos.com\/murcia\/noviembre2012.html\" target=\"_blank\" rel=\"external nofollow\">Concentraci\u00f3n motoclub Cartagena<\/a>, en Cartagena (<strong>Murcia<\/strong>)<\/p>\n<p style=\"text-align: justify;\">D\u00eda\u00a0<strong>17<\/strong>\u00a0&#8211;\u00a0<a title=\"Reuni\u00f3n de amigos t\u00e1rtaros descilindraos\" href=\"http:\/\/tatarosdescilindraos.mforos.com\/1633924\/10581433-reunion-motera-tartara\/\" target=\"_blank\" rel=\"external nofollow\">Reuni\u00f3n de amigos t\u00e1rtaros descilindraos<\/a>, en Monz\u00f3n (<strong>Huesca<\/strong>)<\/p>\n<p style=\"text-align: justify;\">Del <strong>17 al 18<\/strong> &#8211; <a title=\"XXV Concentraci\u00f3n GTM 2 RODES\" href=\"http:\/\/www.tumotoweb.com\/destacada.php?id=2286\" target=\"_blank\" rel=\"external nofollow\">XXV Concentraci\u00f3n GTM 2 RODES La Vila<\/a>, en Villajoyosa (<strong>Alicante<\/strong>)<\/p>\n<p style=\"text-align: justify;\">Del\u00a0<strong>17 al 18<\/strong>\u00a0&#8211; IXXX\u00a0<a title=\"IXXX Concentraci\u00f3n motorista Ribera D'Ebre 2012\" href=\"http:\/\/www.tumotoweb.com\/calendario.php?id=9&#038;mes=11&#038;anio=2012#event_2303\" target=\"_blank\" rel=\"external nofollow\">Concentraci\u00f3n motorista Ribera D&#8217;Ebre 2012<\/a>, en Vinebre (<strong>Tarragona<\/strong>)<\/p>\n<p style=\"text-align: justify;\">D\u00eda <strong>18<\/strong> &#8211; <a title=\"VI Anviersario\" href=\"http:\/\/www.tumotoweb.com\/destacada.php?id=2268\" target=\"_blank\" rel=\"external nofollow\">VI Aniversario Ruta 340 Motorcicles<\/a>, en Torrox Costa (<strong>M\u00e1laga<\/strong>)<\/p>\n<p style=\"text-align: justify;\">D\u00eda <strong>18<\/strong> &#8211; <a title=\"VIII Fiesta motera ciudad de Dos Hermanas\" href=\"http:\/\/www.voydeconcentracion.com\/2012\/10\/8-fiesta-motera-ciudad-de-dos-hermanas.html\" target=\"_blank\" rel=\"external nofollow\">VIII Fiesta motera ciudad de Dos Hermanas<\/a> (<strong>Sevilla<\/strong>)<\/p>\n<p style=\"text-align: justify;\">D\u00eda <strong>18<\/strong> &#8211; <a title=\"Festa motera Els 4 Gats\" href=\"http:\/\/a51.idata.over-blog.com\/2\/96\/03\/22\/Carteles\/Noviembre\/IMG.jpg\" target=\"_blank\" rel=\"external nofollow\">III Festa motera Els 4 Gats<\/a>, en Santa Cristina de Aro (<strong>Girona<\/strong>)<\/p>\n<p style=\"text-align: justify;\">D\u00eda <strong>18<\/strong> &#8211; <a title=\"Ruta gastron\u00f3mica en moto por Madrid\" href=\"http:\/\/www.asociacionmuevetepormadridenmoto.com\/component\/content\/article\/114\" target=\"_blank\" rel=\"external nofollow\">Ruta Gastron\u00f3mica Garciotun<\/a>, en <strong>Madrid<\/strong>.<\/p>\n<p style=\"text-align: justify;\">D\u00eda <strong>18<\/strong> &#8211; <a title=\"II Reuni\u00f3n motera en Lucena del Puerto\" href=\"http:\/\/www.facebook.com\/events\/305018479612327\/?notif_t=plan_user_invited\" target=\"_blank\" rel=\"external nofollow\">II Ruta motera<\/a>, en Lucena del Puerto (<strong>Huelva<\/strong>)<\/p>\n<p style=\"text-align: justify;\">Del<strong> 23 al 25<\/strong> &#8211; <a title=\"Invernal del VOCS 2012\" href=\"http:\/\/www.vocs.org\/foro\/viewtopic.php?f=1&#038;t=35021\" target=\"_blank\" rel=\"external nofollow\">Invernal del VOCS 2012<\/a>, en Sierra de Cazorla (<strong>Ja\u00e9n<\/strong>) &#8211; &#8211; &#8211; OBLIGATORIA SI TIENES UNA VULCAN.<\/p>\n<p style=\"text-align: justify;\">D\u00eda <strong>24<\/strong> &#8211; <a title=\"X Aniversario Fantasmas\" href=\"http:\/\/www.planetacustom.es\/index.php?it=7&#038;evn=318\" target=\"_blank\" rel=\"external nofollow\">X Aniversario Fantasmas, en Velez Rubio<\/a> (<strong>Almer\u00eda<\/strong>) &#8211; &#8211; &#8211; Especial Custom<\/p>\n<p style=\"text-align: justify;\">Del<strong> 24 al 25<\/strong> &#8211;<a title=\"III Salida motera Alpujarra\" href=\"http:\/\/www.mcalikates.com\/calconcentra\/index.php\" target=\"_blank\" rel=\"external nofollow\"> III Salida motera Alpujarras<\/a>, en Murcia (<strong>Murcia-Almeria-Granada<\/strong>)<\/p>\n<p style=\"text-align: justify;\">Del <strong>24 al 25<\/strong> &#8211; <a title=\"XXIII Reuni\u00f3n motera Morillo de Tou\" href=\"http:\/\/www.clubvfrspain.es\/index.php?topic=27828.0\" target=\"_blank\" rel=\"external nofollow\">XXIII Reuni\u00f3n motera Morillo de Tou<\/a>, en Ainsa (<strong>Huesca<\/strong>)<\/p>\n<p style=\"text-align: justify;\">D\u00eda <strong>28<\/strong> &#8211; <a title=\"XX Aniversario vuelta a Lugares Colombinos\" href=\"http:\/\/concentraciondehuelva.blogspot.com.es\/2012\/10\/xx-aniversario-vuelta-lurares.html\" target=\"_blank\" rel=\"external nofollow\">XX Aniversario vuelta a Lugares Colombinos<\/a>, en Palos de la Frontera (<strong>Huelva<\/strong>)<\/p>\n<p style=\"text-align: justify;\">.<\/p>\n<p style=\"text-align: justify;\">\u00a0 \u00a0 Concentraciones y quedadas moteras a lo largo de\u00a0<strong>noviembre<\/strong>\u00a02012\u00a0<strong>fuera de Espa\u00f1a<\/strong>:<\/p>\n<p style=\"text-align: justify;\">Del <strong>3 al 4<\/strong> &#8211;\u00a0<a title=\"XIII Concentre hivernal\" href=\"http:\/\/www.motoclubmotrix.org\/foro\/viewtopic.php?t=972&#038;p=20320\" target=\"_blank\" rel=\"external nofollow\">XIII Concentre hivernale des C\u00eemes<\/a>, en Sallanches (<strong>Francia<\/strong>)<\/p>\n<p style=\"text-align: justify;\">Del <strong>9 al 11<\/strong>&#8211;\u00a0<a title=\"XV Concentra\u00e7\u00e3o motard\" href=\"http:\/\/www.motoclubmotrix.org\/foro\/viewtopic.php?f=4&#038;t=3528&#038;p=20624\" target=\"_blank\" rel=\"external nofollow\">XV Concentra\u00e7\u00e3o motard Tubar\u00f5es<\/a>, en Cartaxo (<strong>Portugal<\/strong>)<\/p>\n<p style=\"text-align: justify;\">Del <strong>10 al 11<\/strong> &#8211;\u00a0<a title=\"XXIV Concentraci\u00f3n Mc La Mule Blanche\" href=\"http:\/\/www.motoclubmotrix.org\/foro\/viewtopic.php?f=4&#038;t=248&#038;p=20566\" target=\"_blank\" rel=\"external nofollow\">XXIV Concentration Mc La Mule Blanche<\/a>, en La Bachelleire (<strong>Francia<\/strong>)<\/p>\n<p style=\"text-align: justify;\">Del <strong>10 al 13<\/strong> &#8211;\u00a0<a title=\"XIV Concentra\u00e7\u00e3o Motard S Martinho\" href=\"http:\/\/culturaelazerduasrodas.blogspot.com.es\/2011\/11\/xiv-concentracao-motard-de-s-martinho.html\" target=\"_blank\" rel=\"external nofollow\">XIV Cocentra\u00e7\u00e3o Motard S Martinho<\/a>, en Penafiel (<strong>Portugal<\/strong>)<\/p>\n<p style=\"text-align: justify;\">Del <strong>15 al 18<\/strong> &#8211; <a title=\"EICMA 2012\" href=\"http:\/\/www.eicma.it\/\" target=\"_blank\" rel=\"external nofollow\">LXX Esposicione Internacionale del Motociclo<\/a> &#8220;EICMA 2012&#8221;, en Milano (<strong>Italia<\/strong>)<\/p>\n<p style=\"text-align: justify;\">Del <strong>21 al 25<\/strong> &#8211; <a title=\"Concentraci\u00f3n motera en Brasil\" href=\"http:\/\/rockout11.com.br\/v2\/nazareth-tocara-de-graca-no-xii-macae-em-duas-rodas-2012-em-macae-rj-24-de-novembro\/\" target=\"_blank\" rel=\"external nofollow\">XII Encuentro Internacional Mega Maca\u00e9 em duas rodas<\/a>, en Maca\u00e9 (<strong>Brasil<\/strong>)<\/p>\n<p style=\"text-align: justify;\">.<\/p>\n<p style=\"text-align: justify;\">\u00a0 \u00a0 \u00a0Ir\u00e9 poniendo m\u00e1s y sus enlaces a medida que se aproximen y me vaya enterando.<\/p>\n<p style=\"text-align: justify;\">\u00a0 \u00a0 \u00a0Espero que disfrut\u00e9is de muchas de ellas e igual nos vemos por ah\u00ed.<\/p>\n<p style=\"text-align: justify;\">\u00a0\u00a0<strong>\u00a0 \u00a0Saludos y r\u00e1fagas.<\/strong><\/p>\n<!-- AddThis Advanced Settings generic via filter on the_content --><!-- AddThis Share Buttons generic via filter on the_content -->","protected":false},"excerpt":{"rendered":"<p>\u00a0 \u00a0 \u00a0Otro mes m\u00e1s y para seguir con lo que estoy convirtiendo en tradici\u00f3n, aqu\u00ed os dejo las principales concentraciones y kedadas moteras para noviembre, que a pesar de llegar el fr\u00edo contin\u00faan. Est\u00e1n separadas primero las de dentro de Extremadura, luego las del resto de Espa\u00f1a y para finalizar las de fuera. \u00a0 [&hellip;]<!-- AddThis Advanced Settings generic via filter on get_the_excerpt --><!-- AddThis Share Buttons generic via filter on get_the_excerpt --><\/p>\n","protected":false},"author":49,"featured_media":0,"comment_status":"open","ping_status":"closed","sticky":false,"template":"","format":"standard","meta":[],"categories":[5,13],"tags":[267,622,639,641],"_links":{"self":[{"href":"https:\/\/blogs.hoy.es\/moterosdehoy\/wp-json\/wp\/v2\/posts\/456"}],"collection":[{"href":"https:\/\/blogs.hoy.es\/moterosdehoy\/wp-json\/wp\/v2\/posts"}],"about":[{"href":"https:\/\/blogs.hoy.es\/moterosdehoy\/wp-json\/wp\/v2\/types\/post"}],"author":[{"embeddable":true,"href":"https:\/\/blogs.hoy.es\/moterosdehoy\/wp-json\/wp\/v2\/users\/49"}],"replies":[{"embeddable":true,"href":"https:\/\/blogs.hoy.es\/moterosdehoy\/wp-json\/wp\/v2\/comments?post=456"}],"version-history":[{"count":0,"href":"https:\/\/blogs.hoy.es\/moterosdehoy\/wp-json\/wp\/v2\/posts\/456\/revisions"}],"wp:attachment":[{"href":"https:\/\/blogs.hoy.es\/moterosdehoy\/wp-json\/wp\/v2\/media?parent=456"}],"wp:term":[{"taxonomy":"category","embeddable":true,"href":"https:\/\/blogs.hoy.es\/moterosdehoy\/wp-json\/wp\/v2\/categories?post=456"},{"taxonomy":"post_tag","embeddable":true,"href":"https:\/\/blogs.hoy.es\/moterosdehoy\/wp-json\/wp\/v2\/tags?post=456"}],"curies":[{"name":"wp","href":"https:\/\/api.w.org\/{rel}","templated":true}]}}