{"id":463,"date":"2012-10-27T18:42:02","date_gmt":"2012-10-27T18:42:02","guid":{"rendered":"http:\/\/blogs.hoy.es\/moterosdehoy\/?p=463"},"modified":"2012-10-27T18:42:02","modified_gmt":"2012-10-27T18:42:02","slug":"el-chaleco-motero","status":"publish","type":"post","link":"https:\/\/blogs.hoy.es\/moterosdehoy\/2012\/10\/27\/el-chaleco-motero\/","title":{"rendered":"El chaleco motero"},"content":{"rendered":"<p style=\"text-align: justify;\">\u00a0 \u00a0 Cuando se ve un <strong><a title=\"Foto de grupo motero\" href=\"http:\/\/www.google.es\/imgres?q=grupo+de+moteros&#038;um=1&#038;hl=es&#038;sa=N&#038;biw=1280&#038;bih=699&#038;tbm=isch&#038;tbnid=0sUwkDfBQ_uXbM:&#038;imgrefurl=http:\/\/www.chocolatfactorylabdesign.com\/2009\/09\/14\/sons-of-anarchy\/&#038;docid=aOwgu0XXJJ8oHM&#038;imgurl=http:\/\/www.chocolatfactorylabdesign.com\/wp-content\/uploads\/2009\/09\/sons.jpg&#038;w=479&#038;h=355&#038;ei=QSSMUJuBCuaa1AWIuID4DA&#038;zoom=1&#038;iact=hc&#038;vpx=798&#038;vpy=275&#038;dur=5874&#038;hovh=193&#038;hovw=261&#038;tx=146&#038;ty=94&#038;sig=100931045494674962916&#038;page=3&#038;tbnh=143&#038;tbnw=189&#038;start=45&#038;ndsp=25&#038;ved=1t:429,r:38,s:20,i:247\" target=\"_blank\" rel=\"external nofollow\">grupo de moteros<\/a><\/strong>, sobre todo si llevan motos custom, quien no est\u00e1 familiarizado con las motocicletas lo primero que ve es un grupo de personas \u201ccon malas pintas\u201d.<\/p>\n<p style=\"text-align: justify;\">\u00a0 \u00a0 El llevar una indumentaria posiblemente oscura y repleta de calaveras, llamas o signos que pueden llegar a dar miedo, no quiere decir que se trate de una persona que sea mejor o peor que las dem\u00e1s, a pesar de sus posibles grandes barbas y <a title=\"Tatuajes moteros\" href=\"https:\/\/blogs.hoy.es\/moterosdehoy\/2012\/09\/12\/tatuajes-moteros\/\" target=\"_blank\">tatuajes<\/a>.<\/p>\n<p style=\"text-align: justify;\">\u00a0 \u00a0 Para comenzar indicar\u00e9 que precisamente dentro del mundo <a title=\"Fotos de motos custom\" href=\"http:\/\/www.google.es\/search?q=motos+custom&#038;aq=0&#038;sugexp=chrome,mod%3D0&#038;um=1&#038;ie=UTF-8&#038;hl=es&#038;tbm=isch&#038;source=og&#038;sa=N&#038;tab=wi&#038;ei=DyaMUKWVG5OEhQeQyYDQBw&#038;biw=1280&#038;bih=699&#038;sei=EiaMUISeDuau0QXHjIDQBw\" target=\"_blank\" rel=\"external nofollow\">custom<\/a> se encuentran todos los amantes de las Harleys y no son nada baratas, por lo que esa persona con supuestas malas pintas, igual tiene bastante mejor poder adquisitivo que los que le rodean y simplemente le gusta un estilo de vida. Posiblemente sea abogado, ingeniero o tenga cualquier t\u00edtulo superior, pero en sus ratos libres quiere disfrutar del viento en la cara rodando con su moto o rodearse de sus amigos con gustos afines. Tambi\u00e9n hay muchos casos de moteros que sin tener abultada su cuenta corriente, deciden entregar todos o gran parte de sus ahorros para conseguir una moto. Incluso lobos solitarios que cuando llegan a casa les esperan su mujer y un buen reba\u00f1o de ni\u00f1os.<\/p>\n<p style=\"text-align: justify;\">\u00a0 \u00a0Llegados a \u00e9ste punto, os presento una imagen\u00a0de un chaleco motero, para que ve\u00e1is el <strong>significado de los <a title=\"Fotos de parches para chalecos moteros\" href=\"http:\/\/www.google.es\/search?q=parches+custom&#038;aq=0&#038;sugexp=chrome,mod%3D0&#038;um=1&#038;ie=UTF-8&#038;hl=es&#038;tbm=isch&#038;source=og&#038;sa=N&#038;tab=wi&#038;ei=ZCaMUJmYDNGLhQejqIDICg&#038;biw=1280&#038;bih=699&#038;sei=ZiaMUI7vM4rB0QXi_YHwDQ\" target=\"_blank\" rel=\"external nofollow\">parches<\/a><\/strong>, por regla general no se ponen al azar,<strong> todo lleva su orden<\/strong>, y suelen ser de cuero negro, sin mangas.<\/p>\n<div id=\"attachment_464\" style=\"width: 310px\" class=\"wp-caption alignleft\"><a href=\"\/moterosdehoy\/wp-content\/uploads\/sites\/45\/2012\/10\/Chaleco.jpg\"><img aria-describedby=\"caption-attachment-464\" loading=\"lazy\" class=\"size-medium wp-image-464\" title=\"Chaleco\" src=\"\/moterosdehoy\/wp-content\/uploads\/sites\/45\/2012\/10\/Chaleco.jpg\" alt=\"\" width=\"300\" height=\"206\" srcset=\"https:\/\/static-blogs.hoy.es\/wp-content\/uploads\/sites\/45\/2012\/10\/Chaleco.jpg 416w, https:\/\/static-blogs.hoy.es\/wp-content\/uploads\/sites\/45\/2012\/10\/Chaleco-300x206.jpg 300w\" sizes=\"(max-width: 300px) 100vw, 300px\" \/><\/a><p id=\"caption-attachment-464\" class=\"wp-caption-text\">Chaleco motero<\/p><\/div>\n<p style=\"text-align: justify;\">\u00a0 \u00a0 Cada punto lleva un contenido diferente:<\/p>\n<ol style=\"text-align: justify;\">\n<li><strong>Nombre <\/strong>del motoclub o pe\u00f1a motera, con formato redondeado.<\/li>\n<li><strong>Logo<\/strong> o s\u00edmbolo del motoclub.<\/li>\n<li><strong>Regi\u00f3n o pa\u00eds<\/strong> de procedencia del grupo, redondeado.<\/li>\n<li>Si dentro del logo o s\u00edmbolo del motoclub no figuran las letras M. C. (Motoclub) o M. G. (Motogroup), aparecer\u00e1n en \u00e9ste lugar.<\/li>\n<\/ol>\n<p style=\"text-align: justify;\">\u00a0 \u00a0 En EEUU no se suelen cambiar el lugar de los parches, pero <strong>en Europa es menos estricto<\/strong>, repartiendo el espacio por encima o debajo del logo para poner el nombre del motoclub, el lugar de procedencia e incluso el nombre del miembro. En ocasiones tambi\u00e9n se suelen meter m\u00e1s parches a modo de adorno para rellenar huecos\u00a0vac\u00edos,\u00a0 lo que tambi\u00e9n tendr\u00e1 que acordar el grupo o motoclub.<\/p>\n<p style=\"text-align: justify;\">\u00a0 \u00a0 La parte frontal sin embargo est\u00e1 m\u00e1s abierta a la decoraci\u00f3n individual, <!--more-->mediante la adici\u00f3n de mini-parches o pins, a\u00fan as\u00ed algunos clubs tienen reglas muy estrictas acerca de lo que se puede usar como insignias y ubicaci\u00f3n dentro del chaleco, si se puede poner el nombre del club, el t\u00edtulo, rango o condici\u00f3n (por ejemplo \u201cPresidente\u201d), apodo, a\u00f1os adscritos, eventos especiales a los que se ha asistido o cualquier elemento que tenga alg\u00fan significado para el miembro.<\/p>\n<p style=\"text-align: justify;\"><a href=\"\/moterosdehoy\/wp-content\/uploads\/sites\/45\/2012\/10\/Chaleco-motero-de-un-motoclub-de-Harley.jpg\"><img loading=\"lazy\" class=\"alignright size-full wp-image-465\" title=\"Chaleco motero de un motoclub de Harley\" src=\"\/moterosdehoy\/wp-content\/uploads\/sites\/45\/2012\/10\/Chaleco-motero-de-un-motoclub-de-Harley.jpg\" alt=\"\" width=\"143\" height=\"204\" \/><\/a>\u00a0 \u00a0Pero en \u00e9ste mundo de lo permitido o no de los parches, tambi\u00e9n hay excepciones, desde los grupos moteros que sin llegar a formar un motoclub deciden de ponerse un logo y un nombre en com\u00fan pudiendo seguir \u00e9stas reglas o no. Hasta en seguidores de las Harley Davidson, donde en\u00a0<a href=\"\/moterosdehoy\/wp-content\/uploads\/sites\/45\/2012\/10\/Chaleco-motero-independiente1.jpg\"><img loading=\"lazy\" class=\"alignleft size-full wp-image-467\" title=\"Chaleco motero independiente\" src=\"\/moterosdehoy\/wp-content\/uploads\/sites\/45\/2012\/10\/Chaleco-motero-independiente1.jpg\" alt=\"\" width=\"247\" height=\"255\" \/><\/a>el propio logo puede indicar el lugar de procedencia, o tener m\u00e1s apartados. Como es el caso de la <strong>fotograf\u00eda de la derecha<\/strong>.<\/p>\n<p style=\"text-align: justify;\">\u00a0 \u00a0Tambi\u00e9n aparecen los <strong>lobos solitarios<\/strong>, que si desean hacerse con un chaleco motero lo har\u00e1n a su antojo y pondr\u00e1n lo que deseen, como es el caso de la <strong>fotograf\u00eda de la izquierda<\/strong>, donde en \u00e9ste caso particular a parte de no utilizar un chaleco de cuero negro, utiliza un logo en el que ya figura que no pertenece a ning\u00fan club. Adem\u00e1s de poner un s\u00edmbolo militar en su parte superior.<\/p>\n<p style=\"text-align: justify;\"><strong>\u00a0 \u00a0 Saludos y r\u00e1fagas.<\/strong><\/p>\n<!-- AddThis Advanced Settings generic via filter on the_content --><!-- AddThis Share Buttons generic via filter on the_content -->","protected":false},"excerpt":{"rendered":"<p>\u00a0 \u00a0 Cuando se ve un grupo de moteros, sobre todo si llevan motos custom, quien no est\u00e1 familiarizado con las motocicletas lo primero que ve es un grupo de personas \u201ccon malas pintas\u201d. \u00a0 \u00a0 El llevar una indumentaria posiblemente oscura y repleta de calaveras, llamas o signos que pueden llegar a dar miedo, [&hellip;]<!-- AddThis Advanced Settings generic via filter on get_the_excerpt --><!-- AddThis Share Buttons generic via filter on get_the_excerpt --><\/p>\n","protected":false},"author":49,"featured_media":0,"comment_status":"open","ping_status":"closed","sticky":false,"template":"","format":"standard","meta":[],"categories":[2,4,13],"tags":[161,622,639,641,753],"_links":{"self":[{"href":"https:\/\/blogs.hoy.es\/moterosdehoy\/wp-json\/wp\/v2\/posts\/463"}],"collection":[{"href":"https:\/\/blogs.hoy.es\/moterosdehoy\/wp-json\/wp\/v2\/posts"}],"about":[{"href":"https:\/\/blogs.hoy.es\/moterosdehoy\/wp-json\/wp\/v2\/types\/post"}],"author":[{"embeddable":true,"href":"https:\/\/blogs.hoy.es\/moterosdehoy\/wp-json\/wp\/v2\/users\/49"}],"replies":[{"embeddable":true,"href":"https:\/\/blogs.hoy.es\/moterosdehoy\/wp-json\/wp\/v2\/comments?post=463"}],"version-history":[{"count":0,"href":"https:\/\/blogs.hoy.es\/moterosdehoy\/wp-json\/wp\/v2\/posts\/463\/revisions"}],"wp:attachment":[{"href":"https:\/\/blogs.hoy.es\/moterosdehoy\/wp-json\/wp\/v2\/media?parent=463"}],"wp:term":[{"taxonomy":"category","embeddable":true,"href":"https:\/\/blogs.hoy.es\/moterosdehoy\/wp-json\/wp\/v2\/categories?post=463"},{"taxonomy":"post_tag","embeddable":true,"href":"https:\/\/blogs.hoy.es\/moterosdehoy\/wp-json\/wp\/v2\/tags?post=463"}],"curies":[{"name":"wp","href":"https:\/\/api.w.org\/{rel}","templated":true}]}}