{"id":47,"date":"2012-06-01T10:17:29","date_gmt":"2012-06-01T10:17:29","guid":{"rendered":"http:\/\/blogs.hoy.es\/moterosdehoy\/?p=47"},"modified":"2012-06-01T10:17:29","modified_gmt":"2012-06-01T10:17:29","slug":"concentracion-motera-en-calamonte","status":"publish","type":"post","link":"https:\/\/blogs.hoy.es\/moterosdehoy\/2012\/06\/01\/concentracion-motera-en-calamonte\/","title":{"rendered":"2012-06-01 Concentraci\u00f3n motera en Calamonte"},"content":{"rendered":"<p><a href=\"\/moterosdehoy\/wp-content\/uploads\/sites\/45\/2012\/06\/Concentraci\u00f3n-motera-ciudad-de-Calamonte3.jpg\"><img loading=\"lazy\" class=\"alignright size-medium wp-image-51\" title=\"Concentraci\u00f3n motera ciudad de Calamonte\" src=\"\/moterosdehoy\/wp-content\/uploads\/sites\/45\/2012\/06\/Concentraci\u00f3n-motera-ciudad-de-Calamonte3.jpg\" alt=\"\" width=\"300\" height=\"211\" srcset=\"https:\/\/static-blogs.hoy.es\/wp-content\/uploads\/sites\/45\/2012\/06\/Concentraci\u00f3n-motera-ciudad-de-Calamonte3.jpg 640w, https:\/\/static-blogs.hoy.es\/wp-content\/uploads\/sites\/45\/2012\/06\/Concentraci\u00f3n-motera-ciudad-de-Calamonte3-300x211.jpg 300w\" sizes=\"(max-width: 300px) 100vw, 300px\" \/><\/a><strong>Hoy d\u00eda 1 de junio<\/strong> 2012 da comienzo la <strong>VIII Concentraci\u00f3n motera Ciudad de Calamonte<\/strong>, la cual se alarga a los d\u00edas 2 y 3, para acoger todo el fin de semana.<\/p>\n<p>De la mano del \u201cmoto club ah\u00ed va la liebre\u201d y el \u201cPub Pikate\u201d organizan el evento, en el que se comenzar\u00e1 el viernes d\u00eda 1 por la tarde, con hora feliz \u201c<strong>cubatas a 2,5 euros<\/strong>\u201d en dicho pub.<\/p>\n<p>&nbsp;<\/p>\n<p><strong>El s\u00e1bado habr\u00e1 paella<\/strong> para comer, adem\u00e1s \u00a0al medio d\u00eda actuaci\u00f3n del grupo \u201cDe calle en calle\u201d, y al finalizar la tarde nos dar\u00e1n un kebab para cenar.<!--more--><\/p>\n<p>El <strong>domingo<\/strong> comenzar\u00e1 con el desayuno y un ruta a Nava de Santiago, donde se tomar\u00e1 un refrigerio y ya de vuelta en Calamonte habr\u00e1 <strong>carne con tomate<\/strong> para comer.<\/p>\n<p>En la noche del s\u00e1bado \u00a0habr\u00e1 <strong>m\u00fasica de DJ Muti, Steaptease, sesi\u00f3n 90s<\/strong>. y mucha marcha.<\/p>\n<p>Las inscripciones son de <strong>15 euros<\/strong> para s\u00e1bado y domingo, y <strong>10 euros<\/strong>, para un solo d\u00eda. Con la inscripci\u00f3n hacen entrega de una bolsa de bienvenida con <strong>camiseta de la concentraci\u00f3n, boli, mechero y un preservativo<\/strong> (donado por la Junta de Extremadura). En algunas bolsas tambi\u00e9n ir\u00e1 una gorra de Repsol. Adem\u00e1s al finalizar la comida del domingo habr\u00e1 el t\u00edpico sorteo y entrega de premios.<\/p>\n<p>Os dejo un enlace sobre el motoclub que organiza por si quer\u00e9is mandarle alg\u00fan mensaje:\u00a0<a href=\"http:\/\/boards5.melodysoft.com\/app?ID=motoclubahivalaliebre\" rel=\"external nofollow\">http:\/\/boards5.melodysoft.com\/app?ID=motoclubahivalaliebre<\/a><\/p>\n<p>Si te gusta quemar ruedas puedes llevar el neum\u00e1tico viejo y all\u00ed te lo cambian para que lo puedas quemar tranquilo.<\/p>\n<p><strong>\u00a0 \u00a0Saludos y r\u00e1fagas.<\/strong><\/p>\n<!-- AddThis Advanced Settings generic via filter on the_content --><!-- AddThis Share Buttons generic via filter on the_content -->","protected":false},"excerpt":{"rendered":"<p>Hoy d\u00eda 1 de junio 2012 da comienzo la VIII Concentraci\u00f3n motera Ciudad de Calamonte, la cual se alarga a los d\u00edas 2 y 3, para acoger todo el fin de semana. De la mano del \u201cmoto club ah\u00ed va la liebre\u201d y el \u201cPub Pikate\u201d organizan el evento, en el que se comenzar\u00e1 el [&hellip;]<!-- AddThis Advanced Settings generic via filter on get_the_excerpt --><!-- AddThis Share Buttons generic via filter on get_the_excerpt --><\/p>\n","protected":false},"author":49,"featured_media":0,"comment_status":"open","ping_status":"closed","sticky":false,"template":"","format":"standard","meta":[],"categories":[13],"tags":[199,230,622,624,639],"_links":{"self":[{"href":"https:\/\/blogs.hoy.es\/moterosdehoy\/wp-json\/wp\/v2\/posts\/47"}],"collection":[{"href":"https:\/\/blogs.hoy.es\/moterosdehoy\/wp-json\/wp\/v2\/posts"}],"about":[{"href":"https:\/\/blogs.hoy.es\/moterosdehoy\/wp-json\/wp\/v2\/types\/post"}],"author":[{"embeddable":true,"href":"https:\/\/blogs.hoy.es\/moterosdehoy\/wp-json\/wp\/v2\/users\/49"}],"replies":[{"embeddable":true,"href":"https:\/\/blogs.hoy.es\/moterosdehoy\/wp-json\/wp\/v2\/comments?post=47"}],"version-history":[{"count":0,"href":"https:\/\/blogs.hoy.es\/moterosdehoy\/wp-json\/wp\/v2\/posts\/47\/revisions"}],"wp:attachment":[{"href":"https:\/\/blogs.hoy.es\/moterosdehoy\/wp-json\/wp\/v2\/media?parent=47"}],"wp:term":[{"taxonomy":"category","embeddable":true,"href":"https:\/\/blogs.hoy.es\/moterosdehoy\/wp-json\/wp\/v2\/categories?post=47"},{"taxonomy":"post_tag","embeddable":true,"href":"https:\/\/blogs.hoy.es\/moterosdehoy\/wp-json\/wp\/v2\/tags?post=47"}],"curies":[{"name":"wp","href":"https:\/\/api.w.org\/{rel}","templated":true}]}}