{"id":507,"date":"2012-11-05T18:15:27","date_gmt":"2012-11-05T18:15:27","guid":{"rendered":"http:\/\/blogs.hoy.es\/moterosdehoy\/?p=507"},"modified":"2012-11-05T18:15:27","modified_gmt":"2012-11-05T18:15:27","slug":"club-oficial-burgman-espana","status":"publish","type":"post","link":"https:\/\/blogs.hoy.es\/moterosdehoy\/2012\/11\/05\/club-oficial-burgman-espana\/","title":{"rendered":"Club Oficial Burgman Espa\u00f1a"},"content":{"rendered":"<p style=\"text-align: justify;\">\u00a0 \u00a0 Los conductores de las <a title=\"Suzuki Burgman\" href=\"https:\/\/blogs.hoy.es\/moterosdehoy\/2012\/11\/02\/suzuki-burgman\/\" target=\"_blank\">Suzuki Burgman<\/a> disponen de un club oficial a nivel estatal, dicho club fue <strong>fundado en el a\u00f1o 2.004 por Ricardo Garc\u00eda en Valencia<\/strong>, con la idea de reunir a usuarios del citado megascooter, que <strong>en la actualidad cuenta con unos 800 miembros<\/strong>.<\/p>\n<p style=\"text-align: justify;\"><strong><a href=\"\/moterosdehoy\/wp-content\/uploads\/sites\/45\/2012\/11\/Encuentro-de-Burgmaneros.jpg\"><img loading=\"lazy\" class=\"alignleft size-medium wp-image-509\" title=\"Encuentro de Burgmaneros\" src=\"\/moterosdehoy\/wp-content\/uploads\/sites\/45\/2012\/11\/Encuentro-de-Burgmaneros.jpg\" alt=\"\" width=\"300\" height=\"225\" srcset=\"https:\/\/static-blogs.hoy.es\/wp-content\/uploads\/sites\/45\/2012\/11\/Encuentro-de-Burgmaneros.jpg 4000w, https:\/\/static-blogs.hoy.es\/wp-content\/uploads\/sites\/45\/2012\/11\/Encuentro-de-Burgmaneros-300x225.jpg 300w, https:\/\/static-blogs.hoy.es\/wp-content\/uploads\/sites\/45\/2012\/11\/Encuentro-de-Burgmaneros-768x576.jpg 768w, https:\/\/static-blogs.hoy.es\/wp-content\/uploads\/sites\/45\/2012\/11\/Encuentro-de-Burgmaneros-1024x768.jpg 1024w\" sizes=\"(max-width: 300px) 100vw, 300px\" \/><\/a>\u00a0 El Club est\u00e1 dividido en Delegaciones Territoriales que coinciden con las Comunidades Aut\u00f3nomas<\/strong>, dependiendo de un Presidente, Vicepresidente que dirigen al club ayudado por Administradores, que junto a los moderadores globales constituyen la Junta Rectora donde se toman las decisiones que ata\u00f1en a la buena marcha del Club.<\/p>\n<p style=\"text-align: justify;\">\u00a0 \u00a0 \u00a0Cada delegaci\u00f3n cuenta con un Delegado que a su vez es auxiliado por moderadores, estando constituidas QUINCE delegaciones oficiales y otras <strong>DOS est\u00e1n en proyecto de formaci\u00f3n<\/strong>. Las delegaciones existentes son: Andaluc\u00eda, Arag\u00f3n, Asturias, Canarias, Cantabria, Castilla y Le\u00f3n, Catalu\u00f1a, Pa\u00eds Vasco, Extremadura, Baleares, La Rioja, Madrid, Murcia, Navarra y Valencia. Y las que est\u00e1n en proyecto de formaci\u00f3n son: <strong>Galicia y Castilla La Mancha<\/strong>.<\/p>\n<p style=\"text-align: justify;\">\u00a0 \u00a0 Mensualmente cada delegaci\u00f3n<!--more--> organiza UNA salida oficial dentro de su territorio, generalmente de un d\u00eda, uniendo contenido cultural y gastron\u00f3mico, a las que se inscriben de forma voluntaria los miembros del Club que lo deseen, independientemente de la delegaci\u00f3n a la que pertenezcan, o cualquier persona que posea una Suzuki Burgman que previamente haya contactado con el Club e inscrito en el listado publicado en el foro oficial. Igualmente en las salidas oficiales se contempla la figura del invitado (personal que no acude con una Burgman), pero siempre que no superen el 20% de miembros inscritos, al objeto de preservar la identidad del Club que no es otra que ser poseedor de una moto Burgman.<\/p>\n<p style=\"text-align: justify;\"><a href=\"\/moterosdehoy\/wp-content\/uploads\/sites\/45\/2012\/11\/Encuentro-de-Burgmans.jpg\"><img loading=\"lazy\" class=\"alignright size-thumbnail wp-image-510\" title=\"Encuentro de Burgmans\" src=\"\/moterosdehoy\/wp-content\/uploads\/sites\/45\/2012\/11\/Encuentro-de-Burgmans.jpg\" alt=\"\" width=\"150\" height=\"150\" \/><\/a>\u00a0 \u00a0Anualmente el Club organiza DOS salidas a nivel nacional coincidiendo con las estaciones de primavera y oto\u00f1o, teniendo una duraci\u00f3n de tres d\u00edas. Ya se han realizado DOCE concentraciones nacionales en lugares tan dispares como Calpe, Cantabria, Toledo, Caravaca de la Cruz, Medina del Campo, Antequera, Bilbao y recientemente celebrada la Oto\u00f1al en Barcelona, teniendo ya programada <strong>la pr\u00f3xima Primaveral que se celebrara en Madrid el pr\u00f3ximo 31, 1 y 2 de junio de 2013<\/strong>.<\/p>\n<p style=\"text-align: justify;\">\u00a0 \u00a0En verano aprovechando el periodo vacacional, tambi\u00e9n se suelen hacer viajes de mayor duraci\u00f3n, como <strong>en el a\u00f1o 2010 <\/strong>en el que <strong>20 miembros del Club viajaron por Europa hasta Austria en un viaje con diez d\u00edas de duraci\u00f3n<\/strong>.<\/p>\n<p style=\"text-align: justify;\"><strong>\u00a0 \u00a0El alma del Club es su <a title=\"Club Burgman Espa\u00f1a\" href=\"http:\/\/www.burgmanspain.org\/\" target=\"_blank\" rel=\"external nofollow\">p\u00e1gina web<\/a><\/strong>, desde donde se accede al <strong><a title=\"Acceso al foro del club Burgman Espa\u00f1a\" href=\"http:\/\/www.burgmanspain.org\/foro.html\" target=\"_blank\" rel=\"external nofollow\">foro<\/a><\/strong>. Contando con una afluencia de m\u00e1s de 6.000 usuarios, siendo el mayor foro del mundo de habla hispana sobre la Suzuki Burgman. El foro est\u00e1 dividido en secciones o apartados como son: presentaci\u00f3n de nuevos foreros, el mundo de la moto, foro de compra-venta, mec\u00e1nica, equipamiento del motero, talleres, comunicaci\u00f3n y prensa, etc. y cada uno de estos apartados es supervisado por unos responsables de secci\u00f3n para mantener su buen orden.<\/p>\n<p style=\"text-align: justify;\">\u00a0 Una de las mayores curiosidades es que <strong>para pertenecer al Club<\/strong> <strong>no es necesario abonar ninguna cuota<\/strong>, simplemente cumplir las siguientes <strong>condiciones:<\/strong><\/p>\n<ul>\n<li>Poseer una moto Suzuki Burgman en cualquiera de sus cilindradas.<\/li>\n<li>Registrarse y ser usuario del foro.<\/li>\n<li>Participar durante el a\u00f1o al menos en DOS salidas oficiales auton\u00f3micas o en UNA nacional.<\/li>\n<li>Vestir en las salidas oficiales la indumentaria del Club.<\/li>\n<li>Acatar las normas de b\u00e1sicas de convivencia y respeto hacia los dem\u00e1s.<\/li>\n<\/ul>\n<p style=\"text-align: justify;\"><strong>\u00a0 \u00a0La indumentaria oficial del Club consiste en un polo blanco de verano y uno negro de Invierno<\/strong>, donde van bordados los emblemas del club y el Nick. Tambi\u00e9n disponen de un chaleco identificativo de la Delegaci\u00f3n a la que se pertenece, pudiendo adquirir \u00e9stas prendas \u00fanicamente en la propia Boutique del Club.<\/p>\n<h2 style=\"text-align: justify;\">\u00a0<strong> \u00a0<span style=\"text-decoration: underline;\">La Delegaci\u00f3n de Extremadura<\/span><\/strong><\/h2>\n<p style=\"text-align: justify;\">\u00a0 \u00a0Tras varios meses de andadura y contactos por el foro, se decidi\u00f3 efectuar un encuentro entre integrantes extreme\u00f1os en la localidad de Plasencia (C\u00e1ceres), concretamente el 25\/09\/2010. Tras \u00e9ste encuentro y tras mucha elaboraci\u00f3n se decidi\u00f3 hacer una primera salida el 13\/10\/2011, realiz\u00e1ndose en C\u00e1ceres, donde aparecieron compa\u00f1eros de las Delegaciones de Andaluc\u00eda, Castilla y Le\u00f3n, y Madrid, dando un \u00faltimo impulso para que se constituyese la Delegaci\u00f3n de Extremadura.<\/p>\n<p style=\"text-align: justify;\">\u00a0 \u00a0Al observar que los contactos entre los extreme\u00f1os eran fluidos y con cada vez mas asistencia, la Junta Rectora del Club Burgman Espa\u00f1a decide darle el reconocimiento de Delegacion, nombrando Delegado del Club a Jos\u00e9 Carlos Ardila, con el Nick de \u201cJOYEN\u201d. El pasado 22\/01\/2012 se efectu\u00f3 la XIX Salida Oficial del Club Burgman Espa\u00f1a, ya de la mano de la Delegaci\u00f3n extreme\u00f1a.<\/p>\n<a href=\"\/moterosdehoy\/wp-content\/uploads\/sites\/45\/2012\/11\/CerdiBurg.jpg\"><img loading=\"lazy\" class=\"size-medium wp-image-508\" title=\"CerdiBurg\" src=\"\/moterosdehoy\/wp-content\/uploads\/sites\/45\/2012\/11\/CerdiBurg.jpg\" alt=\"\" width=\"300\" height=\"225\" srcset=\"https:\/\/static-blogs.hoy.es\/wp-content\/uploads\/sites\/45\/2012\/11\/CerdiBurg.jpg 2048w, https:\/\/static-blogs.hoy.es\/wp-content\/uploads\/sites\/45\/2012\/11\/CerdiBurg-300x225.jpg 300w, https:\/\/static-blogs.hoy.es\/wp-content\/uploads\/sites\/45\/2012\/11\/CerdiBurg-768x576.jpg 768w, https:\/\/static-blogs.hoy.es\/wp-content\/uploads\/sites\/45\/2012\/11\/CerdiBurg-1024x768.jpg 1024w\" sizes=\"(max-width: 300px) 100vw, 300px\" \/><\/a>\n<p style=\"text-align: justify;\"><strong>\u00a0 \u00a0 En la actualidad cuentan con 22 miembros y mascota<\/strong> de la Delegaci\u00f3n, a dicha mascota le han puesto el nombre de <strong>CerdiBurg<\/strong> y como se puede apreciar en la fotograf\u00eda es un cerdito de peluche, que no se pierde una y les acompa\u00f1a en las concentraciones.<\/p>\n<p style=\"text-align: justify;\">\u00a0 \u00a0De cara al futuro, la Delegaci\u00f3n de Extremadura tiene previsto para <strong>el pr\u00f3ximo 18 de noviembre de 2012<\/strong>, una salida oficial hacia <strong>C\u00e1ceres<\/strong>, donde se celebrar\u00e1 el <strong>primer Aniversario del Club Burgman Extremadura<\/strong> y para ello aprovechar\u00e1 el mercado medieval que se estar\u00e1 celebrando en la ciudad entre los d\u00edas 15 y 18, para as\u00ed continuar con su contenido cultural y gastron\u00f3mico.<\/p>\n<p style=\"text-align: justify;\"><strong>\u00a0 \u00a0 Saludos y r\u00e1fagas.<\/strong><\/p>\n<!-- AddThis Advanced Settings generic via filter on the_content --><!-- AddThis Share Buttons generic via filter on the_content -->","protected":false},"excerpt":{"rendered":"<p>\u00a0 \u00a0 Los conductores de las Suzuki Burgman disponen de un club oficial a nivel estatal, dicho club fue fundado en el a\u00f1o 2.004 por Ricardo Garc\u00eda en Valencia, con la idea de reunir a usuarios del citado megascooter, que en la actualidad cuenta con unos 800 miembros. \u00a0 El Club est\u00e1 dividido en Delegaciones [&hellip;]<!-- AddThis Advanced Settings generic via filter on get_the_excerpt --><!-- AddThis Share Buttons generic via filter on get_the_excerpt --><\/p>\n","protected":false},"author":49,"featured_media":0,"comment_status":"open","ping_status":"closed","sticky":false,"template":"","format":"standard","meta":[],"categories":[4,13],"tags":[175,331,622,629,639],"_links":{"self":[{"href":"https:\/\/blogs.hoy.es\/moterosdehoy\/wp-json\/wp\/v2\/posts\/507"}],"collection":[{"href":"https:\/\/blogs.hoy.es\/moterosdehoy\/wp-json\/wp\/v2\/posts"}],"about":[{"href":"https:\/\/blogs.hoy.es\/moterosdehoy\/wp-json\/wp\/v2\/types\/post"}],"author":[{"embeddable":true,"href":"https:\/\/blogs.hoy.es\/moterosdehoy\/wp-json\/wp\/v2\/users\/49"}],"replies":[{"embeddable":true,"href":"https:\/\/blogs.hoy.es\/moterosdehoy\/wp-json\/wp\/v2\/comments?post=507"}],"version-history":[{"count":0,"href":"https:\/\/blogs.hoy.es\/moterosdehoy\/wp-json\/wp\/v2\/posts\/507\/revisions"}],"wp:attachment":[{"href":"https:\/\/blogs.hoy.es\/moterosdehoy\/wp-json\/wp\/v2\/media?parent=507"}],"wp:term":[{"taxonomy":"category","embeddable":true,"href":"https:\/\/blogs.hoy.es\/moterosdehoy\/wp-json\/wp\/v2\/categories?post=507"},{"taxonomy":"post_tag","embeddable":true,"href":"https:\/\/blogs.hoy.es\/moterosdehoy\/wp-json\/wp\/v2\/tags?post=507"}],"curies":[{"name":"wp","href":"https:\/\/api.w.org\/{rel}","templated":true}]}}