{"id":535,"date":"2012-11-12T19:38:33","date_gmt":"2012-11-12T19:38:33","guid":{"rendered":"http:\/\/blogs.hoy.es\/moterosdehoy\/?p=535"},"modified":"2012-11-12T19:38:33","modified_gmt":"2012-11-12T19:38:33","slug":"ducati-club-extremadura","status":"publish","type":"post","link":"https:\/\/blogs.hoy.es\/moterosdehoy\/2012\/11\/12\/ducati-club-extremadura\/","title":{"rendered":"Ducati Club Extremadura"},"content":{"rendered":"<p style=\"text-align: justify;\">\u00a0 \u00a0Cada d\u00eda surgen m\u00e1s motoclubs, para unir amigos o aficionados a un determinado modelo de motocicleta o marca, y en Extremadura no vamos a ser menos, como es el caso del <strong><a title=\"P\u00e1gina oficial del D.O.C. Extremadua\" href=\"http:\/\/www.ducaticlubextremadura.es\/\" target=\"_blank\" rel=\"external nofollow\">Ducati Club Extremadura<\/a><\/strong>.<\/p>\n<p style=\"text-align: justify;\"><a href=\"\/moterosdehoy\/wp-content\/uploads\/sites\/45\/2012\/11\/Club-Ducati-Extremadura.jpg\"><img loading=\"lazy\" class=\"alignleft size-full wp-image-536\" title=\"Club Ducati Extremadura\" src=\"\/moterosdehoy\/wp-content\/uploads\/sites\/45\/2012\/11\/Club-Ducati-Extremadura.jpg\" alt=\"\" width=\"180\" height=\"166\" \/><\/a>\u00a0 \u00a0Desde hace varios a\u00f1os en <a title=\"Turismo en Extremadura\" href=\"http:\/\/www.turismoextremadura.com\/index.html;jsessionid=36b5i3mm20ocd\" target=\"_blank\" rel=\"external nofollow\">Extremadura<\/a> se ha intentado organizar reuniones, concentraciones de Ducati, siempre por separado y no con mucho \u00e9xito, pero todo cambi\u00f3 a partir de la 1\u00aa kdd Ducatista Extreme\u00f1a oficial, celebrada el 18 y 19 de abril de 2010 en la localidad de Villafranca de los Barros, donde a pesar del mal tiempo, se reuni\u00f3 un considerable grupo. Acudiendo ducatistas desde toda la regi\u00f3n extreme\u00f1a e incluso de fuera, como de Cantabria, Alicante o Toledo.<\/p>\n<p style=\"text-align: justify;\">\u00a0 \u00a0A partir de ah\u00ed se cre\u00f3 un v\u00ednculo, comenzando con quedadas de fin de semana con mayor frecuencia y una comida de Navidad para cerrar el a\u00f1o.<\/p>\n<p style=\"text-align: justify;\">\u00a0 \u00a0Posteriormente en 2011, se llev\u00f3 a cabo la 2\u00aa kdd Ducatista Extreme\u00f1a en la ciudad de M\u00e9rida, una ruta de fin de semana a Portugal, una carrera de karts y para cerrar el a\u00f1o, de nuevo la comida de Navidad.<\/p>\n<p style=\"text-align: justify;\">\u00a0 \u00a0Por fin el sue\u00f1o se hizo realidad y en este 2012 se cre\u00f3 el <strong>D.O.C.<\/strong> (Desmo owners club) <strong>Extremadura<\/strong>, con David Dur\u00e1n Romero como Presidente y considerada como una Asociaci\u00f3n Deportiva sin \u00e1nimo de lucro, con sede en C\/. Antonio Machado n\u00ba2, 2\u00ba A, de Villafranca de los Barros (Badajoz). Poniendo como Socio de Honor a <a title=\"P\u00e1gina oficial de Emilio Zamora\" href=\"http:\/\/www.emiliozamora.com\/officialsite\/\" target=\"_blank\" rel=\"external nofollow\">Emilio Zamora<\/a>, piloto de Ducati.<\/p>\n<div id=\"attachment_538\" style=\"width: 310px\" class=\"wp-caption alignright\"><a href=\"\/moterosdehoy\/wp-content\/uploads\/sites\/45\/2012\/11\/Ducatistas-en-Badajoz1.jpg\"><img aria-describedby=\"caption-attachment-538\" loading=\"lazy\" class=\"size-medium wp-image-538\" title=\"Ducatistas en Badajoz\" src=\"\/moterosdehoy\/wp-content\/uploads\/sites\/45\/2012\/11\/Ducatistas-en-Badajoz1.jpg\" alt=\"\" width=\"300\" height=\"168\" srcset=\"https:\/\/static-blogs.hoy.es\/wp-content\/uploads\/sites\/45\/2012\/11\/Ducatistas-en-Badajoz1.jpg 713w, https:\/\/static-blogs.hoy.es\/wp-content\/uploads\/sites\/45\/2012\/11\/Ducatistas-en-Badajoz1-300x169.jpg 300w\" sizes=\"(max-width: 300px) 100vw, 300px\" \/><\/a><p id=\"caption-attachment-538\" class=\"wp-caption-text\">Foto de la IX KDD Ciudad de Badajoz<\/p><\/div>\n<p style=\"text-align: justify;\">\u00a0 \u00a0 Para dar la bienvenida a los extreme\u00f1os al Ducati Club Espa\u00f1a, se celebr\u00f3 la <a title=\"IX KDD de Ducatistas a nivel nacional\" href=\"https:\/\/blogs.hoy.es\/moterosdehoy\/2012\/05\/25\/kedada-de-ducatistas-en-badajoz\/\" target=\"_blank\">IX KDD Ciudad de Badajoz<\/a>, concentraci\u00f3n a nivel nacional donde se reunieron Ducatistas de todos los puntos de la pen\u00ednsula.<\/p>\n<div class=\"mceTemp\"><span style=\"text-align: justify;\">\u00a0 \u00a0David Dur\u00e1n, define al Club como un grupo de amigos que adem\u00e1s de tener en com\u00fan el gusto por el mundo del motor, en especial el de las dos ruedas, comparten afici\u00f3n por una marca concreta, DUCATI.<\/span><\/div>\n<p style=\"text-align: justify;\">\u00a0 \u00a0Esta marca transalpina tan particular es a\u00fan hoy d\u00eda manufacturada (una a una), y se caracteriza por su peculiar motor bicil\u00edndrico en &#8220;L&#8221;, el desmodr\u00f3mico, lo que le impregna de su inconfundible sonido, siempre fiel representante de la tecnolog\u00eda de competici\u00f3n, las altas prestaciones y todo realizado con un dise\u00f1o inequ\u00edvocamente Ducati, con alta calidad en sus componentes.<\/p>\n<p style=\"text-align: justify;\">\u00a0 \u00a0Dentro del Ducati Club Extremadura no se hace ninguna discriminaci\u00f3n a ning\u00fan tipo de motocicleta, ya sea por tipo de moto o cilindrada, a pesar de existir bajo la marca modelos muy dispares.<\/p>\n<p style=\"text-align: justify;\">\u00a0 \u00a0 La actividad fundamental de Ducati Club Extremadura son las salidas en moto, que a trav\u00e9s de las quedadas se alargan con desayunos y comidas.<\/p>\n<p style=\"text-align: justify;\">\u00a0 \u00a0Si por algo se caracterizan, es <!--more-->porque en todas sus salidas se respetan las normas de circulaci\u00f3n vigentes, no cometiendo infracciones de ning\u00fan tipo, y por supuesto, no haciendo correr riesgos, ni para el que pilota la moto, ni para el grupo. Si deseas formar parte de ellos lo debes de tener claro, pues es un punto que llevan a rajatabla.<\/p>\n<p style=\"text-align: justify;\">\u00a0 \u00a0Sus m\u00e1quinas en general disponen de mucha potencia pero tienen claro que las carreteras no son un circuito y disfrutan de ellas a su manera, respetando la ley, del placer de viajar en moto y de la amistad que ello genera.<\/p>\n<p style=\"text-align: justify;\">\u00a0 \u00a0 En caso de asistencias masivas a salidas o concentraciones, se organizan grupos de salida para el beneficio de todos, evitando masificaciones en la carretera, con las consecuencias que pueda conllevar. Para ello, al inicio de la salida o concentraci\u00f3n, se definen unas personas que ser\u00e1n las que abran y cierren los grupos, de manera que nadie adelantar\u00e1 al que encabeza, salvo claro est\u00e1 por fuerza mayor, como por urgencia o accidente.<\/p>\n<p style=\"text-align: justify;\"><strong>\u00a0 \u00a0 Ventajas de ser miembro<\/strong> del Ducati Club Extremadura:<\/p>\n<ol>\n<li>Acceso prioritario a todos los eventos y actividades organizadas desde DCEx.<\/li>\n<li>Descuentos en los eventos y actividades organizadas desde DCEx, como rodadas, viajes\u2026<\/li>\n<li>Asesoramiento y tramitaci\u00f3n de incidencias de tu moto con Desmotron, el importador de Ducati (aver\u00edas, garant\u00edas\u2026).<\/li>\n<li>Descuentos en los productos y merchandising vendidos en su foro as\u00ed como en las tiendas de sus colaboradores.<\/li>\n<li>Descuentos en eventos organizados por otros Ducati Clubs.<\/li>\n<li>Acceso gratuito al museo Ducati.<\/li>\n<li>Descuentos en el Outlet de Bolognia.<\/li>\n<\/ol>\n<p style=\"text-align: justify;\">\u00a0 \u00a0Est\u00e1 claro que todo son ventajas y si dispones de una Ducati, como m\u00ednimo debes unirte a su foro, adem\u00e1s vivas donde vivas tendr\u00e1s colegas con gustos afines a los tuyos. Para que no te pierdas aqu\u00ed te dejo de nuevo acceso al <a title=\"Foro de Ducati en Extremadura\" href=\"http:\/\/www.ducaticlubextremadura.es\/index.php\/foro\/categorias\" target=\"_blank\" rel=\"external nofollow\">foro Ducati Extremadura<\/a>, y al <a title=\"Foro de Ducati Espa\u00f1a\" href=\"http:\/\/www.ducatistas.com\/foros\/\" target=\"_blank\" rel=\"external nofollow\">foro de Ducati Espa\u00f1a<\/a>.<\/p>\n<p style=\"text-align: justify;\"><strong>\u00a0 \u00a0 \u00a0<a title=\"Enlace al facebook de Moteros de HOY\" href=\"http:\/\/www.facebook.com\/moteroshoy?ref=hl\" target=\"_blank\" rel=\"external nofollow\">Saludos y r\u00e1fagas<\/a>.<\/strong><\/p>\n<!-- AddThis Advanced Settings generic via filter on the_content --><!-- AddThis Share Buttons generic via filter on the_content -->","protected":false},"excerpt":{"rendered":"<p>\u00a0 \u00a0Cada d\u00eda surgen m\u00e1s motoclubs, para unir amigos o aficionados a un determinado modelo de motocicleta o marca, y en Extremadura no vamos a ser menos, como es el caso del Ducati Club Extremadura. \u00a0 \u00a0Desde hace varios a\u00f1os en Extremadura se ha intentado organizar reuniones, concentraciones de Ducati, siempre por separado y no [&hellip;]<!-- AddThis Advanced Settings generic via filter on get_the_excerpt --><!-- AddThis Share Buttons generic via filter on get_the_excerpt --><\/p>\n","protected":false},"author":49,"featured_media":0,"comment_status":"open","ping_status":"closed","sticky":false,"template":"","format":"standard","meta":[],"categories":[13],"tags":[176,344,622,629,639],"_links":{"self":[{"href":"https:\/\/blogs.hoy.es\/moterosdehoy\/wp-json\/wp\/v2\/posts\/535"}],"collection":[{"href":"https:\/\/blogs.hoy.es\/moterosdehoy\/wp-json\/wp\/v2\/posts"}],"about":[{"href":"https:\/\/blogs.hoy.es\/moterosdehoy\/wp-json\/wp\/v2\/types\/post"}],"author":[{"embeddable":true,"href":"https:\/\/blogs.hoy.es\/moterosdehoy\/wp-json\/wp\/v2\/users\/49"}],"replies":[{"embeddable":true,"href":"https:\/\/blogs.hoy.es\/moterosdehoy\/wp-json\/wp\/v2\/comments?post=535"}],"version-history":[{"count":0,"href":"https:\/\/blogs.hoy.es\/moterosdehoy\/wp-json\/wp\/v2\/posts\/535\/revisions"}],"wp:attachment":[{"href":"https:\/\/blogs.hoy.es\/moterosdehoy\/wp-json\/wp\/v2\/media?parent=535"}],"wp:term":[{"taxonomy":"category","embeddable":true,"href":"https:\/\/blogs.hoy.es\/moterosdehoy\/wp-json\/wp\/v2\/categories?post=535"},{"taxonomy":"post_tag","embeddable":true,"href":"https:\/\/blogs.hoy.es\/moterosdehoy\/wp-json\/wp\/v2\/tags?post=535"}],"curies":[{"name":"wp","href":"https:\/\/api.w.org\/{rel}","templated":true}]}}