{"id":54,"date":"2012-06-02T09:30:04","date_gmt":"2012-06-02T09:30:04","guid":{"rendered":"http:\/\/blogs.hoy.es\/moterosdehoy\/?p=54"},"modified":"2012-06-02T09:30:04","modified_gmt":"2012-06-02T09:30:04","slug":"para-relajarse-pin-up","status":"publish","type":"post","link":"https:\/\/blogs.hoy.es\/moterosdehoy\/2012\/06\/02\/para-relajarse-pin-up\/","title":{"rendered":"Para relajarse &#8211; Pin Up"},"content":{"rendered":"<p style=\"text-align: justify;\">Hoy es s\u00e1bado y estamos en pleno fin de semana, habr\u00e1 gente que tenga que trabajar (como yo) y otros que teng\u00e1is libre el fin de semana, bueno, pues para todos os dedico el siguiente enlace <strong>para relajar la mente<\/strong>, espero que os guste, si ten\u00e9is altavoces darles ca\u00f1a.<\/p>\n<p><iframe loading=\"lazy\" src=\"\/\/www.youtube.com\/embed\/Tk7FoQATgkQ\" frameborder=\"0\" width=\"640\" height=\"360\"><\/iframe><\/p>\n<p><strong>\u00a0 \u00a0Saludos y r\u00e1fagas.<\/strong><\/p>\n<!-- AddThis Advanced Settings generic via filter on the_content --><!-- AddThis Share Buttons generic via filter on the_content -->","protected":false},"excerpt":{"rendered":"<p>Hoy es s\u00e1bado y estamos en pleno fin de semana, habr\u00e1 gente que tenga que trabajar (como yo) y otros que teng\u00e1is libre el fin de semana, bueno, pues para todos os dedico el siguiente enlace para relajar la mente, espero que os guste, si ten\u00e9is altavoces darles ca\u00f1a. \u00a0 \u00a0Saludos y r\u00e1fagas.<!-- AddThis Advanced Settings generic via filter on get_the_excerpt --><!-- AddThis Share Buttons generic via filter on get_the_excerpt --><\/p>\n","protected":false},"author":49,"featured_media":0,"comment_status":"open","ping_status":"closed","sticky":false,"template":"","format":"standard","meta":[],"categories":[4,13],"tags":[622,639,780],"_links":{"self":[{"href":"https:\/\/blogs.hoy.es\/moterosdehoy\/wp-json\/wp\/v2\/posts\/54"}],"collection":[{"href":"https:\/\/blogs.hoy.es\/moterosdehoy\/wp-json\/wp\/v2\/posts"}],"about":[{"href":"https:\/\/blogs.hoy.es\/moterosdehoy\/wp-json\/wp\/v2\/types\/post"}],"author":[{"embeddable":true,"href":"https:\/\/blogs.hoy.es\/moterosdehoy\/wp-json\/wp\/v2\/users\/49"}],"replies":[{"embeddable":true,"href":"https:\/\/blogs.hoy.es\/moterosdehoy\/wp-json\/wp\/v2\/comments?post=54"}],"version-history":[{"count":0,"href":"https:\/\/blogs.hoy.es\/moterosdehoy\/wp-json\/wp\/v2\/posts\/54\/revisions"}],"wp:attachment":[{"href":"https:\/\/blogs.hoy.es\/moterosdehoy\/wp-json\/wp\/v2\/media?parent=54"}],"wp:term":[{"taxonomy":"category","embeddable":true,"href":"https:\/\/blogs.hoy.es\/moterosdehoy\/wp-json\/wp\/v2\/categories?post=54"},{"taxonomy":"post_tag","embeddable":true,"href":"https:\/\/blogs.hoy.es\/moterosdehoy\/wp-json\/wp\/v2\/tags?post=54"}],"curies":[{"name":"wp","href":"https:\/\/api.w.org\/{rel}","templated":true}]}}