{"id":540,"date":"2012-11-14T16:34:21","date_gmt":"2012-11-14T16:34:21","guid":{"rendered":"http:\/\/blogs.hoy.es\/moterosdehoy\/?p=540"},"modified":"2012-11-14T16:34:21","modified_gmt":"2012-11-14T16:34:21","slug":"ii-reunion-de-vespas-y-motos-clasicas-ciudad-de-badajoz","status":"publish","type":"post","link":"https:\/\/blogs.hoy.es\/moterosdehoy\/2012\/11\/14\/ii-reunion-de-vespas-y-motos-clasicas-ciudad-de-badajoz\/","title":{"rendered":"II Reuni\u00f3n de Vespas y motos Cl\u00e1sicas Ciudad de Badajoz"},"content":{"rendered":"<p style=\"text-align: justify;\">\u00a0 \u00a0Tras el \u00e9xito de la <a title=\"I Reuni\u00f3n de Vespas y motos Cl\u00e1sicas Ciudad de Badajoz\" href=\"https:\/\/blogs.hoy.es\/moterosdehoy\/2012\/10\/15\/i-reunion-de-vespas-y-motos-clasicas-en-badajoz\/\" target=\"_blank\">primera reuni\u00f3n de Vespas y motos Cl\u00e1sicas<\/a> celebrada en Badajoz el pasado d\u00eda 28 de octubre, tal y como anunciaron desde el Vespa Club Extemadura, con la intenci\u00f3n de reunirse todos los \u00faltimos domingos de cada mes, el <strong>25 de noviembre 2012<\/strong> dar\u00e1 lugar la <strong>II Reuni\u00f3n de Vespas y motos Cl\u00e1sicas<\/strong>.<\/p>\n<p style=\"text-align: justify;\"><a href=\"\/moterosdehoy\/wp-content\/uploads\/sites\/45\/2012\/11\/IMG_1731.jpg\"><img loading=\"lazy\" class=\"alignleft size-medium wp-image-541\" title=\"IMG_1731\" src=\"\/moterosdehoy\/wp-content\/uploads\/sites\/45\/2012\/11\/IMG_1731.jpg\" alt=\"\" width=\"300\" height=\"199\" srcset=\"https:\/\/static-blogs.hoy.es\/wp-content\/uploads\/sites\/45\/2012\/11\/IMG_1731.jpg 640w, https:\/\/static-blogs.hoy.es\/wp-content\/uploads\/sites\/45\/2012\/11\/IMG_1731-300x200.jpg 300w\" sizes=\"(max-width: 300px) 100vw, 300px\" \/><\/a>\u00a0 \u00a0 De nuevo el <strong>punto de reuni\u00f3n ser\u00e1 en la Plaza Alta de Badajoz<\/strong> y seg\u00fan parece, la iniciativa de reunir a las Vespas y motos Cl\u00e1sicas en Badajoz, no solo se repite sino que se mejora.<\/p>\n<p style=\"text-align: justify;\">\u00a0 \u00a0 En esta ocasi\u00f3n <strong>realizar\u00e1n una ruta por fuera de la ciudad, en la que se dirigir\u00e1n a la Ermita de Botoa<\/strong>, con <strong>posterior paseo por Badajoz<\/strong>, para terminar en Puerta Palmas y tomar un aperitivo en la bocater\u00eda <a title=\"Bocater\u00eda Zampabollos\" href=\"https:\/\/es.foursquare.com\/v\/bocateria-zampabollos\/4e0b8d45ae60e479ada1515c\" target=\"_blank\" rel=\"external nofollow\">&#8220;Zampabollos&#8221;<\/a>.<\/p>\n<p style=\"text-align: justify;\">\u00a0 \u00a0 Est\u00e1 claro que no solo quieren darse a conocer a trav\u00e9s de los medios, sino mostrando sus Vespas por toda la ciudad.<\/p>\n<p style=\"text-align: justify;\"><strong>\u00a0 \u00a0<a title=\"Enlace al facebook de Moteros de HOY\" href=\"http:\/\/www.facebook.com\/moteroshoy?ref=hl\" target=\"_blank\" rel=\"external nofollow\"> Saludos y r\u00e1fagas<\/a>.<\/strong><\/p>\n<!-- AddThis Advanced Settings generic via filter on the_content --><!-- AddThis Share Buttons generic via filter on the_content -->","protected":false},"excerpt":{"rendered":"<p>\u00a0 \u00a0Tras el \u00e9xito de la primera reuni\u00f3n de Vespas y motos Cl\u00e1sicas celebrada en Badajoz el pasado d\u00eda 28 de octubre, tal y como anunciaron desde el Vespa Club Extemadura, con la intenci\u00f3n de reunirse todos los \u00faltimos domingos de cada mes, el 25 de noviembre 2012 dar\u00e1 lugar la II Reuni\u00f3n de Vespas [&hellip;]<!-- AddThis Advanced Settings generic via filter on get_the_excerpt --><!-- AddThis Share Buttons generic via filter on get_the_excerpt --><\/p>\n","protected":false},"author":49,"featured_media":0,"comment_status":"open","ping_status":"closed","sticky":false,"template":"","format":"standard","meta":[],"categories":[13],"tags":[495,622,629,639],"_links":{"self":[{"href":"https:\/\/blogs.hoy.es\/moterosdehoy\/wp-json\/wp\/v2\/posts\/540"}],"collection":[{"href":"https:\/\/blogs.hoy.es\/moterosdehoy\/wp-json\/wp\/v2\/posts"}],"about":[{"href":"https:\/\/blogs.hoy.es\/moterosdehoy\/wp-json\/wp\/v2\/types\/post"}],"author":[{"embeddable":true,"href":"https:\/\/blogs.hoy.es\/moterosdehoy\/wp-json\/wp\/v2\/users\/49"}],"replies":[{"embeddable":true,"href":"https:\/\/blogs.hoy.es\/moterosdehoy\/wp-json\/wp\/v2\/comments?post=540"}],"version-history":[{"count":0,"href":"https:\/\/blogs.hoy.es\/moterosdehoy\/wp-json\/wp\/v2\/posts\/540\/revisions"}],"wp:attachment":[{"href":"https:\/\/blogs.hoy.es\/moterosdehoy\/wp-json\/wp\/v2\/media?parent=540"}],"wp:term":[{"taxonomy":"category","embeddable":true,"href":"https:\/\/blogs.hoy.es\/moterosdehoy\/wp-json\/wp\/v2\/categories?post=540"},{"taxonomy":"post_tag","embeddable":true,"href":"https:\/\/blogs.hoy.es\/moterosdehoy\/wp-json\/wp\/v2\/tags?post=540"}],"curies":[{"name":"wp","href":"https:\/\/api.w.org\/{rel}","templated":true}]}}