{"id":545,"date":"2012-11-18T10:14:27","date_gmt":"2012-11-18T10:14:27","guid":{"rendered":"http:\/\/blogs.hoy.es\/moterosdehoy\/?p=545"},"modified":"2012-11-18T10:14:27","modified_gmt":"2012-11-18T10:14:27","slug":"primer-encuentro-motero-solidario-ciudad-de-badajoz","status":"publish","type":"post","link":"https:\/\/blogs.hoy.es\/moterosdehoy\/2012\/11\/18\/primer-encuentro-motero-solidario-ciudad-de-badajoz\/","title":{"rendered":"Primer encuentro motero Solidario Ciudad de Badajoz"},"content":{"rendered":"<p style=\"text-align: justify;\">\u00a0 \u00a0 Son muchas las ciudades o poblaciones en las que existen moteros que bien por la diferente configuraci\u00f3n de sus motos o simplemente porque no se ponen de acuerdo, deciden de no pertenecer a grupos o pe\u00f1as moteras, o incluso se forman varias en lugar de una grande. Es m\u00e1s f\u00e1cil conseguir gustos afines en un grupo peque\u00f1o, que en uno muy numeroso.<\/p>\n<div id=\"attachment_547\" style=\"width: 310px\" class=\"wp-caption alignleft\"><a href=\"\/moterosdehoy\/wp-content\/uploads\/sites\/45\/2012\/11\/Reuni\u00f3n-para-encuentro-solidario1.jpg\"><img aria-describedby=\"caption-attachment-547\" loading=\"lazy\" class=\"size-medium wp-image-547\" title=\"Reuni\u00f3n para encuentro solidario\" src=\"\/moterosdehoy\/wp-content\/uploads\/sites\/45\/2012\/11\/Reuni\u00f3n-para-encuentro-solidario1.jpg\" alt=\"\" width=\"300\" height=\"224\" srcset=\"https:\/\/static-blogs.hoy.es\/wp-content\/uploads\/sites\/45\/2012\/11\/Reuni\u00f3n-para-encuentro-solidario1.jpg 901w, https:\/\/static-blogs.hoy.es\/wp-content\/uploads\/sites\/45\/2012\/11\/Reuni\u00f3n-para-encuentro-solidario1-300x224.jpg 300w, https:\/\/static-blogs.hoy.es\/wp-content\/uploads\/sites\/45\/2012\/11\/Reuni\u00f3n-para-encuentro-solidario1-768x574.jpg 768w\" sizes=\"(max-width: 300px) 100vw, 300px\" \/><\/a><p id=\"caption-attachment-547\" class=\"wp-caption-text\">Reuni\u00f3n para encuentro solidario<\/p><\/div>\n<p style=\"text-align: justify;\">\u00a0 \u00a0 Pero en <a title=\"P\u00e1gina del Ayuntamiento de Badajoz\" href=\"http:\/\/www.aytobadajoz.es\/es\/ayto\/portada\" target=\"_blank\" rel=\"external nofollow\">Badajoz<\/a> y de cara a la navidad, <strong>se han reunido varias pe\u00f1as y motoclubs de la localidad<\/strong>. Tuvo lugar ayer d\u00eda 17 de noviembre, en el \u201c<a title=\"P\u00e1gina del \"B\u00e1\" de Fran\" href=\"http:\/\/badajoz.portaldetuciudad.com\/bares-de-canas\/el-ba-de-fran\/002_59083.html\" target=\"_blank\" rel=\"external nofollow\">B\u00e1 de Fran<\/a>\u201d, restaurante de asidua visita por los moteros, donde se reunieron representantes de la <strong><a title=\"Enlace al blog de la Pe\u00f1a motera Espantaperros\" href=\"http:\/\/espantaperros.blogspot.com.es\/\" target=\"_blank\" rel=\"external nofollow\">Pe\u00f1a Espantaperros<\/a>, <a title=\"Enlace al foro del Sektor Oscuro\" href=\"http:\/\/www.sektores.com\/foro\/forumdisplay.php?f=71\" target=\"_blank\" rel=\"external nofollow\">Sektor Oscuro<\/a>, <a title=\"Enlace al foro del Sektor Belloto\" href=\"http:\/\/www.sektores.com\/foro\/forumdisplay.php?f=48\" target=\"_blank\" rel=\"external nofollow\">Sektor Belloto<\/a>, <a title=\"Enlace al facebook de la Bellota Carenada\" href=\"http:\/\/www.facebook.com\/penamotera.labellotacarenada\" target=\"_blank\" rel=\"external nofollow\">Pe\u00f1a Motera la Bellota Carenada<\/a>, <a title=\"Enlace a la p\u00e1gina del Motoclub Laguna Seca\" href=\"http:\/\/www.motoclublagunasecaextremadura.es\/\" target=\"_blank\" rel=\"external nofollow\">Motoclub Laguna Seca<\/a>, <a title=\"Enlace a la p\u00e1gina de la PMSV\" href=\"http:\/\/www.pmsv.org\/\" target=\"_blank\" rel=\"external nofollow\">Plataforma Motera de la Seguridad Vial<\/a><\/strong> y como no, <strong><a title=\"Enlace al facebook de Moteros de HOY\" href=\"http:\/\/www.facebook.com\/moterosdehoy\" target=\"_blank\" rel=\"external nofollow\">Moteros de Hoy<\/a><\/strong>.<\/p>\n<p style=\"text-align: justify;\">\u00a0 \u00a0 \u00a0Tras el gran \u00e9xito de la <a title=\"I Kedada motera Ciudad de Badajoz\" href=\"https:\/\/blogs.hoy.es\/moterosdehoy\/2012\/09\/27\/kedada-motera-en-badajoz\/\" target=\"_blank\">1\u00aa kedada motera en Badajoz<\/a>, se ha pensado en realizar un gran encuentro donde sus fines sean ben\u00e9ficos, por lo que se realizar\u00e1 el \u201c<strong><a title=\"Enlace al evento creado en facebook\" href=\"http:\/\/www.facebook.com\/events\/211495808984739\/\" target=\"_blank\" rel=\"external nofollow\">PRIMER ENCUENTRO MOTERO SOLIDARIO CIUDAD DE BADAJOZ<\/a><\/strong>\u201d, procurando que participen el mayor n\u00famero posible de pe\u00f1as y clubs moteros, adem\u00e1s de colaboradores.<\/p>\n<div id=\"attachment_549\" style=\"width: 225px\" class=\"wp-caption alignright\"><a href=\"\/moterosdehoy\/wp-content\/uploads\/sites\/45\/2012\/11\/I-Encuentro-Motero-Solidario-Ciudad-de-Badajoz.jpg\"><img aria-describedby=\"caption-attachment-549\" loading=\"lazy\" class=\"size-medium wp-image-549\" title=\"I Encuentro Motero Solidario Ciudad de Badajoz\" src=\"\/moterosdehoy\/wp-content\/uploads\/sites\/45\/2012\/11\/I-Encuentro-Motero-Solidario-Ciudad-de-Badajoz.jpg\" alt=\"\" width=\"215\" height=\"300\" srcset=\"https:\/\/static-blogs.hoy.es\/wp-content\/uploads\/sites\/45\/2012\/11\/I-Encuentro-Motero-Solidario-Ciudad-de-Badajoz.jpg 867w, https:\/\/static-blogs.hoy.es\/wp-content\/uploads\/sites\/45\/2012\/11\/I-Encuentro-Motero-Solidario-Ciudad-de-Badajoz-215x300.jpg 215w, https:\/\/static-blogs.hoy.es\/wp-content\/uploads\/sites\/45\/2012\/11\/I-Encuentro-Motero-Solidario-Ciudad-de-Badajoz-768x1071.jpg 768w, https:\/\/static-blogs.hoy.es\/wp-content\/uploads\/sites\/45\/2012\/11\/I-Encuentro-Motero-Solidario-Ciudad-de-Badajoz-734x1024.jpg 734w\" sizes=\"(max-width: 215px) 100vw, 215px\" \/><\/a><p id=\"caption-attachment-549\" class=\"wp-caption-text\">Cartel del Encuentro Motero Solidario<\/p><\/div>\n<p style=\"text-align: justify;\">\u00a0 \u00a0 \u00a0En principio la idea es realizar <!--more-->un encuentro <strong>el d\u00eda 16 de diciembre de 2012, en la Plaza Alta de Badajoz<\/strong>, donde acudir\u00e1n todos los moteros unidos en una ruta por la ciudad tras desayunar en el Restaurante Laguna Seca. En dicha Plaza se procurar\u00e1 que hayan diversos stands moteros y para que no sea solo un acto motero, ya que se trata de un evento solidario, se realizar\u00e1n varias actividades l\u00fadicas, como un pasacalles, magia para los ni\u00f1os, incluso y por el car\u00e1cter carnavalero de Badajoz una murga y una comparsa, para que realice una tamborada.<\/p>\n<p style=\"text-align: justify;\">\u00a0 \u00a0 Hasta el d\u00eda 10 de diciembre estar\u00e1 abierto el plazo de inscripci\u00f3n por un <strong>precio de 10\u20ac<\/strong>. Donde 5\u20ac dar\u00e1 derecho a una comida en el Hollister Club de Badajoz y los otros <strong>5\u20ac ser\u00e1n designados a fines ben\u00e9ficos<\/strong>.<\/p>\n<p style=\"text-align: justify;\">\u00a0 \u00a0 Los que quieran colaborar s\u00f3lo como acto ben\u00e9fico podr\u00e1n hacerlo con una inscripci\u00f3n de 5\u20ac. Adem\u00e1s para engordar la ayuda solidaria, est\u00e1 en estudio realizar papeletas y ponerlo en conocimiento de colaboradores, para que faciliten o bien material que se sortear\u00e1 en el lugar o cantidades econ\u00f3micas.<\/p>\n<p style=\"text-align: justify;\">\u00a0 \u00a0A\u00fan no est\u00e1 definido a que causa ir\u00eda destinado el beneficio que se obtenga, dependiendo a su vez de la magnitud que pueda llegar a tomar el evento. Pudiendo ser de car\u00e1cter local, provincial o estatal.<\/p>\n<p style=\"text-align: justify;\">\u00a0 \u00a0<strong>Si est\u00e1s interesado en participar<\/strong> y perteneces a alg\u00fan Club o Pe\u00f1a Motera, hazlo saber a tu presidente para que a trav\u00e9s de \u00e9l se ponga en contacto con alguno de los que lo organizan. <strong>Tanto si perteneces a un grupo organizado como si eres independiente o simplemente no posees moto<\/strong>, se ha creado un evento en facebook de \u201cMoteros de Hoy\u201d donde <strong>puedes apuntarte<\/strong>.<\/p>\n<p style=\"text-align: justify;\">\u00a0 \u00a0Para finalizar los actos en la Plaza Alta, los moteros saldr\u00e1n de nuevo en una ruta por ciudad hasta el Hollister Custom Club (sito en el Pol\u00edgono del Nevero, entre Tubasa y el antiguo Praia), donde realizar\u00e1n la comida a base de <strong>parrillada<\/strong>, los inscritos a la comida y que no dispongan de moto tendr\u00e1n que desplazarse por sus propios medios.<\/p>\n<p style=\"text-align: justify;\"><strong>\u00a0 \u00a0 <a title=\"Enlace a Moteros de Hoy\" href=\"http:\/\/www.facebook.com\/moteroshoy?ref=hl\" target=\"_blank\" rel=\"external nofollow\">Saludos y r\u00e1fagas<\/a>.\u00a0<\/strong><\/p>\n<!-- AddThis Advanced Settings generic via filter on the_content --><!-- AddThis Share Buttons generic via filter on the_content -->","protected":false},"excerpt":{"rendered":"<p>\u00a0 \u00a0 Son muchas las ciudades o poblaciones en las que existen moteros que bien por la diferente configuraci\u00f3n de sus motos o simplemente porque no se ponen de acuerdo, deciden de no pertenecer a grupos o pe\u00f1as moteras, o incluso se forman varias en lugar de una grande. Es m\u00e1s f\u00e1cil conseguir gustos afines [&hellip;]<!-- AddThis Advanced Settings generic via filter on get_the_excerpt --><!-- AddThis Share Buttons generic via filter on get_the_excerpt --><\/p>\n","protected":false},"author":49,"featured_media":0,"comment_status":"open","ping_status":"closed","sticky":false,"template":"","format":"standard","meta":[],"categories":[13],"tags":[],"_links":{"self":[{"href":"https:\/\/blogs.hoy.es\/moterosdehoy\/wp-json\/wp\/v2\/posts\/545"}],"collection":[{"href":"https:\/\/blogs.hoy.es\/moterosdehoy\/wp-json\/wp\/v2\/posts"}],"about":[{"href":"https:\/\/blogs.hoy.es\/moterosdehoy\/wp-json\/wp\/v2\/types\/post"}],"author":[{"embeddable":true,"href":"https:\/\/blogs.hoy.es\/moterosdehoy\/wp-json\/wp\/v2\/users\/49"}],"replies":[{"embeddable":true,"href":"https:\/\/blogs.hoy.es\/moterosdehoy\/wp-json\/wp\/v2\/comments?post=545"}],"version-history":[{"count":0,"href":"https:\/\/blogs.hoy.es\/moterosdehoy\/wp-json\/wp\/v2\/posts\/545\/revisions"}],"wp:attachment":[{"href":"https:\/\/blogs.hoy.es\/moterosdehoy\/wp-json\/wp\/v2\/media?parent=545"}],"wp:term":[{"taxonomy":"category","embeddable":true,"href":"https:\/\/blogs.hoy.es\/moterosdehoy\/wp-json\/wp\/v2\/categories?post=545"},{"taxonomy":"post_tag","embeddable":true,"href":"https:\/\/blogs.hoy.es\/moterosdehoy\/wp-json\/wp\/v2\/tags?post=545"}],"curies":[{"name":"wp","href":"https:\/\/api.w.org\/{rel}","templated":true}]}}