{"id":550,"date":"2012-11-20T21:04:05","date_gmt":"2012-11-20T21:04:05","guid":{"rendered":"http:\/\/blogs.hoy.es\/moterosdehoy\/?p=550"},"modified":"2012-11-20T21:04:05","modified_gmt":"2012-11-20T21:04:05","slug":"pinguinos-2013","status":"publish","type":"post","link":"https:\/\/blogs.hoy.es\/moterosdehoy\/2012\/11\/20\/pinguinos-2013\/","title":{"rendered":"Ping\u00fcinos 2013"},"content":{"rendered":"<h2 style=\"text-align: justify;\">\u00a0 \u00a0 Ya est\u00e1n abiertas las inscripciones para Ping\u00fcinos 2013<\/h2>\n<p style=\"text-align: justify;\">\u00a0 \u00a0Los d\u00edas <strong>entre el 10 y el 13 de enero de 2013<\/strong>, tendr\u00e1 lugar la <strong>32\u00aa Concentraci\u00f3n Motorista Invernal Internacional \u201c<a title=\"Enlace a la p\u00e1gina oficial de Ping\u00fcinos\" href=\"http:\/\/62.193.193.75\/principal2012\/principal.htm\" target=\"_blank\" rel=\"external nofollow\">Ping\u00fcinos 2013<\/a>\u201d<\/strong>, como ya es costumbre tendr\u00e1 lugar en <a title=\"Puente Duero en Wikipedia\" href=\"http:\/\/es.wikipedia.org\/wiki\/Puente_Duero\" target=\"_blank\" rel=\"external nofollow\">Puente Duero<\/a> (<a title=\"P\u00e1gina del Ayuntamiento de Valladolid\" href=\"http:\/\/www.valladolid.es\/es\" target=\"_blank\" rel=\"external nofollow\">Valladolid<\/a>) Espa\u00f1a. <strong>Declarada \u201cFiesta de inter\u00e9s tur\u00edstico regional\u201d<\/strong>.<\/p>\n<p style=\"text-align: justify;\">\u00a0 \u00a0 En 1982 el <strong>Club Turismoto<\/strong> decidi\u00f3 romper con las concentraciones moteras en el buen tiempo, desafiando al\u00a0fr\u00edo\u00a0estepario del invierno castellano, y cogiendo el relevo de la conocida concentraci\u00f3n motera \u201cHIPO\u201d, as\u00ed organiz\u00f3 la primera edici\u00f3n de Ping\u00fcinos en la localidad de <a title=\"P\u00e1gina de Herrera de Duero\" href=\"http:\/\/www.pueblos-espana.org\/castilla+y+leon\/valladolid\/herrera+de+duero\/\" target=\"_blank\" rel=\"external nofollow\">Herrera de Duero<\/a>, en la que tuvo 320 inscritos. Nada que ver con los <strong>26.715 inscritos de la edici\u00f3n anterior<\/strong>.<\/p>\n<div class=\"mceTemp\">\n<div id=\"attachment_553\" style=\"width: 310px\" class=\"wp-caption alignleft\"><a href=\"\/moterosdehoy\/wp-content\/uploads\/sites\/45\/2012\/11\/Photocall-de-Ping\u00fcinos.jpg\"><img aria-describedby=\"caption-attachment-553\" loading=\"lazy\" class=\"size-medium wp-image-553\" title=\"Photocall de Ping\u00fcinos\" src=\"\/moterosdehoy\/wp-content\/uploads\/sites\/45\/2012\/11\/Photocall-de-Ping\u00fcinos.jpg\" alt=\"\" width=\"300\" height=\"200\" srcset=\"https:\/\/static-blogs.hoy.es\/wp-content\/uploads\/sites\/45\/2012\/11\/Photocall-de-Ping\u00fcinos.jpg 4272w, https:\/\/static-blogs.hoy.es\/wp-content\/uploads\/sites\/45\/2012\/11\/Photocall-de-Ping\u00fcinos-300x200.jpg 300w, https:\/\/static-blogs.hoy.es\/wp-content\/uploads\/sites\/45\/2012\/11\/Photocall-de-Ping\u00fcinos-768x512.jpg 768w, https:\/\/static-blogs.hoy.es\/wp-content\/uploads\/sites\/45\/2012\/11\/Photocall-de-Ping\u00fcinos-1024x683.jpg 1024w\" sizes=\"(max-width: 300px) 100vw, 300px\" \/><\/a><p id=\"caption-attachment-553\" class=\"wp-caption-text\">Photocall de Ping\u00fcinos<\/p><\/div>\n<p><span style=\"text-align: justify;\">\u00a0 \u00a0 Seg\u00fan el propio Club la idea principal es la de convocar a los verdaderos aficionados, esos que utilizan la moto en toda \u00e9poca del a\u00f1o, a reunirse en un pinar junto al <\/span><a style=\"text-align: justify;\" title=\"R\u00edo Duero\" href=\"http:\/\/es.wikipedia.org\/wiki\/Duero\" target=\"_blank\" rel=\"external nofollow\">Duero<\/a><span style=\"text-align: justify;\">, pr\u00f3ximo a Valladolid, para compartir hoguera, viandas y vino.<\/span><\/p>\n<\/div>\n<p style=\"text-align: justify;\">\u00a0 \u00a0 Desde aquella primera edici\u00f3n, ha ido cambiando de emplazamiento en varias ocasiones, pero siempre entablada en las proximidades de Valladolid y todos los a\u00f1os se ha ido repitiendo, siendo la del 2013 nada menos que la 32\u00aa, teniendo gran m\u00e9rito, dado que en las fechas que se realiza suele hacer bastante frio, incluso han sufrido nevadas, de ah\u00ed el nombre de Ping\u00fcinos.<\/p>\n<p style=\"text-align: justify;\">\u00a0 \u00a0 La organizaci\u00f3n a\u00fan no ha facilitado informaci\u00f3n de los conciertos musicales (el a\u00f1o pasado estuvieron los <a title=\"P\u00e1gina de los Mojinos Escocios\" href=\"http:\/\/www.mojinos.com\/\" target=\"_blank\" rel=\"external nofollow\">Mojinos Escocios<\/a>), de los espect\u00e1culos de stunt y de quienes ser\u00e1n los presentadores de las campanadas de la Nochevieja Ping\u00fcinera. Pero ya ha facilitado los precios y el programa.<\/p>\n<p style=\"text-align: justify;\"><strong>\u00a0 \u00a0 \u00a0El precio de la inscripci\u00f3n<\/strong> ya por cuarto a\u00f1o consecutivo es de <strong>25\u20ac<\/strong>, pudiendo realizar la inscripci\u00f3n <strong>anticipada<\/strong> hasta el 1 de diciembre por <strong>20\u20ac<\/strong>, y de esa fecha al 31 de diciembre por <strong>22\u20ac<\/strong>. Sin vas en grupo y realiz\u00e1is m\u00e1s de 10 inscripciones hasta el 31 de diciembre tendr\u00e1s el precio reducido de 20\u20ac, con la ventaja de recibir los Pack Ping\u00fcinos en tu domicilio. Si quieres m\u00e1s informaci\u00f3n para inscribirte haz <a title=\"Informaci\u00f3n de la Concentraci\u00f3n de Ping\u00fcinos\" href=\"http:\/\/62.193.193.75\/informacion.htm\" target=\"_blank\" rel=\"external nofollow\">click aqu\u00ed<\/a>. Y si quieres ver el <strong><a title=\"Enlace al programa de Ping\u00fcinos 2013\" href=\"http:\/\/62.193.193.75\/programa.htm\" target=\"_blank\" rel=\"external nofollow\">programa aqu\u00ed<\/a><\/strong>.<!--more--><\/p>\n<p style=\"text-align: justify;\">\u00a0 \u00a0 El <strong>PACK PING\u00dcINOS<\/strong>, consiste en:<\/p>\n<div id=\"attachment_554\" style=\"width: 286px\" class=\"wp-caption alignright\"><a href=\"\/moterosdehoy\/wp-content\/uploads\/sites\/45\/2012\/11\/logo-Pinguinos.jpg\"><img aria-describedby=\"caption-attachment-554\" loading=\"lazy\" class=\"size-full wp-image-554\" title=\"logo-Pinguinos\" src=\"\/moterosdehoy\/wp-content\/uploads\/sites\/45\/2012\/11\/logo-Pinguinos.jpg\" alt=\"\" width=\"276\" height=\"228\" \/><\/a><p id=\"caption-attachment-554\" class=\"wp-caption-text\">Logo Ping\u00fcinos<\/p><\/div>\n<ul style=\"text-align: justify;\">\n<li>Mochila-bolsa casco<\/li>\n<li>Medalla conmemorativa Ping\u00fcinos 2013<\/li>\n<li>Pin Ping\u00fcinos 2013<\/li>\n<li>Gorro-cubrecuellos polar<\/li>\n<li>Adhesivo conmemorativo Ping\u00fcinos 2013<\/li>\n<li>Adhesivo Ping\u00fcinos<\/li>\n<li>Forafait y Lanyard Ping\u00fcinos 2013 (debiendo portarlo en zona visible como identificaci\u00f3n de inscrito)<\/li>\n<li>Ficha de inscripci\u00f3n<\/li>\n<li>Programa revista Ping\u00fcinos 2013<\/li>\n<li>Bol\u00edgrafo Ping\u00fcinos 2013<\/li>\n<li>Regalo Pepsi<\/li>\n<li>\u00a0Tickets para: caldo ping\u00fcinero, caf\u00e9 o carajillo, degustaci\u00f3n excursi\u00f3n a Mojados, cava, copa y pi\u00f1ones, aperitivo excursi\u00f3n a Valladolid, cena del s\u00e1bado, desayunos del s\u00e1bado y domingo, n\u00ba sorteo moto Honda y complementos moto, mas de 50 trofeos a las diferentes clasificaciones.<\/li>\n<\/ul>\n<p style=\"text-align: justify;\">\u00a0 \u00a0 Toda \u00e9sta informaci\u00f3n est\u00e1 sacada a modo de resumen de la propia <a title=\"Enlace a la p\u00e1gina oficial de PING\u00dcINOS\" href=\"http:\/\/62.193.193.75\/principal2012\/principal.htm\" target=\"_blank\" rel=\"external nofollow\">web de Ping\u00fcinos<\/a>. En breve pondr\u00e9 un post sobre los preparativos para una concentraci\u00f3n invernal y varias opiniones de los que ya han ido, tanto a favor como en contra.<\/p>\n<p style=\"text-align: justify;\"><strong>\u00a0 \u00a0 <a title=\"Enlace al facebook de Moteros de HOY\" href=\"http:\/\/www.facebook.com\/moteroshoy?ref=hl\" target=\"_blank\" rel=\"external nofollow\">Saludos y r\u00e1fagas<\/a>.<\/strong><\/p>\n<!-- AddThis Advanced Settings generic via filter on the_content --><!-- AddThis Share Buttons generic via filter on the_content -->","protected":false},"excerpt":{"rendered":"<p>\u00a0 \u00a0 Ya est\u00e1n abiertas las inscripciones para Ping\u00fcinos 2013 \u00a0 \u00a0Los d\u00edas entre el 10 y el 13 de enero de 2013, tendr\u00e1 lugar la 32\u00aa Concentraci\u00f3n Motorista Invernal Internacional \u201cPing\u00fcinos 2013\u201d, como ya es costumbre tendr\u00e1 lugar en Puente Duero (Valladolid) Espa\u00f1a. Declarada \u201cFiesta de inter\u00e9s tur\u00edstico regional\u201d. \u00a0 \u00a0 En 1982 el [&hellip;]<!-- AddThis Advanced Settings generic via filter on get_the_excerpt --><!-- AddThis Share Buttons generic via filter on get_the_excerpt --><\/p>\n","protected":false},"author":49,"featured_media":0,"comment_status":"open","ping_status":"closed","sticky":false,"template":"","format":"standard","meta":[],"categories":[13],"tags":[24,622,629,639,781],"_links":{"self":[{"href":"https:\/\/blogs.hoy.es\/moterosdehoy\/wp-json\/wp\/v2\/posts\/550"}],"collection":[{"href":"https:\/\/blogs.hoy.es\/moterosdehoy\/wp-json\/wp\/v2\/posts"}],"about":[{"href":"https:\/\/blogs.hoy.es\/moterosdehoy\/wp-json\/wp\/v2\/types\/post"}],"author":[{"embeddable":true,"href":"https:\/\/blogs.hoy.es\/moterosdehoy\/wp-json\/wp\/v2\/users\/49"}],"replies":[{"embeddable":true,"href":"https:\/\/blogs.hoy.es\/moterosdehoy\/wp-json\/wp\/v2\/comments?post=550"}],"version-history":[{"count":0,"href":"https:\/\/blogs.hoy.es\/moterosdehoy\/wp-json\/wp\/v2\/posts\/550\/revisions"}],"wp:attachment":[{"href":"https:\/\/blogs.hoy.es\/moterosdehoy\/wp-json\/wp\/v2\/media?parent=550"}],"wp:term":[{"taxonomy":"category","embeddable":true,"href":"https:\/\/blogs.hoy.es\/moterosdehoy\/wp-json\/wp\/v2\/categories?post=550"},{"taxonomy":"post_tag","embeddable":true,"href":"https:\/\/blogs.hoy.es\/moterosdehoy\/wp-json\/wp\/v2\/tags?post=550"}],"curies":[{"name":"wp","href":"https:\/\/api.w.org\/{rel}","templated":true}]}}