{"id":556,"date":"2012-11-26T19:04:58","date_gmt":"2012-11-26T19:04:58","guid":{"rendered":"http:\/\/blogs.hoy.es\/moterosdehoy\/?p=556"},"modified":"2012-11-26T19:04:58","modified_gmt":"2012-11-26T19:04:58","slug":"un-extremeno-en-la-sierra-de-cazorla","status":"publish","type":"post","link":"https:\/\/blogs.hoy.es\/moterosdehoy\/2012\/11\/26\/un-extremeno-en-la-sierra-de-cazorla\/","title":{"rendered":"Un extreme\u00f1o en la Sierra de Cazorla"},"content":{"rendered":"<p style=\"text-align: justify;\">\u00a0 \u00a0 \u00a0\u00c9ste fin de semana tal y como estaba anunciado en la <a title=\"P\u00e1gina oficial del V.O.C.S.\" href=\"http:\/\/www.vocs.org\/\" target=\"_blank\" rel=\"external nofollow\">web del <strong>V.O.C.S.<\/strong><\/a> y a su vez aqu\u00ed tambi\u00e9n lo coment\u00e9. Se celebr\u00f3 la <a title=\"VIII Invernal del VOCS\" href=\"https:\/\/blogs.hoy.es\/moterosdehoy\/2012\/10\/16\/invasion-de-vulcan-en-la-sierra-de-cazorla\/\" target=\"_blank\">VIII Invernal del VOCS<\/a>.<\/p>\n<p style=\"text-align: justify;\">\u00a0 \u00a0En principio pens\u00e9 que acud\u00eda a otra concentraci\u00f3n de motos, en \u00e9sta ocasi\u00f3n sus propietarios coinciden con una marca, las Kawasakis y en particular en su modelo <a title=\"Im\u00e1genes de Kawasakis Vulcan\" href=\"http:\/\/www.google.es\/search?q=Vulcan&#038;sugexp=chrome,mod%3D11&#038;um=1&#038;ie=UTF-8&#038;hl=es&#038;tbm=isch&#038;source=og&#038;sa=N&#038;tab=wi&#038;ei=77GzUPhug7CEB6DYgJAL&#038;biw=1280&#038;bih=699&#038;sei=9bGzUNXSBIaShgensIDoCA#um=1&#038;hl=es&#038;tbo=d&#038;tbm=isch&#038;sa=1&#038;q=kawasaki+vulcan&#038;oq=kawasaki+vulcan&#038;gs_l=img.3..0l10.4740.14757.0.15861.33.17.8.6.9.1.362.2667.0j10j1j2.13.0...0.0...1c.1.h_wUSE07q2Y&#038;pbx=1&#038;bav=on.2,or.r_gc.r_pw.r_qf.&#038;fp=7650f7b748a06fd7&#038;bpcl=38897761&#038;biw=1280&#038;bih=699\" target=\"_blank\" rel=\"external nofollow\">Vulcan<\/a>, pero nada m\u00e1s lejos de la realidad.<\/p>\n<div id=\"attachment_557\" style=\"width: 310px\" class=\"wp-caption alignleft\"><a href=\"\/moterosdehoy\/wp-content\/uploads\/sites\/45\/2012\/11\/Vulcans-en-Cazorla.jpg\"><img aria-describedby=\"caption-attachment-557\" loading=\"lazy\" class=\"size-medium wp-image-557\" title=\"Vulcans en Cazorla\" src=\"\/moterosdehoy\/wp-content\/uploads\/sites\/45\/2012\/11\/Vulcans-en-Cazorla.jpg\" alt=\"\" width=\"300\" height=\"200\" srcset=\"https:\/\/static-blogs.hoy.es\/wp-content\/uploads\/sites\/45\/2012\/11\/Vulcans-en-Cazorla.jpg 4272w, https:\/\/static-blogs.hoy.es\/wp-content\/uploads\/sites\/45\/2012\/11\/Vulcans-en-Cazorla-300x200.jpg 300w, https:\/\/static-blogs.hoy.es\/wp-content\/uploads\/sites\/45\/2012\/11\/Vulcans-en-Cazorla-768x512.jpg 768w, https:\/\/static-blogs.hoy.es\/wp-content\/uploads\/sites\/45\/2012\/11\/Vulcans-en-Cazorla-1024x683.jpg 1024w\" sizes=\"(max-width: 300px) 100vw, 300px\" \/><\/a><p id=\"caption-attachment-557\" class=\"wp-caption-text\">VIII Invernal del VOCS<\/p><\/div>\n<p style=\"text-align: justify;\">\u00a0 \u00a0Al llegar al <a title=\"Hotel Noguera de la Sierpe\" href=\"http:\/\/www.hotelnogueradelasierpe.com\/#Inicio\" target=\"_blank\" rel=\"external nofollow\">Hotel Noguera de la Sierpe<\/a>, donde se realizaban las inscripciones, del cual dispon\u00edamos tanto de la localizaci\u00f3n por GPS, como de su localizaci\u00f3n en mapa, carretera A-319, kil\u00f3metro 44,500. Nos estaban esperando en la puerta de acceso al Hotel, para dar la bienvenida e indicarnos, tanto donde aparcar, como donde llevar a cabo la inscripci\u00f3n. En ese momento entre los all\u00ed presentes se encontraba \u201cFrase\u201d, llamado as\u00ed en el foro del VOCS, al que no hab\u00eda reconocido, pero a trav\u00e9s del foro me hab\u00eda indicado donde podr\u00eda parar a comer en C\u00f3rdoba, que por cierto, fue en \u201c<strong><a title=\"Enlace al facebook de El loro verde\" href=\"http:\/\/es-es.facebook.com\/pages\/Cervecer%C3%ADa-El-Loro-Verde\/175393765838960\" target=\"_blank\" rel=\"external nofollow\">El loro verde<\/a><\/strong>\u201d, al que recomiendo a todos los moteros que tengan oportunidad de visitarlo, que se pasen por all\u00ed, ellos forman parte del <strong><a title=\"Club MAS+GAS\" href=\"http:\/\/www.mas-gas.com\/\" target=\"_blank\" rel=\"external nofollow\">club MAS+GAS<\/a><\/strong>, y no nos pudieron tratar mejor, incluso para salir de la ciudad, uno de sus socios que pasaba por all\u00ed tuvo la amabilidad de acompa\u00f1arnos hasta la salida.<\/p>\n<p style=\"text-align: justify;\">\u00a0 \u00a0 Al salir de C\u00f3rdoba con direcci\u00f3n Sierra de Cazorla, hicimos una parada en el <strong><a title=\"Garage Bar ELVIRIS\" href=\"http:\/\/elviris.com\/\" target=\"_blank\" rel=\"external nofollow\">Garage Bar Elviris<\/a><\/strong>. Se trata de un pub situado en Linares y con tem\u00e1tica motera y de los sesenta, con muy buena m\u00fasica. Para que os hag\u00e1is una idea de la calidad de los materiales, en las paredes de dicho pub hay obras de <strong><a title=\"Im\u00e1genes de Belinch\u00f3n\" href=\"http:\/\/www.google.es\/search?q=Miguel+%C3%81ngel+Belinch%C3%B3n&#038;hl=es&#038;tbo=u&#038;tbm=isch&#038;source=univ&#038;sa=X&#038;ei=ybOzUNmZM4OThgf60oCYDQ&#038;ved=0CEkQsAQ&#038;biw=1280&#038;bih=699\" target=\"_blank\" rel=\"external nofollow\">Miguel \u00c1ngel Belinch\u00f3n<\/a><\/strong>, conocido grafitero a nivel mundial. Tal y como he hablado del lugar creo que ya est\u00e1 de m\u00e1s decir que recomiendo pasar por all\u00ed.<\/p>\n<p style=\"text-align: justify;\">\u00a0 \u00a0 Volviendo al encuentro motero, hacer<strong> <a title=\"Fotos del VIII Invernal del VOCS\" href=\"http:\/\/www.hoy.es\/multimedia\/fotos\/ultimos\/110700-encuentro-motero-sierra-cazorla-0.html\" target=\"_blank\" rel=\"external nofollow\">click aqu\u00ed<\/a> y ver\u00e9is fotos del evento<\/strong>. Al llegar nos hicieron entrega de <!--more-->una bolsa de bienvenida, donde se encontraba una sudadera polar y unos tickets, tanto para el sorteo, como para consumiciones en la ruta del s\u00e1bado. Adem\u00e1s de darnos una calurosa bienvenida, nos ofrecieron unos caldos calentitos para entrar en calor junto a las chimeneas del hotel. En el mismo sal\u00f3n ten\u00edan unas mesas con merchandising del VOCS, hab\u00eda de todo, camisetas, sudaderas, gorros, petacas, pins, hebillas de cintur\u00f3n, pulseras y m\u00e1s accesorios que no me dio la vista, todo ello claro est\u00e1 con las inscripciones del VOCS.<\/p>\n<p style=\"text-align: justify;\">\u00a0 \u00a0 Tras una cena a modo de buffet libre en el propio hotel, con la bebida incluida, acudimos a otro sal\u00f3n donde hubo una fiesta casi hasta el amanecer y para no tener que desplazarnos despu\u00e9s de beber, un autob\u00fas para los que no estaban en el mismo hotel, pues dada la gran afluencia de inscritos, no cab\u00edamos todos en el mismo.<\/p>\n<p style=\"text-align: justify;\">\u00a0 \u00a0 Hab\u00edamos llegado de noche y no pudimos apreciar las vistas de los alrededores del hotel, pero al salir de la habitaci\u00f3n para ir a desayunar, nos encontramos que las habitaciones que son a modo de apartamentos en torno a un precioso estanque, gozan de unas vistas que solo por disponer de ellas ya mereci\u00f3 la pena ir hasta all\u00ed. Serian sobre las nueve de la ma\u00f1ana y el vaho del estanque sub\u00eda a modo de niebla seg\u00fan le daba el sol, todo ello rodeado de \u00e1rboles repletos de hojas verdes, amarillas y marrones. Adem\u00e1s en los contornos del estanque tienen estatuas de ciervos y jabal\u00edes, que con la niebla no se consegu\u00eda apreciar si en realidad eran estatuas. En la parte de atr\u00e1s del hotel hab\u00eda una cascada con un puente sobre ella, a su vez, totalmente rodeado de follaje. Simplemente <strong>un para\u00edso, donde los amigos moteros y empleados del hotel consiguieron hacernos olvidar del mundo<\/strong>.<\/p>\n<p style=\"text-align: justify;\">\u00a0 \u00a0Como en todo buen encuentro motero se hizo una <strong>ruta<\/strong>, fue de unos sesenta kil\u00f3metros entre la ida y vuelta, en ella fuimos <strong>al Embalse del Tranco en plena Sierra de Cazorla<\/strong>, donde curva tras curva nos regalaba un paisaje maravilloso y donde hay que indicar que no hubo ning\u00fan tipo de problema, pues a la hora de movernos \u00e9ramos casi cien motos, pero todos quer\u00edan disfrutar de la buena compa\u00f1\u00eda y del momento, por lo que ninguno realiz\u00f3 en ning\u00fan momento ninguna maniobra que pudiera entorpecer a otro, u otros usuarios.<\/p>\n<p style=\"text-align: justify;\">\u00a0 \u00a0En la ruta hicimos dos paradas, una en el <a title=\"Chiringuito El Pajarito\" href=\"http:\/\/www.cortijosnuevos.com\/pajarito.htm\" target=\"_blank\" rel=\"external nofollow\">chiringuito el pajarito<\/a>\u00a0y otra en el <a title=\"Restaurante El Taxidermista\" href=\"http:\/\/www.sierracazorla.es\/taxidermista.htm\" target=\"_blank\" rel=\"external nofollow\">caf\u00e9-bar restaurante El Taxidermista<\/a>, donde nos esperaban con un tentempi\u00e9.<\/p>\n<p style=\"text-align: justify;\">\u00a0 \u00a0La comida y la cena del s\u00e1bado fueron en el propio hotel, consistiendo en buffet al mediod\u00eda y a la carta por la noche. Donde tras la cena y antes de la fiesta hubo un gran sorteo de art\u00edculos y yo tuve el honor de recibir una placa del VOCS por ser el \u00fanico extreme\u00f1o que compareci\u00f3 al evento, donde de mano de su Presidente me invitaron a abrir una Delegaci\u00f3n en Extremadura, dado que es de las pocas regiones que carece de ella.<\/p>\n<p style=\"text-align: justify;\">\u00a0 \u00a0El domingo, tras el desayuno <strong>lleg\u00f3 la hora de decir Buen Viaje pero nadie estaba triste, nos tocaba subir de nuevo a la moto y hacer kil\u00f3metros, adem\u00e1s todos ten\u00edamos claro que antes o despu\u00e9s nos volver\u00edamos a ver<\/strong>, sabemos que nos movemos por el foro del VOCS y si vamos a realizar alg\u00fan viaje lo indicaremos para visitarnos. Al principio del post indicaba que no solo era ir a una concentraci\u00f3n de motos, me he quedado impresionado por la amabilidad de los inscritos, llegando a parecer una gran familia repartida por toda Espa\u00f1a y que se unen con la excusa del viaje en moto para pasar un fin de semana unidos.<\/p>\n<p style=\"text-align: justify;\">\u00a0 \u00a0<strong>Quiero agradecer al VOCS por la acogida que me han tenido y a mi pareja por acompa\u00f1arme<\/strong>. De cara al a\u00f1o que viene me voy a hacer socio del VOCS y ya que no hay Delegaci\u00f3n en Extremadura, <strong>desde aqu\u00ed insto a todos los que tengan una Vulcan a que entren en el foro y si desean hacerse socios del VOCS, se pongan en contacto conmigo para unirnos y crear la Delegaci\u00f3n. <\/strong>Para ello he creado un evento en el facebook de Moteros de Hoy, bajo el nombre de <a title=\"Evento en facebook para crear Delegaci\u00f3n Extreme\u00f1a del VOCS\" href=\"http:\/\/www.facebook.com\/events\/312745075500613\/?context=create\" target=\"_blank\" rel=\"external nofollow\">Delegaci\u00f3n VOCS Extremadura<\/a>.<\/p>\n<p style=\"text-align: justify;\">\u00a0 \u00a0Indicaros que no solo hab\u00eda motos Vulcan en la concentraci\u00f3n, hab\u00eda algunos que a pesar de no tener una, por amistad o relaci\u00f3n con otro socio, acudi\u00f3 al evento. La verdad es que hay muy buen ambiente y los entiendo.<\/p>\n<p style=\"text-align: justify;\">\u00a0 <a title=\"Facebook de Moteros de Hoy\" href=\"http:\/\/www.facebook.com\/moteroshoy?ref=hl\" target=\"_blank\" rel=\"external nofollow\">\u00a0Saludos y r\u00e1fagas<\/a>.<\/p>\n<!-- AddThis Advanced Settings generic via filter on the_content --><!-- AddThis Share Buttons generic via filter on the_content -->","protected":false},"excerpt":{"rendered":"<p>\u00a0 \u00a0 \u00a0\u00c9ste fin de semana tal y como estaba anunciado en la web del V.O.C.S. y a su vez aqu\u00ed tambi\u00e9n lo coment\u00e9. Se celebr\u00f3 la VIII Invernal del VOCS. \u00a0 \u00a0En principio pens\u00e9 que acud\u00eda a otra concentraci\u00f3n de motos, en \u00e9sta ocasi\u00f3n sus propietarios coinciden con una marca, las Kawasakis y en [&hellip;]<!-- AddThis Advanced Settings generic via filter on get_the_excerpt --><!-- AddThis Share Buttons generic via filter on get_the_excerpt --><\/p>\n","protected":false},"author":49,"featured_media":0,"comment_status":"open","ping_status":"closed","sticky":false,"template":"","format":"standard","meta":[],"categories":[13],"tags":[622,629,639,1010,1019],"_links":{"self":[{"href":"https:\/\/blogs.hoy.es\/moterosdehoy\/wp-json\/wp\/v2\/posts\/556"}],"collection":[{"href":"https:\/\/blogs.hoy.es\/moterosdehoy\/wp-json\/wp\/v2\/posts"}],"about":[{"href":"https:\/\/blogs.hoy.es\/moterosdehoy\/wp-json\/wp\/v2\/types\/post"}],"author":[{"embeddable":true,"href":"https:\/\/blogs.hoy.es\/moterosdehoy\/wp-json\/wp\/v2\/users\/49"}],"replies":[{"embeddable":true,"href":"https:\/\/blogs.hoy.es\/moterosdehoy\/wp-json\/wp\/v2\/comments?post=556"}],"version-history":[{"count":0,"href":"https:\/\/blogs.hoy.es\/moterosdehoy\/wp-json\/wp\/v2\/posts\/556\/revisions"}],"wp:attachment":[{"href":"https:\/\/blogs.hoy.es\/moterosdehoy\/wp-json\/wp\/v2\/media?parent=556"}],"wp:term":[{"taxonomy":"category","embeddable":true,"href":"https:\/\/blogs.hoy.es\/moterosdehoy\/wp-json\/wp\/v2\/categories?post=556"},{"taxonomy":"post_tag","embeddable":true,"href":"https:\/\/blogs.hoy.es\/moterosdehoy\/wp-json\/wp\/v2\/tags?post=556"}],"curies":[{"name":"wp","href":"https:\/\/api.w.org\/{rel}","templated":true}]}}