{"id":559,"date":"2012-11-28T23:41:27","date_gmt":"2012-11-28T23:41:27","guid":{"rendered":"http:\/\/blogs.hoy.es\/moterosdehoy\/?p=559"},"modified":"2012-11-28T23:41:27","modified_gmt":"2012-11-28T23:41:27","slug":"i-encuentro-motero-solidario-ciudad-de-badajoz","status":"publish","type":"post","link":"https:\/\/blogs.hoy.es\/moterosdehoy\/2012\/11\/28\/i-encuentro-motero-solidario-ciudad-de-badajoz\/","title":{"rendered":"I Encuentro motero solidario Ciudad de Badajoz"},"content":{"rendered":"<p style=\"text-align: justify;\">\u00a0 \u00a0 <strong>A falta de <span style=\"text-decoration: underline;\">CINCO D\u00cdAS<\/span><\/strong> y con el cartel definitivo iniciando su andadura por la calle para hacer publicidad, ya hay m\u00e1s de <strong>trescientos veinte inscritos<\/strong> en el I Encuentro Solidario de Moteros &#8216;Ciudad de Badajoz&#8217;. La causa a la que ir\u00e1n destinados los beneficios es la<strong> <a href=\"http:\/\/www.badajoz.org\/grupojovenss\/\" target=\"_blank\" rel=\"external nofollow\">Asociaci\u00f3n Sociocultural \u201cGrupo Joven\u201d de Suerte de Saavedra<\/a><\/strong>. En el encuentro los moteros pondr\u00e1n un \u00e1pice de color asistiendo con un <strong>GORRO DE PAP\u00c1 NOEL<\/strong>, para realizar la ruta.<\/p>\n<div class=\"mceTemp\" style=\"text-align: justify;\">\n<div id=\"attachment_568\" style=\"width: 222px\" class=\"wp-caption alignleft\"><a href=\"\/moterosdehoy\/wp-content\/uploads\/sites\/45\/2012\/11\/Encuentro-moteros-solidarios1.jpg\"><img aria-describedby=\"caption-attachment-568\" loading=\"lazy\" class=\"size-medium wp-image-568\" title=\"Encuentro moteros solidarios\" src=\"\/moterosdehoy\/wp-content\/uploads\/sites\/45\/2012\/11\/Encuentro-moteros-solidarios1.jpg\" alt=\"\" width=\"212\" height=\"300\" srcset=\"https:\/\/static-blogs.hoy.es\/wp-content\/uploads\/sites\/45\/2012\/11\/Encuentro-moteros-solidarios1.jpg 679w, https:\/\/static-blogs.hoy.es\/wp-content\/uploads\/sites\/45\/2012\/11\/Encuentro-moteros-solidarios1-212x300.jpg 212w\" sizes=\"(max-width: 212px) 100vw, 212px\" \/><\/a><p id=\"caption-attachment-568\" class=\"wp-caption-text\">Cartel definitivo del evento<\/p><\/div>\n<p><span style=\"text-align: justify;\">\u00a0 \u00a0 Ya est\u00e1 todo aunado, tanto <\/span><strong style=\"text-align: justify;\">colaboradores<\/strong><span style=\"text-align: justify;\">, los cuales figuran en el cartel y <\/span><strong style=\"text-align: justify;\">grupos que animar\u00e1n la fiesta<\/strong><span style=\"text-align: justify;\"> en la Plaza Alta.<\/span><\/p>\n<\/div>\n<p style=\"text-align: justify;\">\u00a0 \u00a0 El encuentro motero tiene como base reunir a todos los aficionados a las motos con un fin solidario. En el que quieren que participe todo el personal que sea posible y por ello han organizado diferentes actividades l\u00fadicas en la Plaza Alta, a modo de llamada de no solo motero, tambi\u00e9n de\u00a0personas que simplemente quieren colaborar, o pasar una ma\u00f1ana del domingo con actividades para sus hijos en la Plaza Alta de Badajoz. All\u00ed se encontrar\u00e1n stand de motos, pero a su vez actividades para ni\u00f1os, incluso con un castillo hinchable, y un lugar donde se recoger\u00e1n tanto juguetes como ropa, para donaciones.<\/p>\n<p style=\"text-align: justify;\">\u00a0 \u00a0 \u00a0Entre las actividades l\u00facidas tendr\u00e1 lugar una <strong>actuaci\u00f3n de la subcampeona de Europa de bailes de sal\u00f3n &#8220;Beatriz y su grupo&#8221;, presentaci\u00f3n de la Escuela de balile &#8220;Son Pacense&#8221;<\/strong>, juegos de <strong>magia por &#8220;Tony Frackson&#8221;<\/strong>, <strong>actuaci\u00f3n de &#8220;Hayal Fusi\u00f3n&#8221;<\/strong> y la <strong>comparsa &#8220;Yuyubas&#8221;<\/strong> partir\u00e1 sobre las 11:30 horas desde la Plaza de San Juan hacia la Plaza Alta realizando bailes para llamar a la gente y una tamborada en \u00a0la Plaza Alta. Adem\u00e1s de rifa de numerosos art\u00edculos donados por los colaboradores.<\/p>\n<p style=\"text-align: justify;\">\u00a0 \u00a0 Para llevar a cabo el evento se han unido<strong>\u00a0Motoclubs, Pe\u00f1as Moteras y amantes de las dos ruedas<\/strong> como organizadores:\u00a0\u00a0<strong><a title=\"Enlace a la web del Motoclub Laguna Seca Extremadura\" href=\"http:\/\/www.motoclublagunasecaextremadura.es\/\" target=\"_blank\" rel=\"external nofollow\">Motoclub Laguna Seca\u00a0Extremadura<\/a>,\u00a0<a title=\"Los Bellotos van en moto\" href=\"http:\/\/www.veengle.com\/s\/Los%20Bellotos%20v@n%20en%20Moto.html\" target=\"_blank\" rel=\"external nofollow\">Motoclub los Bellotos van en moto<\/a><\/strong>,\u00a0<strong><a title=\"Enlace al facebook de la Bellota Carenada\" href=\"http:\/\/www.facebook.com\/penamotera.labellotacarenada\" target=\"_blank\" rel=\"external nofollow\">Pe\u00f1a Motera la Bellota Carenada<\/a>,<\/strong><strong>\u00a0<strong><a title=\"Enlace al blog de la Pe\u00f1a motera Espantaperros\" href=\"http:\/\/espantaperros.blogspot.com.es\/\" target=\"_blank\" rel=\"external nofollow\">Pe\u00f1a Espantaperros<\/a>,\u00a0<\/strong><a title=\"Enlace a la p\u00e1gina de la PMSV\" href=\"http:\/\/www.pmsv.org\/\" target=\"_blank\" rel=\"external nofollow\">Plataforma Motera de la Seguridad Vial<\/a>,<\/strong>\u00a0<strong><a title=\"Enlace al foro del Sektor Oscuro\" href=\"http:\/\/www.sektores.com\/foro\/forumdisplay.php?f=71\" target=\"_blank\" rel=\"external nofollow\">Sektor Oscuro<\/a>,\u00a0<a title=\"Enlace al foro del Sektor Belloto\" href=\"http:\/\/www.sektores.com\/foro\/forumdisplay.php?f=48\" target=\"_blank\" rel=\"external nofollow\">Sektor Belloto<\/a>,\u00a0<\/strong>y como no,\u00a0<strong><a title=\"Enlace al facebook de Moteros de HOY\" href=\"http:\/\/www.facebook.com\/moterosdehoy\" target=\"_blank\" rel=\"external nofollow\">Moteros de Hoy<\/a><\/strong>. Adem\u00e1s hay varios clubs interesados que a su vez han aportado colaboradores y quieren difundir el evento tanto entre sus socios como en sus localidades, entre ellos:\u00a0<strong><a title=\"\u00c1ngeles Guardianes\" href=\"http:\/\/www.angelesguardianesapm.es\/cms\/\" target=\"_blank\" rel=\"external nofollow\">APM \u00c1ngeles Guardianes<\/a>,\u00a0<strong><a title=\"Los mosketeros\" href=\"http:\/\/www.facebook.com\/losmosketeros\" target=\"_blank\" rel=\"external nofollow\">Carmona Grupo Los Mosketeros<\/a>\u00a0<\/strong><\/strong>de Tentud\u00eda,\u00a0<strong><a title=\"Vespa Club Extremadura\" href=\"http:\/\/www.facebook.com\/pages\/Vespa-Club-Extremadura\/438686012834856\" target=\"_blank\" rel=\"external nofollow\">Club Vespa de Extremadura<\/a><\/strong>,\u00a0<strong><a title=\"Club Burgman Extremadura\" href=\"http:\/\/www.foro.burgmanspain.org\/viewforum.php?f=153\" target=\"_blank\" rel=\"external nofollow\">Club Burgman de Extremadura<\/a><\/strong>,<strong>\u00a0<a title=\"Caballeros Templarios\" href=\"http:\/\/caballerostemplariosmotoclub.weebly.com\/\" target=\"_blank\" rel=\"external nofollow\">Motoclub Caballeros Templarios<\/a>\u00a0<\/strong>de Almendralejo, <strong><a title=\"Curva Recta\" href=\"http:\/\/www.facebook.com\/pages\/Pe%C3%B1a-Motera-Curva-Recta\/237480536332049\" target=\"_blank\" rel=\"external nofollow\">Pe\u00f1a motera la Curva recta<\/a><\/strong> de Higuera la Real, <strong>\u00a0<a title=\"Confederados\" href=\"http:\/\/confederadosdestmarta.ning.com\/\" target=\"_blank\" rel=\"external nofollow\">Pe\u00f1a motera Confederados<\/a>\u00a0<\/strong>de\u00a0Santa Marta.<\/p>\n<p style=\"text-align: justify;\"><!--more--><\/p>\n<p style=\"text-align: justify;\">\u00a0 Todo comenzar\u00e1 a las <strong>09:00 horas<\/strong> en el <a title=\"Restaurante Laguna Seca\" href=\"http:\/\/www.extremadura.com\/social\/pageitem\/cafeteria-restaurante-laguna-seca\" target=\"_blank\" rel=\"external nofollow\">Restaurante Laguna Seca<\/a>, donde se reunir\u00e1n los moteros y el restaurante les<strong> invitar\u00e1 a migas<\/strong>, adem\u00e1s de exponer los art\u00edculos que hayan donado los colaboradores y que posteriormente se trasladar\u00e1n a la propia Plaza Alta para sus sorteos.<\/p>\n<p style=\"text-align: justify;\">\u00a0 \u00a0Sobre las <strong>09:45<\/strong>\u00a0horas comenzar\u00e1 una <strong>ruta<\/strong> desde dicho restaurante hasta la Plaza Alta, pasando <strong>por varias calles de Badajoz<\/strong>, a modo de llamada de la gente para que se unan.<\/p>\n<p style=\"text-align: justify;\">\u00a0 \u00a0Sobre las<strong> 10:30<\/strong> horas <strong>comenzar\u00e1n los actos l\u00fadicos en la Plaza Alta<\/strong>, con la presentaci\u00f3n de un <strong>invitado de honor<\/strong>, siendo una figura del mundo de las dos ruedas. En concreto <strong>Jos\u00e9 Luis Cardoso, expiloto de Moto GP<\/strong> y en la actualidad al frente de &#8220;<strong><a title=\"Enlace a la web de Cardoso School\" href=\"http:\/\/www.cardososchool.com\/web\/publico\/inicio\" target=\"_blank\" rel=\"external nofollow\">Cardoso School<\/a><\/strong>&#8220;. Durante la ma\u00f1ana tanto el <a title=\"La Casona Alta\" href=\"http:\/\/www.tabernalacasona.com\/alta\/index.html\" target=\"_blank\" rel=\"external nofollow\">restaurante la Casona Alta<\/a>, como la <a title=\"La Cacharrer\u00eda del Chupi\" href=\"http:\/\/www.guiaextremadura.com\/entidad\/la-cacharreria-del-chupys\" target=\"_blank\" rel=\"external nofollow\">Cacharrer\u00eda del Chupys<\/a>, tendr\u00e1n diferentes ofertas en los refrescos.<\/p>\n<p style=\"text-align: justify;\">\u00a0 \u00a0Sobre las <strong>13:00<\/strong> horas, comenzar\u00e1 la<strong> rifa de los art\u00edculos donados por los colaboradores<\/strong>, siendo necesario estar en el lugar para recibir el premio, de lo contrario se volver\u00e1 a sortear.<\/p>\n<p style=\"text-align: justify;\">\u00a0 \u00a0Llegadas las <strong>14:30<\/strong>, los moteros se despedir\u00e1n y <strong>partir\u00e1n a la comida<\/strong>, realiz\u00e1ndola en el recinto ferial.<a href=\"\/moterosdehoy\/wp-content\/uploads\/sites\/45\/2012\/11\/Grupo-Joven.jpg\"><img loading=\"lazy\" class=\"alignright size-thumbnail wp-image-561\" title=\"Grupo Joven\" src=\"\/moterosdehoy\/wp-content\/uploads\/sites\/45\/2012\/11\/Grupo-Joven.jpg\" alt=\"\" width=\"150\" height=\"150\" \/><\/a><\/p>\n<p style=\"text-align: justify;\">\u00a0 Para poder participar hay varias formas:<\/p>\n<ul style=\"text-align: justify;\">\n<li>Con <strong>10\u20ac<\/strong>, donde cinco van para la comida y cinco para el acto ben\u00e9fico.<\/li>\n<li>Con <strong>5\u20ac<\/strong>, donde la totalidad va para el acto ben\u00e9fico.<\/li>\n<li>Asistiendo a la Plaza Alta y disfrutando de las actividades que han preparado.<\/li>\n<\/ul>\n<p style=\"text-align: justify;\">\u00a0 \u00a0Adem\u00e1s hay establecida una <strong>FILA CERO<\/strong>, donde puedes participar ingresando en la cuenta lo que te parezca oportuno.<\/p>\n<p style=\"text-align: justify;\">\u00a0 \u00a0Aqu\u00ed dejo un cartel a modo de resumen, decir que la cuenta es de la Caja de Extremadura:<\/p>\n<p style=\"text-align: justify;\"><a href=\"\/moterosdehoy\/wp-content\/uploads\/sites\/45\/2012\/11\/N\u00famero-de-cuenta-para-encuentro-solidario.jpg\"><img loading=\"lazy\" class=\"aligncenter size-medium wp-image-562\" title=\"N\u00famero de cuenta para encuentro solidario\" src=\"\/moterosdehoy\/wp-content\/uploads\/sites\/45\/2012\/11\/N\u00famero-de-cuenta-para-encuentro-solidario.jpg\" alt=\"\" width=\"300\" height=\"197\" srcset=\"https:\/\/static-blogs.hoy.es\/wp-content\/uploads\/sites\/45\/2012\/11\/N\u00famero-de-cuenta-para-encuentro-solidario.jpg 960w, https:\/\/static-blogs.hoy.es\/wp-content\/uploads\/sites\/45\/2012\/11\/N\u00famero-de-cuenta-para-encuentro-solidario-300x198.jpg 300w, https:\/\/static-blogs.hoy.es\/wp-content\/uploads\/sites\/45\/2012\/11\/N\u00famero-de-cuenta-para-encuentro-solidario-768x506.jpg 768w\" sizes=\"(max-width: 300px) 100vw, 300px\" \/><\/a><\/p>\n<p style=\"text-align: justify;\">\u00a0 \u00a0<strong>IMPORTANTE: <span style=\"text-decoration: underline;\">La inscripci\u00f3n de 10\u20ac se cerrar\u00e1 el d\u00eda 12<\/span><\/strong> para poder hacer los preparativos de la comida.<\/p>\n<p style=\"text-align: justify;\">\u00a0 \u00a0Durante la ma\u00f1ana se vender\u00e1n papeletas a un euro para la rifa de una <strong>CESTA DE NAVIDAD<\/strong> que ha sido donada por el Restaurante Laguna Seca, no siendo necesario estar all\u00ed para obtener el premio.<\/p>\n<p style=\"text-align: justify;\">\u00a0 \u00a0Se ha creado un <a title=\"Enlace al evento en Facebook\" href=\"http:\/\/www.facebook.com\/events\/211495808984739\/\" target=\"_blank\" rel=\"external nofollow\">evento en facebook<\/a> por si quer\u00e9is a\u00f1adir que ir\u00e9is para ir calculando participantes.<\/p>\n<p style=\"text-align: justify;\">\u00a0\u00a0 Para que contemos contigo haz click en la <a title=\"Enlace a la ficha de registro del evento\" href=\"https:\/\/docs.google.com\/spreadsheet\/viewform?formkey=dEp6N3oxOFZjQmVkRjhzWTdDU1ZPbXc6MQ#gid=0\" target=\"_blank\"><strong>FICHA DE REGISTRO<\/strong><\/a> y rell\u00e9nala.<\/p>\n<p style=\"text-align: justify;\"><strong style=\"text-align: justify;\">\u00a0\u00a0 <a title=\"Facebook de Moteros de HOY\" href=\"http:\/\/www.facebook.com\/moteroshoy?ref=hl\" target=\"_blank\" rel=\"external nofollow\">Saludos y r\u00e1fagas<\/a>.<\/strong><\/p>\n<!-- AddThis Advanced Settings generic via filter on the_content --><!-- AddThis Share Buttons generic via filter on the_content -->","protected":false},"excerpt":{"rendered":"<p>\u00a0 \u00a0 A falta de CINCO D\u00cdAS y con el cartel definitivo iniciando su andadura por la calle para hacer publicidad, ya hay m\u00e1s de trescientos veinte inscritos en el I Encuentro Solidario de Moteros &#8216;Ciudad de Badajoz&#8217;. La causa a la que ir\u00e1n destinados los beneficios es la Asociaci\u00f3n Sociocultural \u201cGrupo Joven\u201d de Suerte [&hellip;]<!-- AddThis Advanced Settings generic via filter on get_the_excerpt --><!-- AddThis Share Buttons generic via filter on get_the_excerpt --><\/p>\n","protected":false},"author":49,"featured_media":0,"comment_status":"open","ping_status":"closed","sticky":false,"template":"","format":"standard","meta":[],"categories":[4,5],"tags":[87,131,183,370,411,439,596,622,639,641,664,769,786,847,896],"_links":{"self":[{"href":"https:\/\/blogs.hoy.es\/moterosdehoy\/wp-json\/wp\/v2\/posts\/559"}],"collection":[{"href":"https:\/\/blogs.hoy.es\/moterosdehoy\/wp-json\/wp\/v2\/posts"}],"about":[{"href":"https:\/\/blogs.hoy.es\/moterosdehoy\/wp-json\/wp\/v2\/types\/post"}],"author":[{"embeddable":true,"href":"https:\/\/blogs.hoy.es\/moterosdehoy\/wp-json\/wp\/v2\/users\/49"}],"replies":[{"embeddable":true,"href":"https:\/\/blogs.hoy.es\/moterosdehoy\/wp-json\/wp\/v2\/comments?post=559"}],"version-history":[{"count":0,"href":"https:\/\/blogs.hoy.es\/moterosdehoy\/wp-json\/wp\/v2\/posts\/559\/revisions"}],"wp:attachment":[{"href":"https:\/\/blogs.hoy.es\/moterosdehoy\/wp-json\/wp\/v2\/media?parent=559"}],"wp:term":[{"taxonomy":"category","embeddable":true,"href":"https:\/\/blogs.hoy.es\/moterosdehoy\/wp-json\/wp\/v2\/categories?post=559"},{"taxonomy":"post_tag","embeddable":true,"href":"https:\/\/blogs.hoy.es\/moterosdehoy\/wp-json\/wp\/v2\/tags?post=559"}],"curies":[{"name":"wp","href":"https:\/\/api.w.org\/{rel}","templated":true}]}}