{"id":564,"date":"2012-12-02T23:22:36","date_gmt":"2012-12-02T23:22:36","guid":{"rendered":"http:\/\/blogs.hoy.es\/moterosdehoy\/?p=564"},"modified":"2012-12-02T23:22:36","modified_gmt":"2012-12-02T23:22:36","slug":"concentraciones-moteras-en-diciembre-2012","status":"publish","type":"post","link":"https:\/\/blogs.hoy.es\/moterosdehoy\/2012\/12\/02\/concentraciones-moteras-en-diciembre-2012\/","title":{"rendered":"Concentraciones moteras en diciembre 2012"},"content":{"rendered":"<p style=\"text-align: justify;\">\u00a0 \u00a0 \u00a0Como estamos en \u00e9pocas prenavide\u00f1as hay muchas concentraciones y encuentros moteros con el trasfondo solidario. Aqu\u00ed os dejo las principales concentraciones y kedadas moteras para\u00a0<strong>diciembre,<\/strong><strong>\u00a0<\/strong>que a pesar del fr\u00edo contin\u00faan. Est\u00e1n separadas primero las de dentro de Extremadura, luego las del resto de Espa\u00f1a y para finalizar las de fuera.<\/p>\n<p style=\"text-align: justify;\"><a href=\"\/moterosdehoy\/wp-content\/uploads\/sites\/45\/2012\/12\/Navidad-en-moto.gif\"><img loading=\"lazy\" class=\"alignleft size-medium wp-image-565\" title=\"Navidad en moto\" src=\"\/moterosdehoy\/wp-content\/uploads\/sites\/45\/2012\/12\/Navidad-en-moto.gif\" alt=\"\" width=\"300\" height=\"196\" \/><\/a>\u00a0 \u00a0 \u00a0Relaci\u00f3n de concentraciones y quedadas moteras a lo largo de\u00a0<strong>diciembre<\/strong>\u00a02012 dentro de\u00a0<strong>Extremadura<\/strong>:<\/p>\n<p style=\"text-align: justify;\">D\u00eda <strong>9<\/strong> &#8211; <a title=\"Recogida de juguetes en Plasencia\" href=\"http:\/\/www.facebook.com\/events\/432623576786320\/\" target=\"_blank\" rel=\"external nofollow\">Ning\u00fan ni\u00f1o sin sonrisa<\/a>, en Plasencia (<strong>C\u00e1ceres<\/strong>)<\/p>\n<p style=\"text-align: justify;\">Del\u00a0<strong>16<\/strong>\u00a0\u2013\u00a0<a title=\"I Encuentro solidario ciudad de Badajoz\" href=\"https:\/\/blogs.hoy.es\/moterosdehoy\/2012\/11\/28\/i-encuentro-motero-solidario-ciudad-de-badajoz\/\" target=\"_blank\">I Encuentro motero solidario Ciudad de Badajoz<\/a> (<strong>Badajoz<\/strong>) &#8211; <a title=\"Enlace al evento creado en facebook\" href=\"http:\/\/www.facebook.com\/events\/211495808984739\/?fref=ts\" target=\"_blank\" rel=\"external nofollow\">Evento en facebook<\/a>.<\/p>\n<p style=\"text-align: justify;\">D\u00eda <strong>23<\/strong> &#8211; <a title=\"V Concentraci\u00f3n de veh\u00edculos cl\u00e1sicos de Badajoz\" href=\"http:\/\/www.aytobadajoz.es\/es\/ayto\/especiales\/especial\/12566\/dia-de-la-guardia-municipal-de-badajoz\/pagina\/12569\/v-concentracion-de-vehiculos-clasicos#.UMOr-uRECSo\" target=\"_blank\" rel=\"external nofollow\">V Concentraci\u00f3n de veh\u00edculos cl\u00e1sicos<\/a>, en <strong>Badajoz<\/strong>, a su vez se celebrar\u00e1 el D\u00eda del Guardia Municipal de Badajoz.<\/p>\n<p style=\"text-align: justify;\">.<\/p>\n<p style=\"text-align: justify;\">\u00a0 \u00a0 \u00a0Concentraciones y quedadas moteras a lo largo de\u00a0<strong>diciembre\u00a0<\/strong>2012\u00a0<strong>fuera de Extremadura<\/strong>:<\/p>\n<p style=\"text-align: justify;\">D\u00eda <strong>1<\/strong>\u00a0\u2013\u00a0<a title=\"IV Custom Chritsmas\" href=\"http:\/\/www.tumotoweb.com\/destacada.php?id=2328\" target=\"_blank\" rel=\"external nofollow\">IV Custom Chritsmas<\/a>, en Los Barrios (<strong>C\u00e1diz<\/strong>)<\/p>\n<p style=\"text-align: justify;\">D\u00eda <strong>1<\/strong>\u00a0&#8211; <a title=\"XXIII Aniversario Motoclub Cartaya\" href=\"http:\/\/www.tumotoweb.com\/destacada.php?id=2329\" target=\"_blank\" rel=\"external nofollow\">XXIII Aniversario Motoclub Cartaya<\/a>, en Cartaya (<strong>Huelva<\/strong>)<\/p>\n<p style=\"text-align: justify;\">D\u00eda <strong>2<\/strong> &#8211; <a title=\"VI Matinal motera solidaria en Lloret de Mar\" href=\"http:\/\/www.tumotoweb.com\/destacada.php?id=2302\" target=\"_blank\" rel=\"external nofollow\">VI Matinal motera solidaria<\/a> por La Marat\u00f3n de TV3, en Lloret de Mar (<strong>Girona<\/strong>)<\/p>\n<p style=\"text-align: justify;\">D\u00eda <strong>2<\/strong> &#8211; <a title=\"II Butifarrada Popular\" href=\"http:\/\/www.tumotoweb.com\/destacada.php?id=2327\" target=\"_blank\" rel=\"external nofollow\">II Butifarrada Popular<\/a>, en Salou (<strong>Tarragona<\/strong>)<!--more--><\/p>\n<p style=\"text-align: justify;\">Del <strong>6 al 9<\/strong> &#8211; <a title=\"Puente de la Constituci\u00f3n\" href=\"http:\/\/www.tumotoweb.com\/destacada.php?id=2335\" target=\"_blank\" rel=\"external nofollow\">Puente de la\u00a0Constituci\u00f3n<\/a>, en Anz\u00e1nigo (<strong>Huesca<\/strong>)<\/p>\n<p style=\"text-align: justify;\">D\u00eda <strong>8<\/strong> &#8211; <a title=\"XXIII Memorial Moto Roc\u00edo\" href=\"http:\/\/www.voydeconcentracion.com\/2012\/08\/xxii-memorial-motorocio-2012.html\" target=\"_blank\" rel=\"external nofollow\">XXIII Memorial Moto Roc\u00edo<\/a>, en El Roc\u00edo (<strong>Huelva<\/strong>) &#8211; &#8211; &#8211; RECOMENDADA<\/p>\n<p style=\"text-align: justify;\">D\u00eda <strong>8<\/strong> &#8211; <a title=\"Recogida motera de regalos Fua\u00e9\" href=\"http:\/\/www.tumotoweb.com\/destacada.php?id=2330\" target=\"_blank\" rel=\"external nofollow\">Recogida motera de regalos Fua\u00e9<\/a>, en El Colorado, Conil de la Frontera (<strong>C\u00e1diz<\/strong>)<\/p>\n<p style=\"text-align: justify;\">Del <strong>8 al 9<\/strong> &#8211; <a title=\"I Concentraci\u00f3n motera Pancyverde\" href=\"http:\/\/www.tumotoweb.com\/destacada.php?id=2317\" target=\"_blank\" rel=\"external nofollow\">I Concentraci\u00f3n motera Pancyverde<\/a>, en Coin (<strong>M\u00e1laga<\/strong>)<\/p>\n<p style=\"text-align: justify;\">Del <strong>8 al 9<\/strong> &#8211; <a title=\"XX Concentraci\u00f3n motera en Novelda\" href=\"http:\/\/www.tumotoweb.com\/destacada.php?id=2339\" target=\"_blank\" rel=\"external nofollow\">XX Concentraci\u00f3n motera Ruge<\/a>, en Novelda (<strong>Alicante<\/strong>)<\/p>\n<p style=\"text-align: justify;\">Del <strong>8 al 9<\/strong> &#8211; <a title=\"Acrobatic Sidecar Show\" href=\"http:\/\/www.tumotoweb.com\/destacada.php?id=2345\" target=\"_blank\" rel=\"external nofollow\">Barcelona Montjuic Revival<\/a>, en <strong>Barcelona<\/strong><\/p>\n<p style=\"text-align: justify;\">D\u00eda <strong>9<\/strong> &#8211; <a title=\"VI Recogida de juguetes\" href=\"http:\/\/www.tumotoweb.com\/destacada.php?id=2337\" target=\"_blank\" rel=\"external nofollow\">VI Recogida de juguetes<\/a> &#8220;Los Reyes Magos vienen en moto&#8221;, en <strong>C\u00e1diz<\/strong><\/p>\n<p style=\"text-align: justify;\">D\u00eda <strong>15<\/strong> &#8211; <a title=\"III Aniversario +Toy Run Pugilato\" href=\"http:\/\/www.tumotoweb.com\/destacada.php?id=2341\" target=\"_blank\" rel=\"external nofollow\">III Aniversario + Toy Run Pugilato M\u00e1laga<\/a>, en Torremolinos (<strong>M\u00e1laga<\/strong>)<\/p>\n<p style=\"text-align: justify;\">D\u00eda <strong>16<\/strong> &#8211; <a title=\"I Matinal motera solidaria en el Prat de Llobregat\" href=\"http:\/\/www.tumotoweb.com\/destacada.php?id=2336\" target=\"_blank\" rel=\"external nofollow\">I Matinal motera solidaria Custom Food Run<\/a>, en El Prat de Llobregat (<strong>Barcelona<\/strong>)<\/p>\n<p style=\"text-align: justify;\">D\u00eda <strong>16<\/strong> &#8211; <a title=\"X Reuni\u00f3n motera solidaria en Lepe\" href=\"http:\/\/www.tumotoweb.com\/destacada.php?id=2338\" target=\"_blank\" rel=\"external nofollow\">X Reuni\u00f3n motera solidaria de Lepe<\/a>, en Lepe (<strong>Huelva<\/strong>)<\/p>\n<p style=\"text-align: justify;\">D\u00eda <strong>16<\/strong> &#8211; <a title=\"El Gordo viene en moto\" href=\"http:\/\/www.tumotoweb.com\/destacada.php?id=2340\" target=\"_blank\" rel=\"external nofollow\">Esta navidad&#8230; El Gordo viene en moto<\/a>, en El Puerto de Santa Mar\u00eda (<strong>C\u00e1diz<\/strong>)<\/p>\n<p style=\"text-align: justify;\">D\u00eda <strong>16<\/strong> &#8211; <a title=\"Quedada motera \"Despedida de Oto\u00f1o\"\" href=\"http:\/\/www.concentracionesdemotos.com\/euskadi\/diciembre2012.html\" target=\"_blank\" rel=\"external nofollow\">Quedada motera &#8220;Despedida de Oto\u00f1o&#8221;<\/a>, en Vitoria (<strong>\u00c1lava<\/strong>)<\/p>\n<p style=\"text-align: justify;\">D\u00eda <strong>22<\/strong> &#8211; <a title=\"III Papanoelada Vigo\" href=\"http:\/\/www.tumotoweb.com\/destacada.php?id=2333\" target=\"_blank\" rel=\"external nofollow\">III Papanoelada Vigo<\/a>, en Vigo (<strong>Pontevedra<\/strong>)<\/p>\n<p style=\"text-align: justify;\">D\u00eda <strong>22<\/strong> &#8211; <a title=\"Fiesta ben\u00e9fica recogida de alimentos\" href=\"http:\/\/www.tumotoweb.com\/destacada.php?id=2342\" target=\"_blank\" rel=\"external nofollow\">Fiesta Ben\u00e9fica recogida de alimentos Motards Sur 53<\/a>, en Estepona (<strong>M\u00e1laga<\/strong>)<\/p>\n<p style=\"text-align: justify;\">D\u00eda <strong>22<\/strong> &#8211; <a title=\"Fiesta de Navidad Solsticio de Invierno 2012\" href=\"http:\/\/www.tumotoweb.com\/destacada.php?id=2350\" target=\"_blank\" rel=\"external nofollow\">Fiesta de Navidad Solsticio de Invierno<\/a>, en Berriozar (<strong>Navarra<\/strong>)<\/p>\n<p style=\"text-align: justify;\">Del <strong>22 al 23<\/strong>&#8211; <a title=\"XXXIX Reuni\u00f3n Motera Invernal Argis\" href=\"http:\/\/www.tumotoweb.com\/destacada.php?id=2334\" target=\"_blank\" rel=\"external nofollow\">XXXIX Reuni\u00f3n Motera Invernal Argis<\/a>, en Argis (<strong>Huesca<\/strong>)<\/p>\n<p style=\"text-align: justify;\">Del <strong>22 al 23<\/strong> &#8211; <a title=\"I Toy Run Druidas MC\" href=\"http:\/\/www.tumotoweb.com\/destacada.php?id=2352\" target=\"_blank\" rel=\"external nofollow\">I Toy Run Druidas MC 2012<\/a>, en Marcilla de Campos (<strong>Palencia<\/strong>)<\/p>\n<p style=\"text-align: justify;\">D\u00eda <strong>23<\/strong> &#8211; <a title=\"II Matinal Custom Centelles\" href=\"http:\/\/www.exiliomotero.com\/t2211-2-matinal-custom-centelles\" target=\"_blank\" rel=\"external nofollow\">II Matinal Custom Centelles<\/a>, en Centelles (<strong>Barcelona<\/strong>)<\/p>\n<p style=\"text-align: justify;\">D\u00eda <strong>23<\/strong> &#8211; <a title=\"I Quedada motera de Navidad 2013\" href=\"http:\/\/contumoto.com\/verEvento.php?IDEvento=572\" target=\"_blank\" rel=\"external nofollow\">I Quedada motera de Navidad 2013<\/a>, en Villabilla (<strong>Madrid<\/strong>)<\/p>\n<p style=\"text-align: justify;\">D\u00eda <strong>30<\/strong> &#8211; <a title=\"I Vuelta Moto-Tur\u00edstica al Mar Menor\" href=\"http:\/\/www.tumotoweb.com\/destacada.php?id=2348\" target=\"_blank\" rel=\"external nofollow\">I Vuelta Moto-Tur\u00edstica al Mar Menor<\/a>, en San Pedro del Pinatar (<strong>Murcia<\/strong>)<\/p>\n<p style=\"text-align: justify;\">Del <strong>31 al 1 de enero 2013<\/strong> &#8211; <a title=\"XXI Fiesta Motonochevieja 2012\" href=\"http:\/\/www.tumotoweb.com\/destacada.php?id=2349\" target=\"_blank\" rel=\"external nofollow\">XXI Fiesta Motonochevieja<\/a>, en Az\u00e1nigo (<strong>Huesca<\/strong>)<\/p>\n<p style=\"text-align: justify;\">.<\/p>\n<p style=\"text-align: justify;\">\u00a0 \u00a0 \u00a0 Concentraciones y quedadas moteras a lo largo de\u00a0<strong>noviembre<\/strong>\u00a02012\u00a0<strong>fuera de Espa\u00f1a<\/strong>:<\/p>\n<p style=\"text-align: justify;\">Del <strong>8\u00a0al 9<\/strong>\u00a0&#8211; <a title=\"Concentraci\u00f3n motera en Les Mirevaches\" href=\"http:\/\/motoclubtrasiegu.foroactivo.com\/t264-concentration-motocycliste-hivernale-internacionale-les-millevaches-2012-francia-8-9-diciembre\" target=\"_blank\" rel=\"external nofollow\">Concentration Motocycliste Hivernale Internacionale<\/a>, en Les Millevaches (<strong>Francia<\/strong>)<\/p>\n<p style=\"text-align: justify;\">.<\/p>\n<p style=\"text-align: justify;\">\u00a0 \u00a0 Ir\u00e9 poniendo m\u00e1s y sus enlaces a medida que se aproximen y me vaya enterando.<\/p>\n<p style=\"text-align: justify;\">\u00a0 \u00a0 Espero que disfrut\u00e9is de muchas de ellas e igual nos vemos por ah\u00ed.<\/p>\n<p style=\"text-align: justify;\"><strong>\u00a0 \u00a0 <a title=\"Enlace al facebook de Moteros de HOY\" href=\"http:\/\/www.facebook.com\/moteroshoy?ref=hl\" target=\"_blank\" rel=\"external nofollow\">Saludos y r\u00e1fagas<\/a>.<\/strong><\/p>\n<!-- AddThis Advanced Settings generic via filter on the_content --><!-- AddThis Share Buttons generic via filter on the_content -->","protected":false},"excerpt":{"rendered":"<p>\u00a0 \u00a0 \u00a0Como estamos en \u00e9pocas prenavide\u00f1as hay muchas concentraciones y encuentros moteros con el trasfondo solidario. Aqu\u00ed os dejo las principales concentraciones y kedadas moteras para\u00a0diciembre,\u00a0que a pesar del fr\u00edo contin\u00faan. Est\u00e1n separadas primero las de dentro de Extremadura, luego las del resto de Espa\u00f1a y para finalizar las de fuera. \u00a0 \u00a0 \u00a0Relaci\u00f3n [&hellip;]<!-- AddThis Advanced Settings generic via filter on get_the_excerpt --><!-- AddThis Share Buttons generic via filter on get_the_excerpt --><\/p>\n","protected":false},"author":49,"featured_media":0,"comment_status":"open","ping_status":"closed","sticky":false,"template":"","format":"standard","meta":[],"categories":[5,13],"tags":[262,372,555,622,629,639],"_links":{"self":[{"href":"https:\/\/blogs.hoy.es\/moterosdehoy\/wp-json\/wp\/v2\/posts\/564"}],"collection":[{"href":"https:\/\/blogs.hoy.es\/moterosdehoy\/wp-json\/wp\/v2\/posts"}],"about":[{"href":"https:\/\/blogs.hoy.es\/moterosdehoy\/wp-json\/wp\/v2\/types\/post"}],"author":[{"embeddable":true,"href":"https:\/\/blogs.hoy.es\/moterosdehoy\/wp-json\/wp\/v2\/users\/49"}],"replies":[{"embeddable":true,"href":"https:\/\/blogs.hoy.es\/moterosdehoy\/wp-json\/wp\/v2\/comments?post=564"}],"version-history":[{"count":0,"href":"https:\/\/blogs.hoy.es\/moterosdehoy\/wp-json\/wp\/v2\/posts\/564\/revisions"}],"wp:attachment":[{"href":"https:\/\/blogs.hoy.es\/moterosdehoy\/wp-json\/wp\/v2\/media?parent=564"}],"wp:term":[{"taxonomy":"category","embeddable":true,"href":"https:\/\/blogs.hoy.es\/moterosdehoy\/wp-json\/wp\/v2\/categories?post=564"},{"taxonomy":"post_tag","embeddable":true,"href":"https:\/\/blogs.hoy.es\/moterosdehoy\/wp-json\/wp\/v2\/tags?post=564"}],"curies":[{"name":"wp","href":"https:\/\/api.w.org\/{rel}","templated":true}]}}