{"id":570,"date":"2012-12-17T00:34:23","date_gmt":"2012-12-17T00:34:23","guid":{"rendered":"http:\/\/blogs.hoy.es\/moterosdehoy\/?p=570"},"modified":"2012-12-17T00:34:23","modified_gmt":"2012-12-17T00:34:23","slug":"transcurso-del-primer-encuentro-motero-solidario-en-badajoz-2","status":"publish","type":"post","link":"https:\/\/blogs.hoy.es\/moterosdehoy\/2012\/12\/17\/transcurso-del-primer-encuentro-motero-solidario-en-badajoz-2\/","title":{"rendered":"Transcurso del primer encuentro motero solidario en Badajoz"},"content":{"rendered":"<p style=\"text-align: justify;\">\u00a0\u00a0 El d\u00eda 16 de diciembre de 2012, tal y como estaba anunciado se pudo realizar el <a title=\"I Encuentro motero solidario en Badajoz\" href=\"https:\/\/blogs.hoy.es\/moterosdehoy\/2012\/11\/28\/i-encuentro-motero-solidario-ciudad-de-badajoz\/\" target=\"_blank\">I Encuentro motero solidario en Badajoz<\/a>.<\/p>\n<div id=\"attachment_572\" style=\"width: 310px\" class=\"wp-caption alignleft\"><a href=\"\/moterosdehoy\/wp-content\/uploads\/sites\/45\/2012\/12\/A-la-hora-de-la-comida.jpg\"><img aria-describedby=\"caption-attachment-572\" loading=\"lazy\" class=\"size-medium wp-image-572\" title=\"A la hora de la comida\" src=\"\/moterosdehoy\/wp-content\/uploads\/sites\/45\/2012\/12\/A-la-hora-de-la-comida.jpg\" alt=\"\" width=\"300\" height=\"200\" srcset=\"https:\/\/static-blogs.hoy.es\/wp-content\/uploads\/sites\/45\/2012\/12\/A-la-hora-de-la-comida.jpg 4752w, https:\/\/static-blogs.hoy.es\/wp-content\/uploads\/sites\/45\/2012\/12\/A-la-hora-de-la-comida-300x200.jpg 300w, https:\/\/static-blogs.hoy.es\/wp-content\/uploads\/sites\/45\/2012\/12\/A-la-hora-de-la-comida-768x512.jpg 768w, https:\/\/static-blogs.hoy.es\/wp-content\/uploads\/sites\/45\/2012\/12\/A-la-hora-de-la-comida-1024x683.jpg 1024w\" sizes=\"(max-width: 300px) 100vw, 300px\" \/><\/a><p id=\"caption-attachment-572\" class=\"wp-caption-text\">Fotograf\u00eda tomada en el lugar de la comida<\/p><\/div>\n<p style=\"text-align: justify;\">\u00a0\u00a0 Ante todo comentar que fue todo un logro pues se consigui\u00f3 unir a las pe\u00f1as y motoclubs de la ciudad e incluso algunas de la provincia.<\/p>\n<p style=\"text-align: justify;\">\u00a0\u00a0 El encuentro tuvo su lugar de reuni\u00f3n en el Restaurante Laguna Seca, desde donde se parti\u00f3 hasta la Plaza Alta en una ruta por ciudad, donde se person\u00f3 la Guardia Civil de Tr\u00e1fico para dar cobertura al evento acompa\u00f1ando a los moteros, figurando a modo de recalcar su m\u00e1s que conocida labor solidaria y benem\u00e9rita de la Guardia Civil.<\/p>\n<p style=\"text-align: justify;\">\u00a0\u00a0 Durante la ma\u00f1ana en la Plaza Alta se pudo pasear entre los diversos stand que hab\u00edan puesto en la plaza. Para ello se comenz\u00f3 con la presentaci\u00f3n de las autoridades provinciales, seguido de las oportunas presentaciones y disposici\u00f3n para salir pr\u00e1cticamente en caravana hasta la Plaza Alta.<\/p>\n<p style=\"text-align: justify;\">\u00a0\u00a0 Aqu\u00ed os dejo unas <strong><a title=\"Fotos del d\u00eda\" href=\"http:\/\/www.hoy.es\/multimedia\/fotos\/ultimos\/111751-cientos-personas-acuden-concentracion-motera-solidaria-0.html\" target=\"_blank\" rel=\"external nofollow\">fotos del d\u00eda<\/a><\/strong>, como pod\u00e9is ver todo transcurri\u00f3 perfectamente y fue una buena causa a la cual poder emplear los benef\u00edcios obtenidos.<\/p>\n<p style=\"text-align: justify;\">\u00a0 \u00a0 <strong>Para ver v\u00eddeos del encuentro haz click sobre los siguientes enlaces:<\/strong> <a title=\"Video de Rafael Gonz\u00e1lez\" href=\"http:\/\/www.youtube.com\/watch?v=cwrQsOHjB8Q\" target=\"_blank\" rel=\"external nofollow\">video 1<\/a>,\u00a0<a title=\"Video de Antonio Jes\u00fas Campos\" href=\"http:\/\/www.youtube.com\/watch?v=sWWyjoIJND8\" target=\"_blank\" rel=\"external nofollow\">video 2<\/a>, <a title=\"Video de Antonio Jes\u00fas Campos\" href=\"http:\/\/www.youtube.com\/watch?v=_GZaCYmDWko\" target=\"_blank\" rel=\"external nofollow\">video 3<\/a>, <a title=\"Video de Rafael Gonz\u00e1lez\" href=\"http:\/\/www.youtube.com\/watch?v=seSjSv1A_tM\" target=\"_blank\" rel=\"external nofollow\">video 4<\/a>, <a title=\"Video de Jos\u00e9 Antonio Arce\" href=\"http:\/\/www.youtube.com\/watch?v=a-FP0awERJA\" target=\"_blank\" rel=\"external nofollow\">video 5<\/a>, <a title=\"Video de Jos\u00e9 Antonio Arce\" href=\"http:\/\/www.youtube.com\/watch?v=BUCfjyETXqI\" target=\"_blank\" rel=\"external nofollow\">video 6<\/a><\/p>\n<p style=\"text-align: justify;\">\u00a0\u00a0 Espero que todos los participantes hayan podido<!--more--> disfrutar del evento, del cual solo se le puede reprochar que a la hora de realizar una cola para comer, algunos asistentes no tuvieron acceso a ello, pero fue pagar la novatada, era el primer encuentro motero solidario en Badajoz y de momento ha creado un granito de arena que ha unido a todas las pe\u00f1as, grupos y motoclubs de Badajoz.<\/p>\n<p style=\"text-align: justify;\">\u00a0\u00a0 Para tratarse del primer encuentro motero de \u00e9stas caracter\u00edsticas en Badajoz, conseguimos reunir la nada despreciable cita de m\u00e1s de 350 motos, con casi trescientas inscripciones para la comida y cerca de los 3.500 euros para la causa ben\u00e9fica. Gracias por supuesto a la ayuda de todos los colaboradores, pues sin ellos no habr\u00eda sido posible.<\/p>\n<p style=\"text-align: justify;\">\u00a0 \u00a0 Os dejo una carta de agradecimiento que escribi\u00f3 el Grupo Joven como agradecimiento y la cual he sacado del Peri\u00f3dico Hoy, en su publicaci\u00f3n del d\u00eda 24\/12\/2012:<\/p>\n<p style=\"text-align: justify; padding-left: 30px;\"><em>SOLIDARIDAD SOBRE RUEDAS.-<\/em><br \/>\n<em>Podr\u00eda haber sido un t\u00f3pico. El domingo 16 de Diciembre amaneci\u00f3 con un cielo gris encapotado, el asfalto h\u00famedo amenazaba con un d\u00eda lluvioso que invitaba a quedarse en casa. A pesar de ello la banda sonora de m\u00e1s de 300 motos pusieron m\u00fasica a infinitos gestos de solidaridad que concluyeron en la Plaza Alta. La generosidad con may\u00fasculas de cada uno de los moteros, que de forma personal o a trav\u00e9s de sus pe\u00f1as van hacer posible qu\u00e9 ni\u00f1os, j\u00f3venes y familias de la Asociaci\u00f3n Grupo Joven de Suerte de Saavedra, contin\u00faen un camino de sue\u00f1os. Esos mismos sue\u00f1os a los que las Administraciones ponen cada vez m\u00e1s puertas con cerrojos, y tiran su llave al mar. Recortes los llaman.\u00a0<\/em><br \/>\n<em>Por ello, Gracias a todos los moteros\u00a0que pusieron en pie la idea de unos pocos, y a todas las pe\u00f1as que la secundaron. Gracias inmensas tambi\u00e9n a cu\u00e1ntos han participado cediendo aquellos regalos para las rifas. A los y las, que pusieron baile y espect\u00e1culo sobre el escenario, y a qui\u00e9n dio un toque de magia ante tanta desesperanza. Y por supuesto Gracias a todos y a todas los que con nombre y apellidos nos ayudaron y nos animan a seguir adelante\u2026 porque tal y c\u00f3mo tarareamos en nuestra canci\u00f3n \u201cNo tenemos n\u00e1 de lo material, pero la amistad est\u00e1 garantiz\u00e1\u201d.\u00a0<\/em><br \/>\n<em>Desde el coraz\u00f3n de los voluntarios y voluntarias del GRUPO JOVEN, gracias, POR TANTA SOLIDARIDAD SOBRE RUEDAS.-<\/em><br \/>\n<em>Auxi de las Heras Escobar.- Badajoz<\/em><\/p>\n<p style=\"text-align: justify;\">\u00a0 \u00a0 Desde aqu\u00ed y por la parte que me toca por formar parte de la organizaci\u00f3n, doy las gracias de nuevo a tod@s por lo bien que transcurri\u00f3 todo.<\/p>\n<p style=\"text-align: justify;\">\u00a0\u00a0<strong>\u00a0 <a title=\"Enlace al facebook de Moteros de Hoy\" href=\"http:\/\/www.facebook.com\/moteroshoy?ref=hl\" target=\"_blank\" rel=\"external nofollow\">Saludos y r\u00e1fagas<\/a><\/strong>.<\/p>\n<p>&nbsp;<\/p>\n<p>&nbsp;<\/p>\n<p>&nbsp;<\/p>\n<p>&nbsp;<\/p>\n<!-- AddThis Advanced Settings generic via filter on the_content --><!-- AddThis Share Buttons generic via filter on the_content -->","protected":false},"excerpt":{"rendered":"<p>\u00a0\u00a0 El d\u00eda 16 de diciembre de 2012, tal y como estaba anunciado se pudo realizar el I Encuentro motero solidario en Badajoz. \u00a0\u00a0 Ante todo comentar que fue todo un logro pues se consigui\u00f3 unir a las pe\u00f1as y motoclubs de la ciudad e incluso algunas de la provincia. \u00a0\u00a0 El encuentro tuvo su [&hellip;]<!-- AddThis Advanced Settings generic via filter on get_the_excerpt --><!-- AddThis Share Buttons generic via filter on get_the_excerpt --><\/p>\n","protected":false},"author":49,"featured_media":0,"comment_status":"open","ping_status":"closed","sticky":false,"template":"","format":"standard","meta":[],"categories":[2,13],"tags":[371],"_links":{"self":[{"href":"https:\/\/blogs.hoy.es\/moterosdehoy\/wp-json\/wp\/v2\/posts\/570"}],"collection":[{"href":"https:\/\/blogs.hoy.es\/moterosdehoy\/wp-json\/wp\/v2\/posts"}],"about":[{"href":"https:\/\/blogs.hoy.es\/moterosdehoy\/wp-json\/wp\/v2\/types\/post"}],"author":[{"embeddable":true,"href":"https:\/\/blogs.hoy.es\/moterosdehoy\/wp-json\/wp\/v2\/users\/49"}],"replies":[{"embeddable":true,"href":"https:\/\/blogs.hoy.es\/moterosdehoy\/wp-json\/wp\/v2\/comments?post=570"}],"version-history":[{"count":0,"href":"https:\/\/blogs.hoy.es\/moterosdehoy\/wp-json\/wp\/v2\/posts\/570\/revisions"}],"wp:attachment":[{"href":"https:\/\/blogs.hoy.es\/moterosdehoy\/wp-json\/wp\/v2\/media?parent=570"}],"wp:term":[{"taxonomy":"category","embeddable":true,"href":"https:\/\/blogs.hoy.es\/moterosdehoy\/wp-json\/wp\/v2\/categories?post=570"},{"taxonomy":"post_tag","embeddable":true,"href":"https:\/\/blogs.hoy.es\/moterosdehoy\/wp-json\/wp\/v2\/tags?post=570"}],"curies":[{"name":"wp","href":"https:\/\/api.w.org\/{rel}","templated":true}]}}