{"id":578,"date":"2012-12-29T11:34:35","date_gmt":"2012-12-29T11:34:35","guid":{"rendered":"http:\/\/blogs.hoy.es\/moterosdehoy\/?p=578"},"modified":"2012-12-29T11:34:35","modified_gmt":"2012-12-29T11:34:35","slug":"concentraciones-moteras-en-enero-2013","status":"publish","type":"post","link":"https:\/\/blogs.hoy.es\/moterosdehoy\/2012\/12\/29\/concentraciones-moteras-en-enero-2013\/","title":{"rendered":"Concentraciones moteras en enero 2013"},"content":{"rendered":"<h2 style=\"text-align: justify;\">\u00a0 \u00a0 \u00a0 Ante todo <strong>FELIZ NAVIDAD Y PROSPERO A\u00d1O NUEVO<\/strong> 2013.<\/h2>\n<p style=\"text-align: justify;\">\u00a0 \u00a0 Para comenzar bien el a\u00f1o os presento las principales concentraciones y quedadas moteras para\u00a0<strong>enero,<\/strong><strong>\u00a0<\/strong>que a pesar del fr\u00edo contin\u00faan. Hay que tener muy en cuenta que suelen ser duras, sobre todo si tienes que desplazarte muchos kil\u00f3metros para llegar a ellas, pero a\u00fan as\u00ed hay varias muy famosas. Como en ocasiones anteriores, est\u00e1n separadas primero las de dentro de Extremadura, luego las del resto de Espa\u00f1a y para finalizar las de fuera.<\/p>\n<div id=\"attachment_579\" style=\"width: 310px\" class=\"wp-caption alignleft\"><a href=\"\/moterosdehoy\/wp-content\/uploads\/sites\/45\/2012\/12\/Ping\u00fcinos-2012.jpg\"><img aria-describedby=\"caption-attachment-579\" loading=\"lazy\" class=\"size-medium wp-image-579\" title=\"Ping\u00fcinos 2012\" src=\"\/moterosdehoy\/wp-content\/uploads\/sites\/45\/2012\/12\/Ping\u00fcinos-2012.jpg\" alt=\"\" width=\"300\" height=\"198\" srcset=\"https:\/\/static-blogs.hoy.es\/wp-content\/uploads\/sites\/45\/2012\/12\/Ping\u00fcinos-2012.jpg 2140w, https:\/\/static-blogs.hoy.es\/wp-content\/uploads\/sites\/45\/2012\/12\/Ping\u00fcinos-2012-300x199.jpg 300w, https:\/\/static-blogs.hoy.es\/wp-content\/uploads\/sites\/45\/2012\/12\/Ping\u00fcinos-2012-768x509.jpg 768w, https:\/\/static-blogs.hoy.es\/wp-content\/uploads\/sites\/45\/2012\/12\/Ping\u00fcinos-2012-1024x679.jpg 1024w\" sizes=\"(max-width: 300px) 100vw, 300px\" \/><\/a><p id=\"caption-attachment-579\" class=\"wp-caption-text\">Fotograf\u00eda tomada en Ping\u00fcinos 2012<\/p><\/div>\n<p style=\"text-align: justify;\">\u00a0 \u00a0 \u00a0<span style=\"text-decoration: underline;\">Relaci\u00f3n de concentraciones y quedadas moteras a lo largo de\u00a0<strong>enero<\/strong>\u00a02013 dentro de\u00a0<strong>Extremadura<\/strong>:<\/span><\/p>\n<p style=\"text-align: justify;\">De momento solo hay rutas domingueras gestionadas a trav\u00e9s de los foros de Sektores, os dejo el enlace a <a title=\"Enlace al Sektor Belloto\" href=\"http:\/\/www.sektores.com\/foro\/forumdisplay.php?f=48\" target=\"_blank\" rel=\"external nofollow\">Sektor Belloto<\/a> y <a title=\"Enlace al foro del Sektor Oscuro\" href=\"http:\/\/www.sektores.com\/foro\/forumdisplay.php?f=71\" target=\"_blank\" rel=\"external nofollow\">Sektor Oscuro<\/a> por si est\u00e1is interesados.<\/p>\n<p style=\"text-align: justify;\">.<\/p>\n<p style=\"text-align: justify;\">\u00a0 \u00a0 \u00a0<span style=\"text-decoration: underline;\">Concentraciones y quedadas moteras a lo largo de\u00a0<strong>enero\u00a0<\/strong>2013\u00a0<strong>fuera de Extremadura<\/strong>:<\/span><\/p>\n<p style=\"text-align: justify;\">D\u00edas <strong>10 al 13<\/strong>\u00a0\u2013\u00a0XXXII Concentraci\u00f3n Motorista Invernal Internacional &#8220;<strong><a title=\"Ping\u00fcinos 2013\" href=\"https:\/\/blogs.hoy.es\/moterosdehoy\/2012\/11\/20\/pinguinos-2013\/\" target=\"_blank\">Ping\u00fcinos 2013<\/a><\/strong>&#8220;, en Puente Duero (<strong>Valladolid<\/strong>) \u00a0 \u00a0 \u00a0 &#8211; &#8211; &#8211; &#8211; &#8211; &#8211; <strong>RECOMENDADA<\/strong><\/p>\n<p style=\"text-align: justify;\">D\u00eda <strong>12<\/strong> &#8211; <a title=\"VII Concentraci\u00f3n de motos cl\u00e1sicas\" href=\"http:\/\/www.tumotoweb.com\/destacada.php?id=2367\" target=\"_blank\" rel=\"external nofollow\">VII Concentraci\u00f3n de motos cl\u00e1sicas<\/a> en Beniopa (<strong>Valencia<\/strong>) A su vez durante los d\u00edas 11 al 13 exhibici\u00f3n de motos cl\u00e1sicas de competici\u00f3n.<\/p>\n<p style=\"text-align: justify;\">D\u00edas <strong>12 y 13<\/strong> &#8211; <a title=\"Reuni\u00f3n motera\" href=\"http:\/\/www.tumotoweb.com\/destacada.php?id=2365\" target=\"_blank\" rel=\"external nofollow\">IV Reuni\u00f3n motera La Cabra Mocha<\/a>, en Caldes de Montbui (<strong>Barcelona<\/strong>)<\/p>\n<p style=\"text-align: justify;\">D\u00edas <strong>12 y 13<\/strong> &#8211; <a title=\"V Aniversario Cosmopolitans\" href=\"http:\/\/www.tumotoweb.com\/destacada.php?id=2368\" target=\"_blank\" rel=\"external nofollow\">V Aniversario Cosmopolitans<\/a>, en La Manga del Mar Menor (<strong>Murcia<\/strong>)<\/p>\n<p style=\"text-align: justify;\">D\u00edas <strong>17 al 20<\/strong> &#8211; XIII Concentraci\u00f3n Motorista Invernal &#8220;<strong><a title=\"P\u00e1gina oficial de Motauros\" href=\"http:\/\/www.motauros.es\/\" target=\"_blank\" rel=\"external nofollow\">Motauros 2013<\/a><\/strong>&#8220;, en Tordesillas (<strong>Valladolid<\/strong>) &#8211; \u00a0&#8211; &#8211; <strong>MUY\u00a0RECOMENDADA<!--more--><\/strong><\/p>\n<p style=\"text-align: justify;\">D\u00eda <strong>20<\/strong> &#8211; <a title=\"VII Motoalmuerzo K-1 x Su lao\" href=\"http:\/\/www.tumotoweb.com\/destacada.php?id=2347\" target=\"_blank\" rel=\"external nofollow\">VII Motoalmuerzo K-1 x Su lao<\/a>, en Cartagena (<strong>Murcia<\/strong>)<\/p>\n<p style=\"text-align: justify;\">Del <strong>25 al 27<\/strong> &#8211; VI Concentraci\u00f3n motera y II Motoalmuerzo Invernal &#8220;<a title=\"Fiestas de San Ant\u00f3n en Tobarra\" href=\"http:\/\/www.tumotoweb.com\/destacada.php?id=2375\" target=\"_blank\" rel=\"external nofollow\">Fiestas de San Ant\u00f3n<\/a>&#8220;, en Tobarra (<strong>Albacete<\/strong>)<\/p>\n<p style=\"text-align: justify;\">D\u00edas <strong>26 y 27<\/strong> &#8211;<a title=\"XXIV Reuni\u00f3n libre Estrella de Javalambre\" href=\"http:\/\/www.tumotoweb.com\/destacada.php?id=2366\" target=\"_blank\" rel=\"external nofollow\"> XXIV Reuni\u00f3n libre Estrella de Javalambre<\/a>, en Manzanera\u00a0(<strong>Teruel<\/strong>)<\/p>\n<p style=\"text-align: justify;\">D\u00eda <strong>27<\/strong> &#8211; II Matinal motera 2012+1 <a title=\"II Matinal motera 2012+1 en Saced\u00f3n\" href=\"http:\/\/www.facebook.com\/events\/106133086222778\/117393971763356\/?notif_t=plan_mall_activity\" target=\"_blank\" rel=\"external nofollow\">&#8220;A lo huevos fritos con patatas&#8221;<\/a>, en Saced\u00f3n (<strong>Guadalajara<\/strong>)<\/p>\n<p style=\"text-align: justify;\">Del <strong>31 al 3 de febrero<\/strong> &#8211; XIII Concentraci\u00f3n Custom Harley Internacional &#8211; <a title=\"XIII Concentraci\u00f3n Custom Harley Internacional\" href=\"http:\/\/www.tumotoweb.com\/destacada.php?id=2369\" target=\"_blank\" rel=\"external nofollow\">Llunatica 2013<\/a>, en Oropesa del Mar (<strong>Castell\u00f3n<\/strong>) &#8211; &#8211; &#8211; <strong>RECOMENDADA<\/strong><\/p>\n<p style=\"text-align: justify;\">.<\/p>\n<p style=\"text-align: justify;\">\u00a0 \u00a0 \u00a0<span style=\"text-decoration: underline;\">Concentraciones y quedadas moteras a lo largo de\u00a0<strong>enero<\/strong>\u00a02013\u00a0<strong>fuera de Espa\u00f1a<\/strong>:<\/span><\/p>\n<p style=\"text-align: justify;\">Del <strong>5 al 6<\/strong>\u00a0&#8211; <a title=\"Concentraci\u00f3n motera Invernal en Francia\" href=\"http:\/\/motoclubtrasiegu.foroactivo.com\/t265-les-marmottes-2013-francia-saint-veran-5-6-enero\" target=\"_blank\" rel=\"external nofollow\">Les Marmottes 2013<\/a>, en Saint-Ver\u00e1n (<strong>Francia<\/strong>)<\/p>\n<p style=\"text-align: justify;\">Del <strong>12 al 13<\/strong> &#8211; <a title=\"Concentraci\u00f3n motera Invernal en Francia\" href=\"http:\/\/www.motofan.fr\/evenement\/hivernale-mc-les-ardechouilles-du-12-au-13-janvier\/439\" target=\"_blank\" rel=\"external nofollow\">Hivernale des Ardechouilles<\/a>, en Lalouvesc (<strong>Francia<\/strong>)<\/p>\n<p style=\"text-align: justify;\">.<\/p>\n<p style=\"text-align: justify;\">\u00a0 \u00a0 Ir\u00e9 poniendo m\u00e1s y sus enlaces a medida que se aproximen y me vaya enterando.<\/p>\n<p style=\"text-align: justify;\">\u00a0 \u00a0Me parece mentira que no se tomen en cuenta Concentraciones Moteras del tipo de Ping\u00fcinos o Motauros para no hacer coincidir con ellas, es totalmente il\u00f3gico que se organicen concentraciones en mismas fechas, produciendo lo que sucede en muchas ocasiones, a las grandes acuden muchos moteros y a las peque\u00f1as, se quedan en eso, un grupo de amigos que decidieron salir y anunciar su quedada, luego que no se quejen de la poca afluencia. Cuando coinciden varias os pongo bajo mi punto de mira cual es la recomendada.<\/p>\n<p style=\"text-align: justify;\">\u00a0 \u00a0Desde aqu\u00ed me gustar\u00eda llevar a cabo durante \u00e9ste a\u00f1o 2013 <strong>un poco de organizaci\u00f3n<\/strong>, como m\u00ednimo a nivel Extremadura, para intentar de impedir que pueblos muy cercanos tengan las concentraciones\/quedadas en mismas fechas.<\/p>\n<p style=\"text-align: justify;\">\u00a0 \u00a0 Espero que disfrut\u00e9is de muchas de ellas e igual nos vemos por ah\u00ed.<\/p>\n<p style=\"text-align: justify;\"><strong>\u00a0 \u00a0 <a title=\"Enlace al facebook de Moteros de Hoy\" href=\"http:\/\/www.facebook.com\/moteroshoy?ref=hl\" target=\"_blank\" rel=\"external nofollow\">Saludos y r\u00e1fagas<\/a>.<\/strong><\/p>\n<!-- AddThis Advanced Settings generic via filter on the_content --><!-- AddThis Share Buttons generic via filter on the_content -->","protected":false},"excerpt":{"rendered":"<p>\u00a0 \u00a0 \u00a0 Ante todo FELIZ NAVIDAD Y PROSPERO A\u00d1O NUEVO 2013. \u00a0 \u00a0 Para comenzar bien el a\u00f1o os presento las principales concentraciones y quedadas moteras para\u00a0enero,\u00a0que a pesar del fr\u00edo contin\u00faan. Hay que tener muy en cuenta que suelen ser duras, sobre todo si tienes que desplazarte muchos kil\u00f3metros para llegar a ellas, [&hellip;]<!-- AddThis Advanced Settings generic via filter on get_the_excerpt --><!-- AddThis Share Buttons generic via filter on get_the_excerpt --><\/p>\n","protected":false},"author":49,"featured_media":0,"comment_status":"open","ping_status":"closed","sticky":false,"template":"","format":"standard","meta":[],"categories":[5,13],"tags":[264,622,639,641],"_links":{"self":[{"href":"https:\/\/blogs.hoy.es\/moterosdehoy\/wp-json\/wp\/v2\/posts\/578"}],"collection":[{"href":"https:\/\/blogs.hoy.es\/moterosdehoy\/wp-json\/wp\/v2\/posts"}],"about":[{"href":"https:\/\/blogs.hoy.es\/moterosdehoy\/wp-json\/wp\/v2\/types\/post"}],"author":[{"embeddable":true,"href":"https:\/\/blogs.hoy.es\/moterosdehoy\/wp-json\/wp\/v2\/users\/49"}],"replies":[{"embeddable":true,"href":"https:\/\/blogs.hoy.es\/moterosdehoy\/wp-json\/wp\/v2\/comments?post=578"}],"version-history":[{"count":0,"href":"https:\/\/blogs.hoy.es\/moterosdehoy\/wp-json\/wp\/v2\/posts\/578\/revisions"}],"wp:attachment":[{"href":"https:\/\/blogs.hoy.es\/moterosdehoy\/wp-json\/wp\/v2\/media?parent=578"}],"wp:term":[{"taxonomy":"category","embeddable":true,"href":"https:\/\/blogs.hoy.es\/moterosdehoy\/wp-json\/wp\/v2\/categories?post=578"},{"taxonomy":"post_tag","embeddable":true,"href":"https:\/\/blogs.hoy.es\/moterosdehoy\/wp-json\/wp\/v2\/tags?post=578"}],"curies":[{"name":"wp","href":"https:\/\/api.w.org\/{rel}","templated":true}]}}