{"id":581,"date":"2013-01-15T06:03:04","date_gmt":"2013-01-15T06:03:04","guid":{"rendered":"http:\/\/blogs.hoy.es\/moterosdehoy\/?p=581"},"modified":"2013-01-15T06:03:04","modified_gmt":"2013-01-15T06:03:04","slug":"casi-26-000-inscritos-en-pinguinos-2013","status":"publish","type":"post","link":"https:\/\/blogs.hoy.es\/moterosdehoy\/2013\/01\/15\/casi-26-000-inscritos-en-pinguinos-2013\/","title":{"rendered":"Casi 26.000 inscritos en Ping\u00fcinos 2013"},"content":{"rendered":"<p style=\"text-align: justify;\">\u00a0 \u00a0 Por quinta vez consecutiva el pinar de <a title=\"Puente Duero en wikipedia\" href=\"http:\/\/es.wikipedia.org\/wiki\/Puente_Duero\" target=\"_blank\" rel=\"external nofollow\">Puente Duero<\/a> recibi\u00f3 la conocid\u00edsima concentraci\u00f3n motera internacional\u00a0<strong>Ping\u00fcinos.<\/strong> Tuvo lugar en el fin de semana transcurrido entre el 10 y el 13 de enero y recibi\u00f3 a gran n\u00famero de aficionados, en concreto en \u00e9sta <strong>32 edici\u00f3n<\/strong> ha llegado a nada menos que\u00a0<strong>25.964 inscritos, a\u00fan as\u00ed, han sido 751 menos que en la edici\u00f3n anterior\u00a0<\/strong>cuando fueron 26.715.<\/p>\n<p style=\"text-align: justify;\">\u00a0 \u00a0 Mariano Parellada, presidente del club <a title=\"P\u00e1gina oficial del club Turismoto\" href=\"http:\/\/62.193.193.75\/principal2012\/principal.htm\" target=\"_blank\" rel=\"external nofollow\">Turismoto<\/a>, organizador de la concentraci\u00f3n motera, asegur\u00f3 que\u00a0la crisis econ\u00f3mica tambi\u00e9n les ha tocado, pero han realizado un gran esfuerzo para que no se resintieran las tradicionales actividades.<\/p>\n<div id=\"attachment_582\" style=\"width: 310px\" class=\"wp-caption alignleft\"><a href=\"\/moterosdehoy\/wp-content\/uploads\/sites\/45\/2013\/01\/Premiados-en-ping\u00fcinos-2013.jpg\"><img aria-describedby=\"caption-attachment-582\" loading=\"lazy\" class=\"size-medium wp-image-582\" title=\"Premiados en ping\u00fcinos 2013\" src=\"\/moterosdehoy\/wp-content\/uploads\/sites\/45\/2013\/01\/Premiados-en-ping\u00fcinos-2013.jpg\" alt=\"\" width=\"300\" height=\"223\" srcset=\"https:\/\/static-blogs.hoy.es\/wp-content\/uploads\/sites\/45\/2013\/01\/Premiados-en-ping\u00fcinos-2013.jpg 402w, https:\/\/static-blogs.hoy.es\/wp-content\/uploads\/sites\/45\/2013\/01\/Premiados-en-ping\u00fcinos-2013-300x224.jpg 300w\" sizes=\"(max-width: 300px) 100vw, 300px\" \/><\/a><p id=\"caption-attachment-582\" class=\"wp-caption-text\">Premiados en Ping\u00fcinos 2013 (fotograf\u00eda de MOTORZOOM)<\/p><\/div>\n<p style=\"text-align: justify;\">\u00a0 \u00a0 A la hora de la entrega de premios el expiloto de motociclismo <a title=\"Sito Pons en wikipedia\" href=\"http:\/\/es.wikipedia.org\/wiki\/Sito_Pons\" target=\"_blank\" rel=\"external nofollow\">Sito Pons<\/a>, doble campe\u00f3n del mundo en 250 cent\u00edmetros c\u00fabicos (1988 y 1989), los hermanos Pol y <a title=\"Aleix Espargar\u00f3\" href=\"http:\/\/es.wikipedia.org\/wiki\/Aleix_Espargar%C3%B3\" target=\"_blank\" rel=\"external nofollow\">Aleix Espargar\u00f3<\/a>, y <a title=\"Mediaset\" href=\"http:\/\/www.mediaset.es\/\" target=\"_blank\" rel=\"external nofollow\">Mediaset Espa\u00f1a<\/a> a trav\u00e9s del periodista Marco Rocha, recibieron premios y agradecieron \u00abla pasi\u00f3n\u00bb que sienten los aficionados hacia las motos.<\/p>\n<p style=\"text-align: justify;\">\u00a0 \u00a0 \u00a0En el caso de Sito Pons recibi\u00f3 el \u00abPing\u00fcino de Oro\u00bb en reconocimiento a su trayectoria en el mundo del motor. En ese momento indic\u00f3 que sigue la concentraci\u00f3n vallisoletana y que le hubiera gustado disponer de tiempo para acercarse a disfrutar del ambiente que all\u00ed se vive.<\/p>\n<p style=\"text-align: justify;\">\u00a0 \u00a0 El m\u00e1s aclamado fue <a title=\"Pol Espargar\u00f3\" href=\"http:\/\/es.wikipedia.org\/wiki\/Pol_Espargar%C3%B3\" target=\"_blank\" rel=\"external nofollow\">Pol Espargar\u00f3<\/a>, cuando dijo que \u201chay que estar muy locos y tener mucha pasi\u00f3n por las motos\u201d para estar en Ping\u00fcinos con la temperatura tan g\u00e9lida. Del mismo modo agradeci\u00f3 el apoyo recibido durante todo el a\u00f1o 2012, record\u00f3 que ha sido una temporada \u00abdura, con altibajos\u00bb, donde logr\u00f3 el subcampeonato mundial en su categor\u00eda, y confi\u00f3 en que 2013 el \u00e9xito sea mayor.<\/p>\n<p style=\"text-align: justify;\">\u00a0 \u00a0 \u00a0En esta edici\u00f3n se person\u00f3 el alcalde de Valladolid,<!--more-->\u00a0<strong>Javier Le\u00f3n de la Riva<\/strong>, quien en el cierre del evento recalc\u00f3 que Puente Duero es la mejor ubicaci\u00f3n para esta concentraci\u00f3n, aunque a su vez se\u00f1al\u00f3 que la \u00faltima palabra la tiene la Junta de <a title=\"Castilla y Le\u00f3n\" href=\"http:\/\/www.jcyl.es\/\" target=\"_blank\" rel=\"external nofollow\">Castilla y Le\u00f3n<\/a>.<\/p>\n<p style=\"text-align: justify;\">\u00a0 \u00a0 \u00a0La organizaci\u00f3n concedi\u00f3 dos menciones especiales a la revista Motociclismo, colaboradora del evento, as\u00ed como a la periodista Eva Moreno, de Cadena SER Valladolid, quien estuvo al pie del ca\u00f1\u00f3n durante todo el fin de semana.<\/p>\n<p style=\"text-align: justify;\">\u00a0 \u00a0 De todas las motos que por all\u00ed se reunieron hay que decir que solo ocurri\u00f3 un incidente de gravedad, cuando por la tarde del s\u00e1bado un turismo colision\u00f3 contra dos motocicletas, ocasionando lesiones de gravedad y traslado al hospital de un motero (Informaci\u00f3n recibida de Efe)<\/p>\n<p style=\"text-align: justify;\">\u00a0 \u00a0 Como en muchas ediciones anteriores durante el fin de semana hubo frio, mucho frio y lluvia. Adem\u00e1s para los moteros extreme\u00f1os, la <a title=\"Sierra de B\u00e9jar\" href=\"http:\/\/es.wikipedia.org\/wiki\/Sierra_de_B%C3%A9jar\" target=\"_blank\" rel=\"external nofollow\">Sierra de B\u00e9jar<\/a> les regal\u00f3 algo de aguanieve al regreso como despedida Ping\u00fcinera.<\/p>\n<p style=\"text-align: justify;\">\u00a0 \u00a0 Y para el pr\u00f3ximo fin de semana, <a title=\"P\u00e1gina oficial de Motauros\" href=\"http:\/\/www.motauros.es\/\" target=\"_blank\" rel=\"external nofollow\">Motauros<\/a> en <a title=\"Tordesillas en wikipedia\" href=\"http:\/\/es.wikipedia.org\/wiki\/Tordesillas\" target=\"_blank\" rel=\"external nofollow\">Tordesillas<\/a>, tendr\u00e1 lugar entre los d\u00edas 17 y 20 de enero. Para los desconocedores del tema les resultar\u00e1 curioso que dos concentraciones invernales se produzcan tan seguidas y tan pr\u00f3ximas, dado que ambas se realizan en tierras vallisoletanas, pero indicar que Motauros surgi\u00f3 en el 2001 por la divisi\u00f3n de la organizaci\u00f3n, configur\u00e1ndose para muchos como la verdadera concentraci\u00f3n invernal al quedarse en su inicial ubicaci\u00f3n \u201cTordesillas\u201d.<\/p>\n<p style=\"text-align: justify;\"><strong>\u00a0 \u00a0 <a title=\"Enlace al facebook de Moteros de HOY\" href=\"http:\/\/www.facebook.com\/moteroshoy?ref=hl\" target=\"_blank\" rel=\"external nofollow\">Saludos y r\u00e1fagas.<\/a><\/strong><\/p>\n<!-- AddThis Advanced Settings generic via filter on the_content --><!-- AddThis Share Buttons generic via filter on the_content -->","protected":false},"excerpt":{"rendered":"<p>\u00a0 \u00a0 Por quinta vez consecutiva el pinar de Puente Duero recibi\u00f3 la conocid\u00edsima concentraci\u00f3n motera internacional\u00a0Ping\u00fcinos. Tuvo lugar en el fin de semana transcurrido entre el 10 y el 13 de enero y recibi\u00f3 a gran n\u00famero de aficionados, en concreto en \u00e9sta 32 edici\u00f3n ha llegado a nada menos que\u00a025.964 inscritos, a\u00fan as\u00ed, [&hellip;]<!-- AddThis Advanced Settings generic via filter on get_the_excerpt --><!-- AddThis Share Buttons generic via filter on get_the_excerpt --><\/p>\n","protected":false},"author":49,"featured_media":0,"comment_status":"open","ping_status":"closed","sticky":false,"template":"","format":"standard","meta":[],"categories":[13],"tags":[622,629,781],"_links":{"self":[{"href":"https:\/\/blogs.hoy.es\/moterosdehoy\/wp-json\/wp\/v2\/posts\/581"}],"collection":[{"href":"https:\/\/blogs.hoy.es\/moterosdehoy\/wp-json\/wp\/v2\/posts"}],"about":[{"href":"https:\/\/blogs.hoy.es\/moterosdehoy\/wp-json\/wp\/v2\/types\/post"}],"author":[{"embeddable":true,"href":"https:\/\/blogs.hoy.es\/moterosdehoy\/wp-json\/wp\/v2\/users\/49"}],"replies":[{"embeddable":true,"href":"https:\/\/blogs.hoy.es\/moterosdehoy\/wp-json\/wp\/v2\/comments?post=581"}],"version-history":[{"count":0,"href":"https:\/\/blogs.hoy.es\/moterosdehoy\/wp-json\/wp\/v2\/posts\/581\/revisions"}],"wp:attachment":[{"href":"https:\/\/blogs.hoy.es\/moterosdehoy\/wp-json\/wp\/v2\/media?parent=581"}],"wp:term":[{"taxonomy":"category","embeddable":true,"href":"https:\/\/blogs.hoy.es\/moterosdehoy\/wp-json\/wp\/v2\/categories?post=581"},{"taxonomy":"post_tag","embeddable":true,"href":"https:\/\/blogs.hoy.es\/moterosdehoy\/wp-json\/wp\/v2\/tags?post=581"}],"curies":[{"name":"wp","href":"https:\/\/api.w.org\/{rel}","templated":true}]}}