{"id":583,"date":"2013-01-15T08:54:14","date_gmt":"2013-01-15T08:54:14","guid":{"rendered":"http:\/\/blogs.hoy.es\/moterosdehoy\/?p=583"},"modified":"2013-01-15T08:54:14","modified_gmt":"2013-01-15T08:54:14","slug":"moteros-solidarios-de-badajoz","status":"publish","type":"post","link":"https:\/\/blogs.hoy.es\/moterosdehoy\/2013\/01\/15\/moteros-solidarios-de-badajoz\/","title":{"rendered":"Moteros solidarios de Badajoz"},"content":{"rendered":"<p style=\"text-align: justify;\">\u00a0 \u00a0 El d\u00eda 15 de enero, una vez pasada la resaca de las fiestas navide\u00f1as y a casi un mes de la celebraci\u00f3n del <a title=\"I Encuentro Motero Solidario Ciudad de Badajoz\" href=\"https:\/\/blogs.hoy.es\/moterosdehoy\/2012\/11\/18\/primer-encuentro-motero-solidario-ciudad-de-badajoz\/\" target=\"_blank\">I Encuentro Motero Solidario Ciudad de Badajoz<\/a>, se procedi\u00f3 a hacer entrega de la aportaci\u00f3n ben\u00e9fica que se ha conseguido recaudar gracias al encuentro.<\/p>\n<p style=\"text-align: justify;\">\u00a0 \u00a0 Tuvo lugar a las 19:00 horas en la sede de la Asociaci\u00f3n Socio-Cultural &#8220;GRUPO JOVEN&#8221;, sita en Suerte de Saavedra.<\/p>\n<div class=\"mceTemp\" style=\"text-align: justify;\">\n<dl id=\"attachment_584\" class=\"wp-caption alignleft\" style=\"width: 310px;\">\n<dt class=\"wp-caption-dt\"><a href=\"\/moterosdehoy\/wp-content\/uploads\/sites\/45\/2013\/01\/Cheque.jpg\"><img loading=\"lazy\" class=\"size-medium wp-image-584\" title=\"Cheque\" src=\"\/moterosdehoy\/wp-content\/uploads\/sites\/45\/2013\/01\/Cheque.jpg\" alt=\"\" width=\"300\" height=\"150\" srcset=\"https:\/\/static-blogs.hoy.es\/wp-content\/uploads\/sites\/45\/2013\/01\/Cheque.jpg 960w, https:\/\/static-blogs.hoy.es\/wp-content\/uploads\/sites\/45\/2013\/01\/Cheque-300x150.jpg 300w, https:\/\/static-blogs.hoy.es\/wp-content\/uploads\/sites\/45\/2013\/01\/Cheque-768x384.jpg 768w\" sizes=\"(max-width: 300px) 100vw, 300px\" \/><\/a><\/dt>\n<dd class=\"wp-caption-dd\">Detalle del cheque que se entreg\u00f3 al GRUPO JOVEN<\/dd>\n<\/dl>\n<\/div>\n<p style=\"text-align: justify;\">\u00a0 \u00a0 <strong>En total se ha conseguido la nada despreciable cifra de 3.300\u20ac<\/strong> limpitos.<\/p>\n<p style=\"text-align: justify;\">\u00a0 \u00a0 \u00a0 \u00a0Desde aqu\u00ed aprovechamos para dar las gracias a todos los colaboradores, a las pe\u00f1as moteras y motoclubs de la ciudad e incluso de la provincia que han participado en su organizaci\u00f3n, pudiendo permitir que todo llegase a buen fin, adem\u00e1s y como no agradecer la participaci\u00f3n de todos los inscritos, casi quinientas personas, con <strong>m\u00e1s de 350 motos inscritas<\/strong> y aquellos que quisieron disfrutar de una ma\u00f1ana l\u00fadica junto a nosotros a trav\u00e9s de las distintas actividades que se realizaron en la Plaza Alta de <a title=\"Badajoz en wikipedia\" href=\"http:\/\/es.wikipedia.org\/wiki\/Badajoz\" target=\"_blank\" rel=\"external nofollow\">Badajoz<\/a>.<\/p>\n<p style=\"text-align: justify;\">\u00a0 \u00a0 En su d\u00eda el acto tuvo como invitado de honor a Jos\u00e9 Luis Cardoso, expiloto de MotoGP y que en la actualidad tiene una escuela de conducci\u00f3n &#8220;<a title=\"Cardoso School\" href=\"http:\/\/www.cardososchool.com\/web\/publico\/inicio\" target=\"_blank\" rel=\"external nofollow\">Cardoso School<\/a>&#8220;, quien realiz\u00f3 la ruta por ciudad junto a los moteros y para ello tuvo escolta de una patrulla de la <a title=\"Direcci\u00f3n General de Tr\u00e1fico\" href=\"http:\/\/www.dgt.es\/portal\/\" target=\"_blank\" rel=\"external nofollow\">Guardia Civil de Tr\u00e1fico<\/a>, demostrando una vez m\u00e1s su\u00a0car\u00e1cter\u00a0de <a title=\"P\u00e1gina oficial de la Guardia Civil\" href=\"http:\/\/www.guardiacivil.es\/es\/\" target=\"_blank\" rel=\"external nofollow\">benem\u00e9rito cuerpo<\/a>.<\/p>\n<p style=\"text-align: justify;\"><strong>\u00a0 \u00a0 Si quieres ver fotograf\u00edas del acto de entrega<\/strong> <strong><a title=\"Fotograf\u00edas de la entrega de los beneficios obtenidos\" href=\"http:\/\/www.hoy.es\/multimedia\/fotos\/ultimos\/113242-moteros-solidarios-badajoz-0.html\" target=\"_blank\" rel=\"external nofollow\">haz click aqu\u00ed<\/a><\/strong>.<\/p>\n<p style=\"text-align: justify;\"><strong>\u00a0 \u00a0<a title=\"Facebook de Moteros de HOY\" href=\"http:\/\/www.facebook.com\/moteroshoy?ref=hl\" target=\"_blank\" rel=\"external nofollow\"> Saludos y r\u00e1fagas<\/a>.<\/strong><\/p>\n<!-- AddThis Advanced Settings generic via filter on the_content --><!-- AddThis Share Buttons generic via filter on the_content -->","protected":false},"excerpt":{"rendered":"<p>\u00a0 \u00a0 El d\u00eda 15 de enero, una vez pasada la resaca de las fiestas navide\u00f1as y a casi un mes de la celebraci\u00f3n del I Encuentro Motero Solidario Ciudad de Badajoz, se procedi\u00f3 a hacer entrega de la aportaci\u00f3n ben\u00e9fica que se ha conseguido recaudar gracias al encuentro. \u00a0 \u00a0 Tuvo lugar a las [&hellip;]<!-- AddThis Advanced Settings generic via filter on get_the_excerpt --><!-- AddThis Share Buttons generic via filter on get_the_excerpt --><\/p>\n","protected":false},"author":49,"featured_media":0,"comment_status":"open","ping_status":"closed","sticky":false,"template":"","format":"standard","meta":[],"categories":[7,13],"tags":[370,438,622,629],"_links":{"self":[{"href":"https:\/\/blogs.hoy.es\/moterosdehoy\/wp-json\/wp\/v2\/posts\/583"}],"collection":[{"href":"https:\/\/blogs.hoy.es\/moterosdehoy\/wp-json\/wp\/v2\/posts"}],"about":[{"href":"https:\/\/blogs.hoy.es\/moterosdehoy\/wp-json\/wp\/v2\/types\/post"}],"author":[{"embeddable":true,"href":"https:\/\/blogs.hoy.es\/moterosdehoy\/wp-json\/wp\/v2\/users\/49"}],"replies":[{"embeddable":true,"href":"https:\/\/blogs.hoy.es\/moterosdehoy\/wp-json\/wp\/v2\/comments?post=583"}],"version-history":[{"count":0,"href":"https:\/\/blogs.hoy.es\/moterosdehoy\/wp-json\/wp\/v2\/posts\/583\/revisions"}],"wp:attachment":[{"href":"https:\/\/blogs.hoy.es\/moterosdehoy\/wp-json\/wp\/v2\/media?parent=583"}],"wp:term":[{"taxonomy":"category","embeddable":true,"href":"https:\/\/blogs.hoy.es\/moterosdehoy\/wp-json\/wp\/v2\/categories?post=583"},{"taxonomy":"post_tag","embeddable":true,"href":"https:\/\/blogs.hoy.es\/moterosdehoy\/wp-json\/wp\/v2\/tags?post=583"}],"curies":[{"name":"wp","href":"https:\/\/api.w.org\/{rel}","templated":true}]}}