{"id":590,"date":"2013-01-21T02:41:13","date_gmt":"2013-01-21T02:41:13","guid":{"rendered":"http:\/\/blogs.hoy.es\/moterosdehoy\/?p=590"},"modified":"2013-01-21T02:41:13","modified_gmt":"2013-01-21T02:41:13","slug":"finalizado-motauros-2013","status":"publish","type":"post","link":"https:\/\/blogs.hoy.es\/moterosdehoy\/2013\/01\/21\/finalizado-motauros-2013\/","title":{"rendered":"Finalizado Motauros 2013"},"content":{"rendered":"<p style=\"text-align: justify;\">\u00a0 \u00a0 Muchas eran las buenas expectativas hacia esta edici\u00f3n de <a title=\"P\u00e1gina oficial de Motauros\" href=\"http:\/\/www.motauros.es\/\" target=\"_blank\" rel=\"external nofollow\">Motauros<\/a>, desde que comenz\u00f3 en el a\u00f1o 2000 no ha parado de subir adeptos. Este a\u00f1o,<strong> los d\u00edas comprendidos entre el 17 y 20 de enero<\/strong> <strong>otra vez m\u00e1s en <a title=\"P\u00e1gina del Ayto de Tordesillas\" href=\"http:\/\/www.tordesillas.ayuntamientosdevalladolid.es\/\" target=\"_blank\" rel=\"external nofollow\">Tordesillas<\/a><\/strong> (Valladolid), concretamente en la zona recreativa de Valdegalindo, pero <strong>este a\u00f1o con el trasfondo de la crisis y sobre todo el fuerte viento y la lluvia<\/strong>, se ha visto mermado su volumen. Alej\u00e1ndose de la cifra de 10.000 moteros a los que se esperaba llegar y superar.<\/p>\n<div id=\"attachment_591\" style=\"width: 310px\" class=\"wp-caption alignleft\"><a href=\"\/moterosdehoy\/wp-content\/uploads\/sites\/45\/2013\/01\/Motauros-2013.jpg\"><img aria-describedby=\"caption-attachment-591\" loading=\"lazy\" class=\"size-medium wp-image-591\" title=\"Motauros 2013\" src=\"\/moterosdehoy\/wp-content\/uploads\/sites\/45\/2013\/01\/Motauros-2013.jpg\" alt=\"\" width=\"300\" height=\"201\" srcset=\"https:\/\/static-blogs.hoy.es\/wp-content\/uploads\/sites\/45\/2013\/01\/Motauros-2013.jpg 600w, https:\/\/static-blogs.hoy.es\/wp-content\/uploads\/sites\/45\/2013\/01\/Motauros-2013-300x201.jpg 300w\" sizes=\"(max-width: 300px) 100vw, 300px\" \/><\/a><p id=\"caption-attachment-591\" class=\"wp-caption-text\">Ruta dentro de Motauros 2013<\/p><\/div>\n<p style=\"text-align: justify;\">\u00a0 \u00a0En concreto <strong>hubo 6.730 inscritos<\/strong>, una cifra nada despreciable pero inferior en 3.270 de los del a\u00f1o pasado, lo que supone un agrio sabor de boca, seg\u00fan dio a entender Juan Carlos Ruiz, Presidente del motoclub organizador de la concentraci\u00f3n.<\/p>\n<p style=\"text-align: justify;\">\u00a0 \u00a0<strong>Este a\u00f1o se cont\u00f3 con la actuaci\u00f3n estelar de \u201c<a title=\"P\u00e1gina web de Barricada\" href=\"http:\/\/www.barricada.com.es\/\" target=\"_blank\" rel=\"external nofollow\">Barricada<\/a>\u201d<\/strong>, adem\u00e1s de grupos noveles como \u201cCilindrada\u201d, \u201cLechazo Rock\u201d, \u201cViga y Across\u201d, \u201cEl concierto de Rulo y la Contrabanda\u201d.<\/p>\n<p style=\"text-align: justify;\">\u00a0 \u00a0 Adem\u00e1s se cont\u00f3 con una ruta a la localidad de la <a title=\"P\u00e1gina de Nava del Rey\" href=\"http:\/\/www.ayto-navadelrey.com\/\" target=\"_blank\" rel=\"external nofollow\">Nava del Rey<\/a> a unos 25 kil\u00f3metros, donde a pesar de las bajas temperaturas durante las primeras horas del d\u00eda y la lluvia intermitente, m\u00e1s de 800 motos con unos 1.600 moteros se animaron a asistir a la exhibici\u00f3n acrob\u00e1tica sobre dos ruedas de <a title=\"P\u00e1gina de Ronaldo Stuntman\" href=\"http:\/\/www.ronaldofreestyle.com\/fvarias.htm\" target=\"_blank\" rel=\"external nofollow\">Ronaldo Stuntman<\/a>.<\/p>\n<p style=\"text-align: justify;\">\u00a0 \u00a0 Seg\u00fan datos de <a title=\"Enlace a la p\u00e1gina de Cruz Roja\" href=\"http:\/\/www.cruzroja.es\/portada\/\" target=\"_blank\" rel=\"external nofollow\">Cruz Roja<\/a>, un total de 19 personas fueron atendidas por los 33 voluntarios durante todo el fin de semana, por cortes, quemaduras, indisposiciones y peque\u00f1as contusiones. Figurando una sola persona trasladada al centro sanitario de Medina del Campo por una afecci\u00f3n cardiaca, por lo que no hubo ning\u00fan accidente significativo.<\/p>\n<p style=\"text-align: justify;\"><strong>\u00a0 \u00a0 <a title=\"Enlace al facebook de Moteros de HOY\" href=\"http:\/\/www.facebook.com\/moteroshoy?ref=hl\" target=\"_blank\" rel=\"external nofollow\">Saludos y r\u00e1fagas<\/a>.<\/strong><\/p>\n<!-- AddThis Advanced Settings generic via filter on the_content --><!-- AddThis Share Buttons generic via filter on the_content -->","protected":false},"excerpt":{"rendered":"<p>\u00a0 \u00a0 Muchas eran las buenas expectativas hacia esta edici\u00f3n de Motauros, desde que comenz\u00f3 en el a\u00f1o 2000 no ha parado de subir adeptos. Este a\u00f1o, los d\u00edas comprendidos entre el 17 y 20 de enero otra vez m\u00e1s en Tordesillas (Valladolid), concretamente en la zona recreativa de Valdegalindo, pero este a\u00f1o con el [&hellip;]<!-- AddThis Advanced Settings generic via filter on get_the_excerpt --><!-- AddThis Share Buttons generic via filter on get_the_excerpt --><\/p>\n","protected":false},"author":49,"featured_media":0,"comment_status":"open","ping_status":"closed","sticky":false,"template":"","format":"standard","meta":[],"categories":[13],"tags":[603,622,629],"_links":{"self":[{"href":"https:\/\/blogs.hoy.es\/moterosdehoy\/wp-json\/wp\/v2\/posts\/590"}],"collection":[{"href":"https:\/\/blogs.hoy.es\/moterosdehoy\/wp-json\/wp\/v2\/posts"}],"about":[{"href":"https:\/\/blogs.hoy.es\/moterosdehoy\/wp-json\/wp\/v2\/types\/post"}],"author":[{"embeddable":true,"href":"https:\/\/blogs.hoy.es\/moterosdehoy\/wp-json\/wp\/v2\/users\/49"}],"replies":[{"embeddable":true,"href":"https:\/\/blogs.hoy.es\/moterosdehoy\/wp-json\/wp\/v2\/comments?post=590"}],"version-history":[{"count":0,"href":"https:\/\/blogs.hoy.es\/moterosdehoy\/wp-json\/wp\/v2\/posts\/590\/revisions"}],"wp:attachment":[{"href":"https:\/\/blogs.hoy.es\/moterosdehoy\/wp-json\/wp\/v2\/media?parent=590"}],"wp:term":[{"taxonomy":"category","embeddable":true,"href":"https:\/\/blogs.hoy.es\/moterosdehoy\/wp-json\/wp\/v2\/categories?post=590"},{"taxonomy":"post_tag","embeddable":true,"href":"https:\/\/blogs.hoy.es\/moterosdehoy\/wp-json\/wp\/v2\/tags?post=590"}],"curies":[{"name":"wp","href":"https:\/\/api.w.org\/{rel}","templated":true}]}}