{"id":599,"date":"2013-01-30T09:08:00","date_gmt":"2013-01-30T09:08:00","guid":{"rendered":"http:\/\/blogs.hoy.es\/moterosdehoy\/?p=599"},"modified":"2013-01-30T09:08:00","modified_gmt":"2013-01-30T09:08:00","slug":"concentraciones-moteras-febrero-2013","status":"publish","type":"post","link":"https:\/\/blogs.hoy.es\/moterosdehoy\/2013\/01\/30\/concentraciones-moteras-febrero-2013\/","title":{"rendered":"Concentraciones moteras febrero 2013"},"content":{"rendered":"<p>Contin\u00faa el fr\u00edo y contin\u00faan las concentraciones Invernales. Aqu\u00ed os dejo las principales concentraciones y kedadas moteras para\u00a0<strong>febrero<\/strong>. Est\u00e1n separadas primero las de dentro de Extremadura, luego las del resto de Espa\u00f1a y para finalizar las de fuera.<\/p>\n<p><a href=\"\/moterosdehoy\/wp-content\/uploads\/sites\/45\/2013\/01\/Moto-en-invierno.jpg\"><img loading=\"lazy\" class=\"alignleft size-full wp-image-600\" title=\"Moto en invierno\" src=\"\/moterosdehoy\/wp-content\/uploads\/sites\/45\/2013\/01\/Moto-en-invierno.jpg\" alt=\"\" width=\"257\" height=\"196\" \/><\/a>\u00a0 \u00a0 \u00a0 Relaci\u00f3n de concentraciones y quedadas moteras a lo largo de\u00a0<strong>febrero<\/strong>\u00a02013 dentro de\u00a0<strong>Extremadura<\/strong>:<\/p>\n<p>D\u00eda <strong>9<\/strong>\u00a0\u2013\u00a0<a title=\"Territorial del VOCS en Extremadura\" href=\"https:\/\/blogs.hoy.es\/moterosdehoy\/2013\/02\/06\/vocs-en-extremadura\/\" target=\"_blank\">Creaci\u00f3n de la Territorial del VOCS de Extremadura<\/a> (<strong>Badajoz<\/strong>)<\/p>\n<p>D\u00edas <strong>22, 23 y 24<\/strong> &#8211; <a title=\"I IBS Motorbike Tourer Weekend\" href=\"http:\/\/www.ibikespain.lptravel.es\/index.php\/es\/mnu-eventos-es\/item\/94-i-ibs-motorbike-tourer-weekend\" target=\"_blank\" rel=\"external nofollow\">I IBS Motorbike Tourer<\/a>\u00a0<a title=\"I IBS Motorbike Tourer Weekend\" href=\"http:\/\/www.ibikespain.lptravel.es\/index.php\/es\/mnu-eventos-es\/item\/94-i-ibs-motorbike-tourer-weekend\" target=\"_blank\" rel=\"external nofollow\">Weekend<\/a>, Plasencia + Norte de Extremadura, en Plasencia (<strong>C\u00e1ceres<\/strong>)<\/p>\n<p>D\u00edas <strong>23 y 24<\/strong> &#8211; <a title=\"XI Ruta motos y quads\" href=\"https:\/\/blogs.hoy.es\/moterosdehoy\/2013\/02\/21\/xi-ruta-motos-y-quad-oliva-de-la-frontera\/\" target=\"_blank\">XI Ruta Motos y Quads<\/a>, Oliva de la Frontera (<strong>Badajoz<\/strong>)<\/p>\n<p>D\u00eda <strong>24<\/strong> &#8211; <a title=\"IV Ruta Vespas y motos cl\u00e1sicas de Badajoz\" href=\"https:\/\/blogs.hoy.es\/moterosdehoy\/2013\/02\/20\/iv-encuentro-vespas-y-motos-clasicas-de-badajoz\/\" target=\"_blank\">IV Ruta Vespas y motos cl\u00e1sicas<\/a> de <strong>Badajoz<\/strong>.<\/p>\n<p>.<\/p>\n<p>Concentraciones y quedadas moteras a lo largo de\u00a0<strong>febrero\u00a0<\/strong>2013\u00a0<strong>fuera de Extremadura<\/strong>:<\/p>\n<p>Del <strong>1 al 16<\/strong>, <a title=\"III Muestra toda una vida en moto\" href=\"http:\/\/www.planetacustom.es\/index.php?it=7&#038;evn=362\" target=\"_blank\" rel=\"external nofollow\">III Muestra toda una vida en moto<\/a>, en <strong>Zamora<\/strong><\/p>\n<p>D\u00edas <strong>1, 2 y 3<\/strong>\u00a0\u2013 <a title=\"XXI Concentraci\u00f3n motera Las Nieblas\" href=\"http:\/\/www.tumotoweb.com\/destacada.php?id=2388\" target=\"_blank\" rel=\"external nofollow\">XXI Concentraci\u00f3n motera Las Nieblas<\/a>, en \u00cdscar (<strong>Valladolid<\/strong>)<\/p>\n<p>D\u00edas <strong>2 y 3<\/strong>, <a title=\"XXIX Invernal Villa de Rota\" href=\"http:\/\/www.tumotoweb.com\/destacada.php?id=2322\" target=\"_blank\" rel=\"external nofollow\">XXIX Concentraci\u00f3n Invernal &#8220;Villa de Rota&#8221;<\/a>, en Rota (<strong>C\u00e1diz<\/strong>) &#8211; &#8211; &#8211; RECOMENDADA<\/p>\n<p>D\u00edas <strong>2 y 3<\/strong>, <a title=\"XXIV Jabalistreffen\" href=\"http:\/\/www.tumotoweb.com\/destacada.php?id=2378\" target=\"_blank\" rel=\"external nofollow\">XXIV Jabalistreffen<\/a>, en Anz\u00e1nigo (<strong>Huesca<\/strong>)<\/p>\n<p>D\u00eda <strong>3<\/strong>, <a title=\"III Concentraci\u00f3n motera solidaria\" href=\"http:\/\/www.tumotoweb.com\/destacada.php?id=2377\" target=\"_blank\" rel=\"external nofollow\">III Concentraci\u00f3n motera solidaria<\/a>, en <strong>Madrid<\/strong>.<\/p>\n<p>D\u00eda <strong>9<\/strong>, <a title=\"Inauguraci\u00f3n MotoClub\" href=\"http:\/\/noticiaselcoronil.blogspot.com.es\/2013\/01\/inauguracion-de-la-sede-del-motoclub.html\" target=\"_blank\" rel=\"external nofollow\">Inauguraci\u00f3n sede motoclub Los Torredale\u00e1<\/a>, en El Coronil (<strong>Sevilla<\/strong>)<\/p>\n<p>D\u00eda <strong>16<\/strong>, <a title=\"IX Xuntanza Invernal\" href=\"http:\/\/www.tumotoweb.com\/destacada.php?id=2397\" target=\"_blank\" rel=\"external nofollow\">IX Xuntanza Invernal Ponteceso<\/a>, en Ponteceso (<strong>A Coru\u00f1a<\/strong>)<\/p>\n<p>D\u00edas <strong>16 y 17<\/strong>, <a title=\"XX Reuni\u00f3n Invernal Riberas del Voltoya\" href=\"http:\/\/www.tumotoweb.com\/destacada.php?id=2371\" target=\"_blank\" rel=\"external nofollow\">XX Reuni\u00f3n Invernal motociclista Riberas del Voltoya<\/a>, en Juarros del Voltoya (<strong>Segovia<\/strong>)<\/p>\n<p>D\u00eda <strong>17<\/strong>, <a title=\"XIX Motovuelta tur\u00edstica al Condado\" href=\"http:\/\/www.tumotoweb.com\/destacada.php?id=2370\" target=\"_blank\" rel=\"external nofollow\">XIX Motovuelta tur\u00edstica al Condado<\/a>, en Bollullos Par del Condado (<strong>Huelva<\/strong>)<\/p>\n<p>D\u00eda <strong>17<\/strong>, <a title=\"Motoalmuerzo Ejea\" href=\"http:\/\/www.orgullosodesermotero.com\/index.php\/febrero-15-16-17\/128-concentraciones-2013\/febrero-2013\/febrero-15-16-17\" target=\"_blank\" rel=\"external nofollow\">Motoalmuerzo Ejea<\/a>, en Ejea de los Caballeros (<strong>Zaragoza<\/strong>)<\/p>\n<p><!--more--><\/p>\n<p>D\u00eda <strong>17<\/strong>, <a title=\"Fiesta nueva apertura Ruta 66\" href=\"http:\/\/www.tumotoweb.com\/destacada.php?id=2387\" target=\"_blank\" rel=\"external nofollow\">Fiesta inauguraci\u00f3n Ruta 66<\/a>, en Platja de Aro (<strong>Girona<\/strong>) &#8211; &#8211; &#8211; Con 7.200 litros de cerveza GRATIS.<\/p>\n<p>Del <strong>22 al 24<\/strong>, <a title=\"IV Reuni\u00f3n motera San Valent\u00edn\" href=\"http:\/\/www.tumotoweb.com\/destacada.php?id=2304\" target=\"_blank\" rel=\"external nofollow\">IV Reuni\u00f3n motera San Valent\u00edn<\/a>, en Mojacar (<strong>Almer\u00eda<\/strong>)<\/p>\n<p>D\u00eda <strong>23<\/strong>, <a title=\"Ruta Invernal el desaf\u00edo\" href=\"http:\/\/orgullosodesermotero.es\/index.php\/129-febrero-2013\/febrero-22-23-24\/253-ruta-invernal-el-desafio-en-puerto-real-cadiz-el-23-febrero-2013\" target=\"_blank\" rel=\"external nofollow\">Ruta Invernal el desaf\u00edo<\/a>, en Puerto Real (<strong>C\u00e1diz<\/strong>)<\/p>\n<p>D\u00eda <strong>23<\/strong>, <a title=\"III Motoalmuerzo Villaca\u00f1as\" href=\"http:\/\/www.espiritucustom.com\/foro\/showthread.php?p=547353\" target=\"_blank\" rel=\"external nofollow\">III Motoalmuerzo Villaca\u00f1as<\/a>, en Villaca\u00f1as (<strong>Toledo<\/strong>)<\/p>\n<p>D\u00edas <strong>23 y 24<\/strong>, <a title=\"XIX Reuni\u00f3n motera AMOTOnamiento\" href=\"http:\/\/www.tumotoweb.com\/destacada.php?id=2374\" target=\"_blank\" rel=\"external nofollow\">XIX Reuni\u00f3n motera AMOTOnamiento<\/a>, en Ulldemolins (<strong>Tarragona<\/strong>) &#8211; &#8211; &#8211; SOLIDARIA<\/p>\n<p>D\u00eda <strong>24<\/strong>, <a title=\"Reuni\u00f3n motera en beneficio de Tania\" href=\"http:\/\/www.tumotoweb.com\/destacada.php?id=2374\" target=\"_blank\" rel=\"external nofollow\">Reuni\u00f3n motera en beneficio de Tania<\/a>, en Ca\u00f1ada Rosal (<strong>Sevilla<\/strong>) &#8211; &#8211; &#8211; SOLIDARIA<\/p>\n<p>D\u00eda <strong>24<\/strong>, <a title=\"Ruta del Cocidito Madrile\u00f1o\" href=\"http:\/\/www.asociacionmuevetepormadridenmoto.com\/edicion-2011\" target=\"_blank\" rel=\"external nofollow\">Ruta del Cocidito Madrile\u00f1o<\/a>, en <strong>Madrid<\/strong><\/p>\n<p>D\u00eda <strong>28<\/strong>, <a title=\"XIX Reuni\u00f3n motera D\u00eda de Andaluc\u00eda\" href=\"http:\/\/www.tumotoweb.com\/destacada.php?id=2386\" target=\"_blank\" rel=\"external nofollow\">XIX Reuni\u00f3n motera D\u00eda de Andaluc\u00eda<\/a>, en Torredelcampo (<strong>Ja\u00e9n<\/strong>)<\/p>\n<p>.<\/p>\n<p>Concentraciones y quedadas moteras a lo largo de\u00a0<strong>febrero<\/strong>\u00a02013\u00a0<strong>fuera de Espa\u00f1a<\/strong>:<\/p>\n<p>Del <strong>1 al 3<\/strong>\u00a0&#8211; <a title=\"Elefantentreffen 2013\" href=\"http:\/\/contumoto.com\/verEvento.php?IDEvento=584\" target=\"_blank\" rel=\"external nofollow\">Elefantentreffen 2013<\/a>, en Loh (<strong>Alemania<\/strong>)<\/p>\n<p>D\u00edas <strong>9 y 10<\/strong>, <a title=\"XVI Beliertreffen\" href=\"http:\/\/www.motoclubmotrix.org\/foro\/viewtopic.php?f=4&#038;t=1009&#038;start=0\" target=\"_blank\" rel=\"external nofollow\">XVI Beliertreffen 2013<\/a>, en Chateaudouble (<strong>Francia<\/strong>)<\/p>\n<p>Del <strong>15 al 17<\/strong>, <a title=\"VI Concentra\u00e7ao Invernal Eskim\u00f3s\" href=\"http:\/\/www.motoclubmotrix.org\/foro\/viewtopic.php?f=4&#038;t=448&#038;p=21286\" target=\"_blank\" rel=\"external nofollow\">VI Concentra\u00e7ao Invernal Eskim\u00f3s<\/a>, en Vale de Rossim (<strong>Portugal<\/strong>)<\/p>\n<p>Del <strong>15 al 17<\/strong>,\u00a0<a title=\"XXIV Altes Elefantentreffen\" href=\"http:\/\/gmbaixmaestrat.foroactivo.com\/t846-xxiv-altes-elefantentreffen-en-nurburgring\" target=\"_blank\" rel=\"external nofollow\">XXIV Altes Elefantentreffen N\u00fcrburgring<\/a>, en N\u00fcrburgring (<strong>Alemania<\/strong>)<\/p>\n<p>.<\/p>\n<p>Ir\u00e9 poniendo m\u00e1s y sus enlaces a medida que se aproximen y me vaya enterando.<\/p>\n<p>Espero que disfrut\u00e9is de muchas de ellas e igual nos vemos por ah\u00ed.<\/p>\n<p><strong>\u00a0 \u00a0\u00a0<a title=\"Enlace al facebook de Moteros de Hoy\" href=\"http:\/\/www.facebook.com\/moterosdehoy\" target=\"_blank\" rel=\"external nofollow\">Saludos y r\u00e1fagas<\/a>.<\/strong><\/p>\n<!-- AddThis Advanced Settings generic via filter on the_content --><!-- AddThis Share Buttons generic via filter on the_content -->","protected":false},"excerpt":{"rendered":"<p>Contin\u00faa el fr\u00edo y contin\u00faan las concentraciones Invernales. Aqu\u00ed os dejo las principales concentraciones y kedadas moteras para\u00a0febrero. Est\u00e1n separadas primero las de dentro de Extremadura, luego las del resto de Espa\u00f1a y para finalizar las de fuera. \u00a0 \u00a0 \u00a0 Relaci\u00f3n de concentraciones y quedadas moteras a lo largo de\u00a0febrero\u00a02013 dentro de\u00a0Extremadura: D\u00eda 9\u00a0\u2013\u00a0Creaci\u00f3n [&hellip;]<!-- AddThis Advanced Settings generic via filter on get_the_excerpt --><!-- AddThis Share Buttons generic via filter on get_the_excerpt --><\/p>\n","protected":false},"author":49,"featured_media":0,"comment_status":"closed","ping_status":"closed","sticky":false,"template":"","format":"standard","meta":[],"categories":[5,13],"tags":[265,273,622,629,639,641],"_links":{"self":[{"href":"https:\/\/blogs.hoy.es\/moterosdehoy\/wp-json\/wp\/v2\/posts\/599"}],"collection":[{"href":"https:\/\/blogs.hoy.es\/moterosdehoy\/wp-json\/wp\/v2\/posts"}],"about":[{"href":"https:\/\/blogs.hoy.es\/moterosdehoy\/wp-json\/wp\/v2\/types\/post"}],"author":[{"embeddable":true,"href":"https:\/\/blogs.hoy.es\/moterosdehoy\/wp-json\/wp\/v2\/users\/49"}],"replies":[{"embeddable":true,"href":"https:\/\/blogs.hoy.es\/moterosdehoy\/wp-json\/wp\/v2\/comments?post=599"}],"version-history":[{"count":0,"href":"https:\/\/blogs.hoy.es\/moterosdehoy\/wp-json\/wp\/v2\/posts\/599\/revisions"}],"wp:attachment":[{"href":"https:\/\/blogs.hoy.es\/moterosdehoy\/wp-json\/wp\/v2\/media?parent=599"}],"wp:term":[{"taxonomy":"category","embeddable":true,"href":"https:\/\/blogs.hoy.es\/moterosdehoy\/wp-json\/wp\/v2\/categories?post=599"},{"taxonomy":"post_tag","embeddable":true,"href":"https:\/\/blogs.hoy.es\/moterosdehoy\/wp-json\/wp\/v2\/tags?post=599"}],"curies":[{"name":"wp","href":"https:\/\/api.w.org\/{rel}","templated":true}]}}