{"id":608,"date":"2013-02-06T09:24:51","date_gmt":"2013-02-06T09:24:51","guid":{"rendered":"http:\/\/blogs.hoy.es\/moterosdehoy\/?p=608"},"modified":"2013-02-06T09:24:51","modified_gmt":"2013-02-06T09:24:51","slug":"vocs-en-extremadura","status":"publish","type":"post","link":"https:\/\/blogs.hoy.es\/moterosdehoy\/2013\/02\/06\/vocs-en-extremadura\/","title":{"rendered":"VOCS en EXTREMADURA"},"content":{"rendered":"<h2 style=\"text-align: justify;\">\u00a0 \u00a0 El pr\u00f3ximo d\u00eda 9 de febrero de 2013, tendr\u00e1 lugar en Badajoz la creaci\u00f3n de la Territorial Extreme\u00f1a del VOCS.<\/h2>\n<p style=\"text-align: justify;\">\u00a0 \u00a0 Para comenzar indicar\u00e9 que el <strong><a title=\"P\u00e1gina oficial del V.O.C.S.\" href=\"http:\/\/www.vocs.org\/\" target=\"_blank\" rel=\"external nofollow\">V.O.C.S<\/a>.<\/strong>, son las iniciales pertenecientes a \u201c<strong>VULCAN OWNERS CLUB SPAIN<\/strong>\u201d, y es una asociaci\u00f3n de \u00edndole cultural y deportivo, sin \u00e1nimo de lucro, que se fund\u00f3 en 1998 en la poblaci\u00f3n de Tres Cantos, pero poco a poco se ha ido extendiendo por toda Espa\u00f1a. Siempre bajo el mismo fin como <strong>&#8220;Club de marca&#8221;<\/strong> y avalados por Kawasaki.<\/p>\n<div id=\"attachment_609\" style=\"width: 310px\" class=\"wp-caption alignleft\"><a href=\"\/moterosdehoy\/wp-content\/uploads\/sites\/45\/2013\/02\/Vulcaneros.jpg\"><img aria-describedby=\"caption-attachment-609\" loading=\"lazy\" class=\"size-medium wp-image-609\" title=\"Vulcaneros\" src=\"\/moterosdehoy\/wp-content\/uploads\/sites\/45\/2013\/02\/Vulcaneros.jpg\" alt=\"\" width=\"300\" height=\"200\" srcset=\"https:\/\/static-blogs.hoy.es\/wp-content\/uploads\/sites\/45\/2013\/02\/Vulcaneros.jpg 1504w, https:\/\/static-blogs.hoy.es\/wp-content\/uploads\/sites\/45\/2013\/02\/Vulcaneros-300x200.jpg 300w, https:\/\/static-blogs.hoy.es\/wp-content\/uploads\/sites\/45\/2013\/02\/Vulcaneros-768x512.jpg 768w, https:\/\/static-blogs.hoy.es\/wp-content\/uploads\/sites\/45\/2013\/02\/Vulcaneros-1024x683.jpg 1024w\" sizes=\"(max-width: 300px) 100vw, 300px\" \/><\/a><p id=\"caption-attachment-609\" class=\"wp-caption-text\">Vulcaneros<\/p><\/div>\n<p style=\"text-align: justify;\">\u00a0 \u00a0El Club fue fundado por apasionados del estilo \u201c<strong>CUSTOM<\/strong>\u201d coincidiendo todos ellos en tener una motocicleta Kawasaki, en sus modelos \u201c<strong><a title=\"Art\u00edculo sobre motocicletas VULCAN\" href=\"https:\/\/blogs.hoy.es\/moterosdehoy\/2013\/01\/30\/vulcan\/\" target=\"_blank\">VULCAN<\/a><\/strong>\u201d y con el objeto de fomentar, coordinar y encauzar la afici\u00f3n por esta clase de motocicletas.<\/p>\n<p style=\"text-align: justify;\">\u00a0 Para llevar a cabo sus prop\u00f3sitos organizan reuniones, concentraciones, viajes colectivos, conferencias, exposiciones, etc., y fomentan, dentro de sus posibilidades, el asociacionismo de los propietarios de este tipo de motocicletas Kawasaki modelo VULCAN.<\/p>\n<p style=\"text-align: justify;\">\u00a0 \u00a0 La asociaci\u00f3n VOCS\u00ae tiene establecido su domicilio social en la avenida de Castilla, de San Fernando de Henares, Madrid y el \u00e1mbito de sus actividades se extiende a todo el territorio nacional, creando Territoriales, que en casos son a nivel provincial o auton\u00f3mico.<\/p>\n<p style=\"text-align: justify;\"><strong>\u00a0 \u00a0 \u00a0 El d\u00eda 9 de febrero, <a title=\"Extremadura en wikipedia\" href=\"http:\/\/es.wikipedia.org\/wiki\/Extremadura\" target=\"_blank\" rel=\"external nofollow\">Extremadura<\/a> abrir\u00e1 las puertas a su Territorial<\/strong>. Para ello tendremos el honor de recibir a socios y directivos de casi todos los puntos de <a title=\"Espa\u00f1a en wikipedia\" href=\"http:\/\/es.wikipedia.org\/wiki\/Espa%C3%B1a\" target=\"_blank\" rel=\"external nofollow\">Espa\u00f1a<\/a>, en concreto de <a title=\"Andaluc\u00eda en wikipedia\" href=\"http:\/\/es.wikipedia.org\/wiki\/Andaluc%C3%ADa\" target=\"_blank\" rel=\"external nofollow\">Andaluc\u00eda<\/a>, <a title=\"Madrid en wikipedia\" href=\"http:\/\/es.wikipedia.org\/wiki\/Madrid\" target=\"_blank\" rel=\"external nofollow\">Madrid<\/a>, <a title=\"Castilla La Mancha en wikipedia\" href=\"http:\/\/es.wikipedia.org\/wiki\/Castilla-La_Mancha\" target=\"_blank\" rel=\"external nofollow\">Castilla La Mancha<\/a>, <a title=\"Castilla Le\u00f3n en wikipedia\" href=\"http:\/\/es.wikipedia.org\/wiki\/Castilla_y_Le%C3%B3n\" target=\"_blank\" rel=\"external nofollow\">Castilla Le\u00f3n<\/a>, <a title=\"Catalu\u00f1a en wikipedia\" href=\"http:\/\/es.wikipedia.org\/wiki\/Catalu%C3%B1a\" target=\"_blank\" rel=\"external nofollow\">Catalu\u00f1a<\/a>, <a title=\"Navarra en wikipedia\" href=\"http:\/\/es.wikipedia.org\/wiki\/Navarra\" target=\"_blank\" rel=\"external nofollow\">Navarra<\/a>, <a title=\"Pa\u00eds Vasco en wikipedia\" href=\"http:\/\/es.wikipedia.org\/wiki\/Pa%C3%ADs_Vasco\" target=\"_blank\" rel=\"external nofollow\">Pa\u00eds Vasco<\/a>, <a title=\"Mallorca en wikipedia\" href=\"http:\/\/es.wikipedia.org\/wiki\/Mallorca\" target=\"_blank\" rel=\"external nofollow\">Mallorca<\/a>, incluso de fuera de Espa\u00f1a, vendr\u00e1 uno desde Slovenia, que pasando por Alemania vendr\u00e1 directo a Badajoz, para la creaci\u00f3n de nuestra Territorial.<\/p>\n<div id=\"attachment_610\" style=\"width: 310px\" class=\"wp-caption alignright\"><a href=\"\/moterosdehoy\/wp-content\/uploads\/sites\/45\/2013\/02\/Logo-VOCS-Extremadura.jpg\"><img aria-describedby=\"caption-attachment-610\" loading=\"lazy\" class=\"size-medium wp-image-610\" title=\"Logo-VOCS-Extremadura\" src=\"\/moterosdehoy\/wp-content\/uploads\/sites\/45\/2013\/02\/Logo-VOCS-Extremadura.jpg\" alt=\"\" width=\"300\" height=\"225\" srcset=\"https:\/\/static-blogs.hoy.es\/wp-content\/uploads\/sites\/45\/2013\/02\/Logo-VOCS-Extremadura.jpg 3957w, https:\/\/static-blogs.hoy.es\/wp-content\/uploads\/sites\/45\/2013\/02\/Logo-VOCS-Extremadura-300x225.jpg 300w, https:\/\/static-blogs.hoy.es\/wp-content\/uploads\/sites\/45\/2013\/02\/Logo-VOCS-Extremadura-768x577.jpg 768w, https:\/\/static-blogs.hoy.es\/wp-content\/uploads\/sites\/45\/2013\/02\/Logo-VOCS-Extremadura-1024x770.jpg 1024w\" sizes=\"(max-width: 300px) 100vw, 300px\" \/><\/a><p id=\"caption-attachment-610\" class=\"wp-caption-text\">Logo VOCS Extremadura<\/p><\/div>\n<p style=\"text-align: justify;\">\u00a0 \u00a0 Actualmente <strong>para poder ser admitido en el VOCS\u00ae, es condici\u00f3n indispensable ser propietario de una motocicleta KAWASAKI modelo VULCAN<\/strong> y comprometerse a cumplir sus Estatutos, los acuerdos de la Junta Directiva Nacional y los de las Asambleas. Tambi\u00e9n se puede hacer socio una persona como acompa\u00f1ante, suele ser el acompa\u00f1ante habitual del socio, recibiendo los mismos derechos y obligaciones. El Club tambi\u00e9n dispone de las figuras de socios honorarios o de m\u00e9rito (aquellos que merezcan tal distinci\u00f3n por su labor en pro del VOCS\u00ae) y socios protectores (aquellos que realicen donativos al Club).<\/p>\n<p style=\"text-align: justify;\">\u00a0 \u00a0Para la identificaci\u00f3n y acreditaci\u00f3n de los Socios disponen de un carn\u00e9 identificativo, as\u00ed como de un parche que pueden portar en la espalda, dicho parche si deciden causar baja del Club no podr\u00e1n portarlo y tendr\u00e1n incluso que devolverlo.<\/p>\n<p style=\"text-align: justify;\">\u00a0 \u00a0 Los beneficios a que se puede ser acreedor por ser socio, son <!--more-->descuentos en las concentraciones que realice el Club, aunque tambi\u00e9n recogen descuentos en los concesionarios oficiales de Kawasaki y por supuesto se re\u00fanen entre ellos para compartir sus gustos afines. Para poder llevar a cabo esas reuniones <strong>en Extremadura se ha fijado como d\u00eda los jueves a las 21:15 horas y como sede el <a title=\"Restaurante Laguna Seca\" href=\"http:\/\/www.extremadura.com\/social\/pageitem\/cafeteria-restaurante-laguna-seca\" target=\"_blank\" rel=\"external nofollow\">Restaurante Laguna Seca<\/a>, sito en <a title=\"Badajoz en wikipedia\" href=\"http:\/\/es.wikipedia.org\/wiki\/Badajoz\" target=\"_blank\" rel=\"external nofollow\">Badajoz <\/a><\/strong>y conocido entre el sector motero por ser la sede del <a title=\"MotoClub Laguna Seca\" href=\"http:\/\/www.motoclublagunasecaextremadura.es\/\" target=\"_blank\" rel=\"external nofollow\">MotoClub Laguna Seca<\/a> y tener por costumbre invitar a las migas los fines de semana a los moteros, aunque tambi\u00e9n las invita a los ciclistas.<\/p>\n<p style=\"text-align: justify;\">\u00a0 \u00a0 El Club tiene una Directiva Nacional que es votada cada cuatro a\u00f1os, en la actualidad la figura del <strong>Presidente del VOCS <\/strong>recae sobre<strong> Enrique Quintana Hortal<\/strong>, qui\u00e9n est\u00e1 m\u00e1s que orgulloso de dicho cargo y vela por el buen funcionamiento del Club. Del mismo modo tiene sus respectivas Directivas Territoriales dentro de cada una de ellas, en nuestro caso concreto el Presidente de la Territorial de Extremadura parece que ser\u00e1 Antonio M\u00e1rquez M\u00e1rquez, tras la votaci\u00f3n de sus socios, bajo el Nick de \u201cPicaDura\u201d. Para saber de donde viene el Nick de <a title=\"Explicaci\u00f3n del Nick de PicaDura\" href=\"http:\/\/picaduramalandra.blogspot.com.es\/2011\/03\/explicacion-del-titulo-del-blog.html\" target=\"_blank\" rel=\"external nofollow\">PicaDura, click aqu\u00ed.<\/a><\/p>\n<p style=\"text-align: justify;\">\u00a0 \u00a0 En \u00e9ste momento\u00a0<strong>el n\u00famero de socios se encuentra en torno a los quinientos cincuenta, dentro de Espa\u00f1a, de los que catorce somos de nueva creaci\u00f3n en la Territorial de Extremadura<\/strong>.<\/p>\n<p style=\"text-align: justify;\">\u00a0 \u00a0 Dentro del Club los socios se identifican mediante un Nick, que dado el caso de hablar de Vulcaneros, he recordado que precisamente <strong>\u201cVulcanero\u201d es el Nick de uno de los socios fundadores del Club en Espa\u00f1a<\/strong> y me coment\u00f3 tras escribir el art\u00edculo de las VULCAN, que a\u00fan recuerda cuando hicieron el primer weekend, donde asistieron con sus antiguas Vulcan. Sinti\u00e9ndose muy orgulloso de figurar en los comienzos.<\/p>\n<p style=\"text-align: justify;\">\u00a0 \u00a0 A su vez hay hay otra asociaci\u00f3n similar al VOCS con el nombre de <strong><a title=\"Vulcan Riders Association Spain\" href=\"http:\/\/www.vulcanriderspain.org\/foro\/index.php\" target=\"_blank\" rel=\"external nofollow\">VRA<\/a><\/strong>, proveniente de &#8220;<strong>VULCAN RIDERS ASSOCIATION SPAIN<\/strong>&#8220;, en la que todos sus socios son propietarios de Vulcan, pero entre sus filas en quedadas, concentraciones y dem\u00e1s, solo aparecen Vulcans. El VRA en el mes de junio realizar\u00e1 un Weekend en Slovenia, a la que asistir\u00e1n numerosos Vulcaneros de toda Europa, por supuesto tambi\u00e9n de Espa\u00f1a.<\/p>\n<p style=\"text-align: justify;\">\u00a0 \u00a0 \u00a0Para que os hag\u00e1is una idea de lo que vamos a realizar en Extremadura, os comento que <strong><a title=\"Acceso al foro VOCS\" href=\"http:\/\/www.vocs.org\/foro\/\" target=\"_blank\" rel=\"external nofollow\">el VOCS tiene un foro<\/a><\/strong>, y en \u00e9l no es necesario hacerse socio para registrarse, si tienes una Vulcan, la idea de llegar a compr\u00e1rtela o simplemente te gustan, puedes entrar y registrarte, all\u00ed podr\u00e1s ver desde trucos pr\u00e1cticos para esos modelos de moto, piezas de repuesto, venta de motos y accesorios, concentraciones, quedadas y un sinf\u00edn largu\u00edsimo. De entrada cuando est\u00e9 formada la Territorial queremos comenzar realizando viajes a modo de quedadas para conocer a otros miembros del foro de Extremadura que puedan llegar a estar interesados en entrar en el Club y una vez que est\u00e9n visitados, comenzaremos a trazar rutas para no rodar siempre por las mismas v\u00edas.<\/p>\n<div id=\"attachment_613\" style=\"width: 235px\" class=\"wp-caption alignright\"><a href=\"\/moterosdehoy\/wp-content\/uploads\/sites\/45\/2013\/02\/Cartel-Inauguraci\u00f3n-Territorial-Extremadura-con-rueda1.jpg\"><img aria-describedby=\"caption-attachment-613\" loading=\"lazy\" class=\"size-medium wp-image-613\" title=\"Cartel Inauguraci\u00f3n Territorial Extremadura\" src=\"\/moterosdehoy\/wp-content\/uploads\/sites\/45\/2013\/02\/Cartel-Inauguraci\u00f3n-Territorial-Extremadura-con-rueda1.jpg\" alt=\"\" width=\"225\" height=\"300\" srcset=\"https:\/\/static-blogs.hoy.es\/wp-content\/uploads\/sites\/45\/2013\/02\/Cartel-Inauguraci\u00f3n-Territorial-Extremadura-con-rueda1.jpg 1200w, https:\/\/static-blogs.hoy.es\/wp-content\/uploads\/sites\/45\/2013\/02\/Cartel-Inauguraci\u00f3n-Territorial-Extremadura-con-rueda1-225x300.jpg 225w, https:\/\/static-blogs.hoy.es\/wp-content\/uploads\/sites\/45\/2013\/02\/Cartel-Inauguraci\u00f3n-Territorial-Extremadura-con-rueda1-768x1024.jpg 768w\" sizes=\"(max-width: 225px) 100vw, 225px\" \/><\/a><p id=\"caption-attachment-613\" class=\"wp-caption-text\">Cartel Inauguraci\u00f3n Territorial VOCS en Extremadura<\/p><\/div>\n<p style=\"text-align: justify;\">\u00a0 \u00a0 <strong>El primer paso que ha dado la Territorial de Extremadura es conseguir traer a Badajoz a casi cien moteros<\/strong>, para que disfruten del fin de semana del <strong><a title=\"El Carnaval en Badajoz\" href=\"http:\/\/www.carnavalbadajoz.es\/\" target=\"_blank\" rel=\"external nofollow\">Carnaval<\/a><\/strong>, que es de Inter\u00e9s Tur\u00edstico Nacional. Por lo que \u00e9ste Carnaval en Badajoz, en lugar de pasado por agua como el anterior, ser\u00e1 pasado por moteros.<\/p>\n<p style=\"text-align: justify;\">\u00a0 \u00a0 \u00a0Los moteros comenzar\u00e1n a llegar el viernes por la noche y ya tienen sus lugares para pernoctar habilitados, el s\u00e1bado por la ma\u00f1ana llegar\u00e1 la inmensa mayor\u00eda y para ello estaremos esper\u00e1ndolos, de ese modo entraremos todos juntos en Badajoz hasta la sede, Restaurante Laguna Seca, donde sobre las 13:00 m\u00e1s o menos, estaremos para tomar una cerveza y charlar con todos los amigos de las motocicletas que pasen por all\u00ed, posteriormente los que se hayan apuntado comer\u00e1n en el Restaurante y para finalizar el acto se realizar\u00e1 una votaci\u00f3n para elegir los cargos directivos de la nueva Territorial y una Asamblea para poder crearla.<\/p>\n<p style=\"text-align: justify;\">\u00a0 \u00a0 \u00a0 Pero luego comienza la invasi\u00f3n de Badajoz, algunos se marchar\u00e1n por problemas de no tener tiempo, pero otros se quedar\u00e1n a disfrutar del Carnaval, por lo que moteros, <strong>habr\u00e1 muchos moteros en el Carnaval<\/strong>.<\/p>\n<p style=\"text-align: justify;\"><strong>\u00a1\u00a1\u00a1Viva el Carnaval de Badajoz y vivan los moteros del VOCS!!!<\/strong><\/p>\n<p style=\"text-align: justify;\"><strong><a title=\"Facebook de Moteros de HOY\" href=\"http:\/\/www.facebook.com\/moterosdehoy?ref=tn_tnmn\" target=\"_blank\" rel=\"external nofollow\">Saludos y r\u00e1fagas<\/a>.<\/strong><\/p>\n<!-- AddThis Advanced Settings generic via filter on the_content --><!-- AddThis Share Buttons generic via filter on the_content -->","protected":false},"excerpt":{"rendered":"<p>\u00a0 \u00a0 El pr\u00f3ximo d\u00eda 9 de febrero de 2013, tendr\u00e1 lugar en Badajoz la creaci\u00f3n de la Territorial Extreme\u00f1a del VOCS. \u00a0 \u00a0 Para comenzar indicar\u00e9 que el V.O.C.S., son las iniciales pertenecientes a \u201cVULCAN OWNERS CLUB SPAIN\u201d, y es una asociaci\u00f3n de \u00edndole cultural y deportivo, sin \u00e1nimo de lucro, que se fund\u00f3 [&hellip;]<!-- AddThis Advanced Settings generic via filter on get_the_excerpt --><!-- AddThis Share Buttons generic via filter on get_the_excerpt --><\/p>\n","protected":false},"author":49,"featured_media":0,"comment_status":"open","ping_status":"closed","sticky":false,"template":"","format":"standard","meta":[],"categories":[13],"tags":[621,622,624,629,639,641,743,933,1019],"_links":{"self":[{"href":"https:\/\/blogs.hoy.es\/moterosdehoy\/wp-json\/wp\/v2\/posts\/608"}],"collection":[{"href":"https:\/\/blogs.hoy.es\/moterosdehoy\/wp-json\/wp\/v2\/posts"}],"about":[{"href":"https:\/\/blogs.hoy.es\/moterosdehoy\/wp-json\/wp\/v2\/types\/post"}],"author":[{"embeddable":true,"href":"https:\/\/blogs.hoy.es\/moterosdehoy\/wp-json\/wp\/v2\/users\/49"}],"replies":[{"embeddable":true,"href":"https:\/\/blogs.hoy.es\/moterosdehoy\/wp-json\/wp\/v2\/comments?post=608"}],"version-history":[{"count":0,"href":"https:\/\/blogs.hoy.es\/moterosdehoy\/wp-json\/wp\/v2\/posts\/608\/revisions"}],"wp:attachment":[{"href":"https:\/\/blogs.hoy.es\/moterosdehoy\/wp-json\/wp\/v2\/media?parent=608"}],"wp:term":[{"taxonomy":"category","embeddable":true,"href":"https:\/\/blogs.hoy.es\/moterosdehoy\/wp-json\/wp\/v2\/categories?post=608"},{"taxonomy":"post_tag","embeddable":true,"href":"https:\/\/blogs.hoy.es\/moterosdehoy\/wp-json\/wp\/v2\/tags?post=608"}],"curies":[{"name":"wp","href":"https:\/\/api.w.org\/{rel}","templated":true}]}}