{"id":614,"date":"2013-02-17T18:06:26","date_gmt":"2013-02-17T18:06:26","guid":{"rendered":"http:\/\/blogs.hoy.es\/moterosdehoy\/?p=614"},"modified":"2013-02-17T18:06:26","modified_gmt":"2013-02-17T18:06:26","slug":"miquel-silvestre-en-plasencia","status":"publish","type":"post","link":"https:\/\/blogs.hoy.es\/moterosdehoy\/2013\/02\/17\/miquel-silvestre-en-plasencia\/","title":{"rendered":"Miquel Silvestre en Plasencia"},"content":{"rendered":"<p style=\"text-align: justify;\">\u00a0 \u00a0 \u00a0 Para quienes no lo conozcan decir que actualmente es <strong>el espa\u00f1ol que m\u00e1s pa\u00edses ha recorrido en moto<\/strong>, lleva cuatro a\u00f1os dedicados a ello y cuenta sus rutas y haza\u00f1as en sus libros.<\/p>\n<p style=\"text-align: justify;\">\u00a0 \u00a0 \u00a0 Ha recorrido m\u00e1s de 90 pa\u00edses pero su preferido tal y como coment\u00f3 en una <a title=\"Enlace a la entrevista\" href=\"http:\/\/www.youtube.com\/watch?v=RFFegHCVEeY&#038;list=FLQ12FJ2bN7e3hUvIaw9JaNw\" target=\"_blank\" rel=\"external nofollow\">entrevista con Manuel Torreiglesias<\/a> en el programa M\u00e1s Vivir, sigue siendo Espa\u00f1a.<\/p>\n<div class=\"mceTemp\" style=\"text-align: justify;\">\n<div id=\"attachment_615\" style=\"width: 310px\" class=\"wp-caption alignleft\"><a href=\"\/moterosdehoy\/wp-content\/uploads\/sites\/45\/2013\/02\/Miquel-Silvestre.jpg\"><img aria-describedby=\"caption-attachment-615\" loading=\"lazy\" class=\"size-medium wp-image-615\" src=\"\/moterosdehoy\/wp-content\/uploads\/sites\/45\/2013\/02\/Miquel-Silvestre.jpg\" alt=\"\" width=\"300\" height=\"200\" srcset=\"https:\/\/static-blogs.hoy.es\/wp-content\/uploads\/sites\/45\/2013\/02\/Miquel-Silvestre.jpg 1546w, https:\/\/static-blogs.hoy.es\/wp-content\/uploads\/sites\/45\/2013\/02\/Miquel-Silvestre-300x200.jpg 300w, https:\/\/static-blogs.hoy.es\/wp-content\/uploads\/sites\/45\/2013\/02\/Miquel-Silvestre-768x512.jpg 768w, https:\/\/static-blogs.hoy.es\/wp-content\/uploads\/sites\/45\/2013\/02\/Miquel-Silvestre-1024x683.jpg 1024w\" sizes=\"(max-width: 300px) 100vw, 300px\" \/><\/a><p id=\"caption-attachment-615\" class=\"wp-caption-text\">Miquel Silvestre de ruta<\/p><\/div>\n<p><span style=\"text-align: justify;\">\u00a0 \u00a0 \u00a0 Para conocer algo de Jos\u00e9 Antonio <\/span><a title=\"Enlace a su web\" href=\"http:\/\/www.miquelsilvestre.com\/\" target=\"_blank\" rel=\"external nofollow\">Miquel Silvestre<\/a><span style=\"text-align: justify;\">, decir que naci\u00f3 en Denia, en 1968, es <\/span><strong>Licenciado en Derecho y n\u00famero uno de su promoci\u00f3n<\/strong><span style=\"text-align: justify;\">. En el 2008 abandon\u00f3 una confortable vida de funcionario de \u00e9lite como <\/span><strong>registrador de la propiedad<\/strong><span style=\"text-align: justify;\">, para vivir de un modo extremo el sue\u00f1o de la aventura y la exploraci\u00f3n, iniciando con un viaje a <a title=\"Italia en wikipedia\" href=\"http:\/\/es.wikipedia.org\/wiki\/Italia\" target=\"_blank\" rel=\"external nofollow\">Italia<\/a> y seguido por otro a <a title=\"Irlanda en wikipedia\" href=\"http:\/\/es.wikipedia.org\/wiki\/Irlanda\" target=\"_blank\" rel=\"external nofollow\">Irlanda<\/a>.<\/span><\/p>\n<\/div>\n<p style=\"text-align: justify;\">\u00a0 \u00a0 \u00a0 Su libro \u201cUn mill\u00f3n de piedras\u201d basado en sus viajes por \u00c1frica, se ha convertido en un aut\u00e9ntico fen\u00f3meno social, generando una nueva patolog\u00eda bautizada como \u201c<strong>S\u00edndrome Silvestre<\/strong>\u201d por Ra\u00fal Romojaro, del diario AS, y que incitar\u00eda a quien la sufre a abandonarlo todo para sumergirse en el embrujo de las selvas y desiertos. A la pregunta de \u00bfQu\u00e9 puede ganar el lector al leer ese libro? Indica que no quiere desvelar el final del libro, pero es una gu\u00eda para que un oficinista pueda cruzar <a title=\"\u00c1frica en wikipedia\" href=\"http:\/\/es.wikipedia.org\/wiki\/%C3%81frica\" target=\"_blank\" rel=\"external nofollow\">\u00c1frica<\/a> y poder cumplir su objetivo sin problemas.<\/p>\n<p style=\"text-align: justify;\"><strong>\u00a0 \u00a0 \u00a0 Ha dado la vuelta al mundo en moto y recorrido m\u00e1s de noventa pa\u00edses <\/strong>en la <strong><a title=\"Video sobre Ruta de Exploradores Olvidados\" href=\"http:\/\/www.youtube.com\/user\/miquelsilvestre68\" target=\"_blank\" rel=\"external nofollow\">Ruta de los Exploradores Olvidados<\/a><\/strong>, la cual comenz\u00f3 en julio de 2011 e inici\u00f3 con el viaje a <a title=\"Cabo Norte en wikipedia\" href=\"http:\/\/es.wikipedia.org\/wiki\/Cabo_Norte\" target=\"_blank\" rel=\"external nofollow\">Cabo Norte<\/a>. <strong>C<\/strong><strong>on el objetivo de rescatar la memoria de osados espa\u00f1oles<\/strong>. \u00c9ste ha sido un libro innovador para \u00e9l, pues en sus libros anteriores primero realizaba la ruta y luego publicaba el libro, pero en \u00e9ste iba contando todo lo que le iba pasando a trav\u00e9s de las redes sociales, convirti\u00e9ndose en los ojos de todos sus seguidores.<\/p>\n<p style=\"text-align: justify;\">\u00a0 \u00a0 \u00a0 \u00a0Estar\u00e1 desde la semana que viene camino de su nueva meta <a title=\"Samarkanda en wikipedia\" href=\"http:\/\/es.wikipedia.org\/wiki\/Samarcanda\" target=\"_blank\" rel=\"external nofollow\">Samarkanda<\/a> en la actual <a title=\"Uzbekist\u00e1n en wikipedia\" href=\"http:\/\/es.wikipedia.org\/wiki\/Uzbekist%C3%A1n\" target=\"_blank\" rel=\"external nofollow\">Uzbekistan<\/a> y una de sus paradas ser\u00e1 <strong><a title=\"Plasencia en wikipedia\" href=\"http:\/\/es.wikipedia.org\/wiki\/Plasencia\" target=\"_blank\" rel=\"external nofollow\">Plasencia<\/a> el d\u00eda 22 de Febrero<\/strong>. All\u00ed realizar\u00e1 una presentaci\u00f3n de su libro y contar\u00e1 su pr\u00f3ximo viaje. Tendr\u00e1 lugar <strong>a las 20:00 horas en el <a title=\"Hotel Alfonso VIII\" href=\"http:\/\/www.hotelalfonsoviii.com\/\" target=\"_blank\" rel=\"external nofollow\">Hotel Alfonso VIII<\/a><\/strong>, sito en Avd. Alfonso VIII, 34, de Plasencia (<a title=\"C\u00e1ceres en wikipedia\" href=\"http:\/\/es.wikipedia.org\/wiki\/C%C3%A1ceres\" target=\"_blank\" rel=\"external nofollow\">C\u00e1ceres<\/a>)<\/p>\n<p style=\"text-align: justify;\">\u00a0 \u00a0 \u00a0 Para poder realizar los viajes la forma que tiene de financiarse es como el mismo indica \u201ctrabajando\u201d, <!--more-->vende los libros que publica uno a uno con su firma, hace charlas, presentaciones, conferencias, recorre Espa\u00f1a para todo ello, vende reportajes y sobre todo ahora se financia con la publicidad, con el patrocinio de grandes marcas que se ven reflejadas en sus reportajes y colabora en prensa en publicaciones como \u201c<a title=\"El Viajero del Pa\u00eds\" href=\"http:\/\/elviajero.elpais.com\/\" target=\"_blank\" rel=\"external nofollow\">El viajero del pa\u00eds<\/a>\u201d, \u201c<a title=\"El diario del viajero\" href=\"http:\/\/www.diariodelviajero.com\/\" target=\"_blank\" rel=\"external nofollow\">El diario del viajero<\/a>\u201d, \u201c<a title=\"Solo Moto\" href=\"http:\/\/solomoto.es\/cabeceras\/solomoto\" target=\"_blank\" rel=\"external nofollow\">Solo Moto<\/a>\u201d y por supuesto una presencia casi obsesiva en las redes sociales.<\/p>\n<p style=\"text-align: justify;\">\u00a0 \u00a0 \u00a0Entre <a title=\"Libros de Miquel Silvestre\" href=\"http:\/\/www.miquelsilvestre.com\/index.php?option=com_content&#038;view=category&#038;layout=blog&#038;id=38&#038;Itemid=60\" target=\"_blank\" rel=\"external nofollow\">sus obras<\/a> se encuentran las novelas Mariposas en el cuarto oscuro (2003), La dama ciega, la colecci\u00f3n de relatos Dinamo estrellada, Spanya SA, Beatitud on de road, Europa Low Cost, Un mill\u00f3n de piedras, y su \u00faltima obra <a title=\"Presentaci\u00f3n del libro\" href=\"http:\/\/www.miquelsilvestre.com\/index.php?option=com_content&#038;view=category&#038;layout=blog&#038;id=56&#038;Itemid=63\" target=\"_blank\" rel=\"external nofollow\">La fuga del naufrago<\/a>.<\/p>\n<p style=\"text-align: justify;\">\u00a0 \u00a0 \u00a0 Con tanto viaje cuenta que cuando peor lo ha pasado fue en <a title=\"Mauritania en wikipedia\" href=\"http:\/\/es.wikipedia.org\/wiki\/Mauritania\" target=\"_blank\" rel=\"external nofollow\">Mauritania<\/a>, pues cuando cruzaba el desierto hab\u00edan tres espa\u00f1oles secuestrados y se daba cuenta que su cabeza val\u00eda mucho dinero. Tambi\u00e9n cuando sufri\u00f3 un accidente en Sud\u00e1frica donde se qued\u00f3 tirado en la cuneta sangrando, pero apareci\u00f3 un \u00e1ngel que ahora es uno de sus mejores amigos. Todas esas an\u00e9cdotas las cuenta en sus libros.<\/p>\n<p style=\"text-align: justify;\">\u00a0 \u00a0 \u00a0Pronto se quiere quitar de tanto viaje a ver si le sale novia, cosa que no ser\u00e1 muy dif\u00edcil pues seg\u00fan su madre es muy sensible y siempre est\u00e1 rodeado de gente buena.<\/p>\n<p style=\"text-align: justify;\">\u00a0 \u00a0 \u00a0 \u00a0<a title=\"Enlace al facebook de Moteros de HOY\" href=\"http:\/\/www.facebook.com\/moterosdehoy\" target=\"_blank\" rel=\"external nofollow\">Saludos y r\u00e1fagas<\/a>.<\/p>\n<!-- AddThis Advanced Settings generic via filter on the_content --><!-- AddThis Share Buttons generic via filter on the_content -->","protected":false},"excerpt":{"rendered":"<p>\u00a0 \u00a0 \u00a0 Para quienes no lo conozcan decir que actualmente es el espa\u00f1ol que m\u00e1s pa\u00edses ha recorrido en moto, lleva cuatro a\u00f1os dedicados a ello y cuenta sus rutas y haza\u00f1as en sus libros. \u00a0 \u00a0 \u00a0 Ha recorrido m\u00e1s de 90 pa\u00edses pero su preferido tal y como coment\u00f3 en una entrevista [&hellip;]<!-- AddThis Advanced Settings generic via filter on get_the_excerpt --><!-- AddThis Share Buttons generic via filter on get_the_excerpt --><\/p>\n","protected":false},"author":49,"featured_media":0,"comment_status":"open","ping_status":"closed","sticky":false,"template":"","format":"standard","meta":[],"categories":[4,13],"tags":[563,597,622,629,639,641,956],"_links":{"self":[{"href":"https:\/\/blogs.hoy.es\/moterosdehoy\/wp-json\/wp\/v2\/posts\/614"}],"collection":[{"href":"https:\/\/blogs.hoy.es\/moterosdehoy\/wp-json\/wp\/v2\/posts"}],"about":[{"href":"https:\/\/blogs.hoy.es\/moterosdehoy\/wp-json\/wp\/v2\/types\/post"}],"author":[{"embeddable":true,"href":"https:\/\/blogs.hoy.es\/moterosdehoy\/wp-json\/wp\/v2\/users\/49"}],"replies":[{"embeddable":true,"href":"https:\/\/blogs.hoy.es\/moterosdehoy\/wp-json\/wp\/v2\/comments?post=614"}],"version-history":[{"count":0,"href":"https:\/\/blogs.hoy.es\/moterosdehoy\/wp-json\/wp\/v2\/posts\/614\/revisions"}],"wp:attachment":[{"href":"https:\/\/blogs.hoy.es\/moterosdehoy\/wp-json\/wp\/v2\/media?parent=614"}],"wp:term":[{"taxonomy":"category","embeddable":true,"href":"https:\/\/blogs.hoy.es\/moterosdehoy\/wp-json\/wp\/v2\/categories?post=614"},{"taxonomy":"post_tag","embeddable":true,"href":"https:\/\/blogs.hoy.es\/moterosdehoy\/wp-json\/wp\/v2\/tags?post=614"}],"curies":[{"name":"wp","href":"https:\/\/api.w.org\/{rel}","templated":true}]}}