{"id":620,"date":"2013-02-20T20:31:32","date_gmt":"2013-02-20T20:31:32","guid":{"rendered":"http:\/\/blogs.hoy.es\/moterosdehoy\/?p=620"},"modified":"2013-02-20T20:31:32","modified_gmt":"2013-02-20T20:31:32","slug":"iv-encuentro-vespas-y-motos-clasicas-de-badajoz","status":"publish","type":"post","link":"https:\/\/blogs.hoy.es\/moterosdehoy\/2013\/02\/20\/iv-encuentro-vespas-y-motos-clasicas-de-badajoz\/","title":{"rendered":"IV Encuentro Vespas y motos cl\u00e1sicas de Badajoz"},"content":{"rendered":"<p style=\"text-align: justify;\">\u00a0 \u00a0<strong> \u00a0El <a title=\"Enlace al facebook del Vespa Club Extremadura\" href=\"http:\/\/www.facebook.com\/vespaclub.extremadura\" target=\"_blank\" rel=\"external nofollow\">Vespa Club Extremadura<\/a><\/strong> continuando con la trayectoria de realizar un encuentro motero de Vespas y motos cl\u00e1sicas todos los \u00faltimos domingos de cada mes, <strong>el domingo d\u00eda 24 de febrero<\/strong> realizar\u00e1n una visita a la localidad portuguesa de Campo Maior, invitados por el <a title=\"Grupo Motard Campo Maior\" href=\"http:\/\/mccm.no.sapo.pt\/Localiza%E7%E3o.htm\" target=\"_blank\" rel=\"external nofollow\">Grupo Motard<\/a> <a title=\"Campo maior en wikipedia\" href=\"http:\/\/es.wikipedia.org\/wiki\/Campo_Maior\" target=\"_blank\" rel=\"external nofollow\">Campo Maior<\/a>.<\/p>\n<div id=\"attachment_621\" style=\"width: 210px\" class=\"wp-caption alignleft\"><a href=\"\/moterosdehoy\/wp-content\/uploads\/sites\/45\/2013\/02\/Cartel-IV-ruta-motos-cl\u00e1sicas-y-vespas-Badajoz.jpg\"><img aria-describedby=\"caption-attachment-621\" loading=\"lazy\" class=\"size-medium wp-image-621\" title=\"Cartel IV ruta motos cl\u00e1sicas y vespas Badajoz\" src=\"\/moterosdehoy\/wp-content\/uploads\/sites\/45\/2013\/02\/Cartel-IV-ruta-motos-cl\u00e1sicas-y-vespas-Badajoz.jpg\" alt=\"\" width=\"200\" height=\"300\" srcset=\"https:\/\/static-blogs.hoy.es\/wp-content\/uploads\/sites\/45\/2013\/02\/Cartel-IV-ruta-motos-cl\u00e1sicas-y-vespas-Badajoz.jpg 206w, https:\/\/static-blogs.hoy.es\/wp-content\/uploads\/sites\/45\/2013\/02\/Cartel-IV-ruta-motos-cl\u00e1sicas-y-vespas-Badajoz-200x300.jpg 200w\" sizes=\"(max-width: 200px) 100vw, 200px\" \/><\/a><p id=\"caption-attachment-621\" class=\"wp-caption-text\">Cartel IV Encuentro<\/p><\/div>\n<p style=\"text-align: justify;\">\u00a0 \u00a0 \u00a0 El encuentro tendr\u00e1 su punto de partida como siempre <strong>a partir de las 09:00 horas en la Plaza Alta de Badajoz<\/strong>, para salir a eso de las 10:00 horas, para realizar una <strong>visita tur\u00edstica por Campo Maior<\/strong> y despu\u00e9s para la hora de la comida tendr\u00e1n una barbacoa.<\/p>\n<p style=\"text-align: justify;\">\u00a0 \u00a0 \u00a0Desde el Vespa Club Extremadura recuerdan a los asistentes que lleven la correspondiente <strong>carta verde<\/strong> del seguro de las motocicletas, para as\u00ed poder evitar alg\u00fan problemilla por <a title=\"Portugal en wikipedia\" href=\"http:\/\/es.wikipedia.org\/wiki\/Portugal\" target=\"_blank\" rel=\"external nofollow\">Portugal<\/a>.<\/p>\n<p style=\"text-align: justify;\">\u00a0 \u00a0 \u00a0 Otro domingo m\u00e1s que seguro se lo pasan fenomenal.<\/p>\n<p style=\"text-align: justify;\">\u00a0 \u00a0<strong> \u00a0<a title=\"Enlace al facebook de Moteros de Hoy\" href=\"http:\/\/www.facebook.com\/moterosdehoy\" target=\"_blank\" rel=\"external nofollow\">Saludos y r\u00e1fagas<\/a>.<\/strong><\/p>\n<!-- AddThis Advanced Settings generic via filter on the_content --><!-- AddThis Share Buttons generic via filter on the_content -->","protected":false},"excerpt":{"rendered":"<p>\u00a0 \u00a0 \u00a0El Vespa Club Extremadura continuando con la trayectoria de realizar un encuentro motero de Vespas y motos cl\u00e1sicas todos los \u00faltimos domingos de cada mes, el domingo d\u00eda 24 de febrero realizar\u00e1n una visita a la localidad portuguesa de Campo Maior, invitados por el Grupo Motard Campo Maior. \u00a0 \u00a0 \u00a0 El encuentro [&hellip;]<!-- AddThis Advanced Settings generic via filter on get_the_excerpt --><!-- AddThis Share Buttons generic via filter on get_the_excerpt --><\/p>\n","protected":false},"author":49,"featured_media":0,"comment_status":"open","ping_status":"closed","sticky":false,"template":"","format":"standard","meta":[],"categories":[13],"tags":[518,520,622,629,639,641],"_links":{"self":[{"href":"https:\/\/blogs.hoy.es\/moterosdehoy\/wp-json\/wp\/v2\/posts\/620"}],"collection":[{"href":"https:\/\/blogs.hoy.es\/moterosdehoy\/wp-json\/wp\/v2\/posts"}],"about":[{"href":"https:\/\/blogs.hoy.es\/moterosdehoy\/wp-json\/wp\/v2\/types\/post"}],"author":[{"embeddable":true,"href":"https:\/\/blogs.hoy.es\/moterosdehoy\/wp-json\/wp\/v2\/users\/49"}],"replies":[{"embeddable":true,"href":"https:\/\/blogs.hoy.es\/moterosdehoy\/wp-json\/wp\/v2\/comments?post=620"}],"version-history":[{"count":0,"href":"https:\/\/blogs.hoy.es\/moterosdehoy\/wp-json\/wp\/v2\/posts\/620\/revisions"}],"wp:attachment":[{"href":"https:\/\/blogs.hoy.es\/moterosdehoy\/wp-json\/wp\/v2\/media?parent=620"}],"wp:term":[{"taxonomy":"category","embeddable":true,"href":"https:\/\/blogs.hoy.es\/moterosdehoy\/wp-json\/wp\/v2\/categories?post=620"},{"taxonomy":"post_tag","embeddable":true,"href":"https:\/\/blogs.hoy.es\/moterosdehoy\/wp-json\/wp\/v2\/tags?post=620"}],"curies":[{"name":"wp","href":"https:\/\/api.w.org\/{rel}","templated":true}]}}