{"id":622,"date":"2013-02-21T00:43:59","date_gmt":"2013-02-21T00:43:59","guid":{"rendered":"http:\/\/blogs.hoy.es\/moterosdehoy\/?p=622"},"modified":"2013-02-21T00:43:59","modified_gmt":"2013-02-21T00:43:59","slug":"xi-ruta-motos-y-quad-oliva-de-la-frontera","status":"publish","type":"post","link":"https:\/\/blogs.hoy.es\/moterosdehoy\/2013\/02\/21\/xi-ruta-motos-y-quad-oliva-de-la-frontera\/","title":{"rendered":"XI Ruta Motos y Quad, Oliva de la Frontera"},"content":{"rendered":"<p style=\"text-align: justify;\">\u00a0 \u00a0 \u00a0 En el mundo de las motos no solo hay motos de carretera, tambi\u00e9n hay mucha afici\u00f3n a las motos de campo y para todos sus aficionados hoy les tenemos una buena noticia.<\/p>\n<div id=\"attachment_623\" style=\"width: 224px\" class=\"wp-caption alignleft\"><a href=\"\/moterosdehoy\/wp-content\/uploads\/sites\/45\/2013\/02\/2013-02-23-XI-Ruta-Motos-y-Quads.jpg\"><img aria-describedby=\"caption-attachment-623\" loading=\"lazy\" class=\"size-medium wp-image-623\" title=\"2013-02-23 XI Ruta Motos y Quads\" src=\"\/moterosdehoy\/wp-content\/uploads\/sites\/45\/2013\/02\/2013-02-23-XI-Ruta-Motos-y-Quads.jpg\" alt=\"\" width=\"214\" height=\"300\" srcset=\"https:\/\/static-blogs.hoy.es\/wp-content\/uploads\/sites\/45\/2013\/02\/2013-02-23-XI-Ruta-Motos-y-Quads.jpg 687w, https:\/\/static-blogs.hoy.es\/wp-content\/uploads\/sites\/45\/2013\/02\/2013-02-23-XI-Ruta-Motos-y-Quads-215x300.jpg 215w\" sizes=\"(max-width: 214px) 100vw, 214px\" \/><\/a><p id=\"caption-attachment-623\" class=\"wp-caption-text\">XI Ruta Oliva de la Frontera<\/p><\/div>\n<p style=\"text-align: justify;\">\u00a0 \u00a0 \u00a0 \u00a0Los pr\u00f3ximos <strong>d\u00edas 23 y 24 de febrero<\/strong>, tendr\u00e1 lugar la <strong>XI edici\u00f3n de la Ruta Motos y Quads 4&#215;4 en <a title=\"Oliva de la Frontera en wikipedia\" href=\"http:\/\/es.wikipedia.org\/wiki\/Oliva_de_la_Frontera\" target=\"_blank\" rel=\"external nofollow\">Oliva de la Frontera<\/a>\u00a0(Badajoz)<\/strong>.<\/p>\n<p style=\"text-align: justify;\">\u00a0 \u00a0 \u00a0Ante todo hay que aclarar que es una concentraci\u00f3n motera para todo tipo de motos, pues habr\u00e1 una ruta de campo y otra de carretera. Teniendo como<strong> lugar de encuentro el &#8220;Pol\u00edgono de las Madronas&#8221;, <\/strong>teniendo la siguiente programaci\u00f3n:<\/p>\n<p style=\"text-align: justify;\"><strong>\u00a0&#8211; <span style=\"text-decoration: underline;\">S\u00e1bado 23<\/span><\/strong><\/p>\n<p style=\"text-align: justify;\">\u00a0 \u00a0 \u00a0 \u00a0Gymkana Infantil Cronometrada. Donde se realizaran pruebas cronometradas en un peque\u00f1o circuito improvisado, <strong>las pruebas ser\u00e1n realizadas por ni\u00f1os de diversas edades<\/strong>.<\/p>\n<p style=\"text-align: justify;\">\u00a0 \u00a0 \u00a0 \u00a0Las Inscripciones estar\u00e1n abiertas asta comienzo de la prueba. Habr\u00e1 barra-bar y entrega de trofeos para todos los participantes.<\/p>\n<p style=\"text-align: justify;\">\u00a0 \u00a0 \u00a0Por la noche: GRAN FIESTA DE REGALOS. Fiesta-discoteca con LLUVIA DE REGALOS. 8.000w de potencia de sonido. Y dispondr\u00e1n de venta de bebidas en estilo BOTELL\u00d3N.<\/p>\n<p style=\"text-align: justify;\"><strong>\u00a0&#8211; <span style=\"text-decoration: underline;\">Domingo 24<\/span><\/strong><\/p>\n<p style=\"text-align: justify;\">\u00a0 \u00a0 \u00a0 \u00a0 Desayuno para coger fuerzas para realizar una RUTA que tendr\u00e1 salida a las 9:30 horas desde el Pol\u00edgono Industrial Las Madronas. El recorrido ser\u00e1 de unos 65 kil\u00f3metros y en \u00e9l habr\u00e1 almuerzo y comida, adem\u00e1s de regalo para todos los inscritos, <strong>pruebas cronometradas para adultos<\/strong> y entrega de trofeos y regalos.<\/p>\n<p style=\"text-align: justify;\">\u00a0 \u00a0 \u00a0 \u00a0 <strong>Habr\u00e1 dos rutas<\/strong> una de campo y otra de carretera:\u00a0<!--more--><\/p>\n<div id=\"attachment_625\" style=\"width: 310px\" class=\"wp-caption alignright\"><a href=\"\/moterosdehoy\/wp-content\/uploads\/sites\/45\/2013\/02\/Oliva-de-la-Frontera-01.jpg\"><img aria-describedby=\"caption-attachment-625\" loading=\"lazy\" class=\"size-medium wp-image-625\" title=\"Oliva de la Frontera 01\" src=\"\/moterosdehoy\/wp-content\/uploads\/sites\/45\/2013\/02\/Oliva-de-la-Frontera-01.jpg\" alt=\"\" width=\"300\" height=\"225\" srcset=\"https:\/\/static-blogs.hoy.es\/wp-content\/uploads\/sites\/45\/2013\/02\/Oliva-de-la-Frontera-01.jpg 600w, https:\/\/static-blogs.hoy.es\/wp-content\/uploads\/sites\/45\/2013\/02\/Oliva-de-la-Frontera-01-300x225.jpg 300w\" sizes=\"(max-width: 300px) 100vw, 300px\" \/><\/a><p id=\"caption-attachment-625\" class=\"wp-caption-text\">Ruta de campo<\/p><\/div>\n<p style=\"text-align: justify;\">\n<p style=\"text-align: justify;\">*<strong>RUTA DE CAMPO<\/strong>: Desayuno. Salida a las 09:30 desde el\u00a0Pol\u00edgono\u00a0las Madronas. Recorrido de unos 65 km. Almuerzo en ruta y comida al finalizar.<\/p>\n<p style=\"text-align: justify;\">\n<p style=\"text-align: justify;\">*<strong>RUTA DE CARRETERA<\/strong>: Desayuno a las 11:00 . Salida a las 11:30 horas.<\/p>\n<div id=\"attachment_626\" style=\"width: 310px\" class=\"wp-caption alignleft\"><a href=\"\/moterosdehoy\/wp-content\/uploads\/sites\/45\/2013\/02\/Oliva-de-la-Frontera-02.jpg\"><img aria-describedby=\"caption-attachment-626\" loading=\"lazy\" class=\"size-medium wp-image-626\" title=\"Oliva de la Frontera 02\" src=\"\/moterosdehoy\/wp-content\/uploads\/sites\/45\/2013\/02\/Oliva-de-la-Frontera-02.jpg\" alt=\"\" width=\"300\" height=\"225\" srcset=\"https:\/\/static-blogs.hoy.es\/wp-content\/uploads\/sites\/45\/2013\/02\/Oliva-de-la-Frontera-02.jpg 600w, https:\/\/static-blogs.hoy.es\/wp-content\/uploads\/sites\/45\/2013\/02\/Oliva-de-la-Frontera-02-300x225.jpg 300w\" sizes=\"(max-width: 300px) 100vw, 300px\" \/><\/a><p id=\"caption-attachment-626\" class=\"wp-caption-text\">Ruta de carretera<\/p><\/div>\n<p style=\"text-align: justify;\">\u00a0 \u00a0 \u00a0 La inscripci\u00f3n es de <strong>20\u20ac<\/strong> y\u00a0consta de: bolsa de regalos, desayuno, almuerzo a mitad de ruta, comida a la llegada, varias consumiciones, derecho a ser atendido en caso de aver\u00eda en la moto y entrar en un sorteo de regalos que se har\u00e1 al finalizar la comida.<\/p>\n<p style=\"text-align: justify;\">\u00a0 \u00a0 \u00a0 En el propio cartel del evento est\u00e1 disponible el n\u00famero de cuenta donde abonar la inscripci\u00f3n por adelantado.<\/p>\n<p style=\"text-align: justify;\">\u00a0 \u00a0 \u00a0Si necesitas m\u00e1s informaci\u00f3n puedes contactar con los tel\u00e9fonos: 924 754 529 y 924 740 890<\/p>\n<p style=\"text-align: justify;\">\u00a0 \u00a0 \u00a0<a title=\"Enlace al facebook de Moteros de Hoy\" href=\"http:\/\/www.facebook.com\/moterosdehoy\" target=\"_blank\" rel=\"external nofollow\">Saludos y r\u00e1fagas<\/a>.<\/p>\n<!-- AddThis Advanced Settings generic via filter on the_content --><!-- AddThis Share Buttons generic via filter on the_content -->","protected":false},"excerpt":{"rendered":"<p>\u00a0 \u00a0 \u00a0 En el mundo de las motos no solo hay motos de carretera, tambi\u00e9n hay mucha afici\u00f3n a las motos de campo y para todos sus aficionados hoy les tenemos una buena noticia. \u00a0 \u00a0 \u00a0 \u00a0Los pr\u00f3ximos d\u00edas 23 y 24 de febrero, tendr\u00e1 lugar la XI edici\u00f3n de la Ruta Motos [&hellip;]<!-- AddThis Advanced Settings generic via filter on get_the_excerpt --><!-- AddThis Share Buttons generic via filter on get_the_excerpt --><\/p>\n","protected":false},"author":49,"featured_media":0,"comment_status":"open","ping_status":"closed","sticky":false,"template":"","format":"standard","meta":[],"categories":[13],"tags":[622,629,639,641,1027],"_links":{"self":[{"href":"https:\/\/blogs.hoy.es\/moterosdehoy\/wp-json\/wp\/v2\/posts\/622"}],"collection":[{"href":"https:\/\/blogs.hoy.es\/moterosdehoy\/wp-json\/wp\/v2\/posts"}],"about":[{"href":"https:\/\/blogs.hoy.es\/moterosdehoy\/wp-json\/wp\/v2\/types\/post"}],"author":[{"embeddable":true,"href":"https:\/\/blogs.hoy.es\/moterosdehoy\/wp-json\/wp\/v2\/users\/49"}],"replies":[{"embeddable":true,"href":"https:\/\/blogs.hoy.es\/moterosdehoy\/wp-json\/wp\/v2\/comments?post=622"}],"version-history":[{"count":0,"href":"https:\/\/blogs.hoy.es\/moterosdehoy\/wp-json\/wp\/v2\/posts\/622\/revisions"}],"wp:attachment":[{"href":"https:\/\/blogs.hoy.es\/moterosdehoy\/wp-json\/wp\/v2\/media?parent=622"}],"wp:term":[{"taxonomy":"category","embeddable":true,"href":"https:\/\/blogs.hoy.es\/moterosdehoy\/wp-json\/wp\/v2\/categories?post=622"},{"taxonomy":"post_tag","embeddable":true,"href":"https:\/\/blogs.hoy.es\/moterosdehoy\/wp-json\/wp\/v2\/tags?post=622"}],"curies":[{"name":"wp","href":"https:\/\/api.w.org\/{rel}","templated":true}]}}