{"id":64,"date":"2012-06-04T20:41:54","date_gmt":"2012-06-04T20:41:54","guid":{"rendered":"http:\/\/blogs.hoy.es\/moterosdehoy\/?p=64"},"modified":"2012-06-04T20:41:54","modified_gmt":"2012-06-04T20:41:54","slug":"2012-06-16-ii-kedada-en-san-pedro-de-merida-badajoz","status":"publish","type":"post","link":"https:\/\/blogs.hoy.es\/moterosdehoy\/2012\/06\/04\/2012-06-16-ii-kedada-en-san-pedro-de-merida-badajoz\/","title":{"rendered":"2012-06-16 II Kedada en San Pedro de M\u00e9rida (Badajoz)"},"content":{"rendered":"<p style=\"text-align: justify;\">II Kedada MotoClub 0,24\u00ba<\/p>\n<p style=\"text-align: justify;\">Los <strong>d\u00edas 16 y 17 de junio<\/strong> 2012 la pe\u00f1a motera motoclub 0,24\u00ba, organiza en San Pedro de M\u00e9rida (Badajoz), su segunda \u201ckedada\u201d, el precio como estamos en crisis GRATIS.<\/p>\n<div class=\"mceTemp\" style=\"text-align: justify;\"><a href=\"\/moterosdehoy\/wp-content\/uploads\/sites\/45\/2012\/06\/2012-06-16-San-Pedro-de-M\u00e9rida3.jpg\"><img loading=\"lazy\" class=\"alignright size-medium wp-image-68\" title=\"II Kedada en San Pedro de M\u00e9rida (Badajoz)\" src=\"\/moterosdehoy\/wp-content\/uploads\/sites\/45\/2012\/06\/2012-06-16-San-Pedro-de-M\u00e9rida3.jpg\" alt=\"\" width=\"300\" height=\"212\" srcset=\"https:\/\/static-blogs.hoy.es\/wp-content\/uploads\/sites\/45\/2012\/06\/2012-06-16-San-Pedro-de-M\u00e9rida3.jpg 640w, https:\/\/static-blogs.hoy.es\/wp-content\/uploads\/sites\/45\/2012\/06\/2012-06-16-San-Pedro-de-M\u00e9rida3-300x212.jpg 300w\" sizes=\"(max-width: 300px) 100vw, 300px\" \/><\/a><\/div>\n<p style=\"text-align: justify;\">El s\u00e1bado a las 13:00h habr\u00e1 <strong>caldereta y paella gratis con una consumici\u00f3n<\/strong> para todos los moteros y acompa\u00f1ante, amenizada con m\u00fasica de nuestro <strong>Dj Salva<\/strong> hasta la madrugada, adem\u00e1s habr\u00e1n sorteos y regalos, conciertos de los grupos<strong> Carta Blanca<\/strong> de Jerez de la Frontera y <strong>Mnemofobia<\/strong> del Casar de Caceres.<\/p>\n<p style=\"text-align: justify;\">El domingo se comenzar\u00e1 con desayuno a las 9:00 en El Bar Pensionista, a las 11:00 ruta por los pueblos de la comarca, con parada de Torrefresneda, y a las 14:00 comida (la comida no est\u00e1 incluida en la inscripci\u00f3n) y clausura de concentraci\u00f3n.<\/p>\n<p style=\"text-align: justify;\">Si quereis m\u00e1s informaci\u00f3n pinchar en <a href=\"http:\/\/motoclub024.blogspot.com.es\/\" target=\"_blank\" rel=\"external nofollow\">motoclub 0,24\u00ba<\/a><\/p>\n<p style=\"text-align: justify;\"><strong>\u00a0 \u00a0Saludos y r\u00e1fagas.\u00a0<\/strong><\/p>\n<!-- AddThis Advanced Settings generic via filter on the_content --><!-- AddThis Share Buttons generic via filter on the_content -->","protected":false},"excerpt":{"rendered":"<p>II Kedada MotoClub 0,24\u00ba Los d\u00edas 16 y 17 de junio 2012 la pe\u00f1a motera motoclub 0,24\u00ba, organiza en San Pedro de M\u00e9rida (Badajoz), su segunda \u201ckedada\u201d, el precio como estamos en crisis GRATIS. El s\u00e1bado a las 13:00h habr\u00e1 caldereta y paella gratis con una consumici\u00f3n para todos los moteros y acompa\u00f1ante, amenizada con [&hellip;]<!-- AddThis Advanced Settings generic via filter on get_the_excerpt --><!-- AddThis Share Buttons generic via filter on get_the_excerpt --><\/p>\n","protected":false},"author":49,"featured_media":0,"comment_status":"open","ping_status":"closed","sticky":false,"template":"","format":"standard","meta":[],"categories":[13],"tags":[194,227,622,624,639],"_links":{"self":[{"href":"https:\/\/blogs.hoy.es\/moterosdehoy\/wp-json\/wp\/v2\/posts\/64"}],"collection":[{"href":"https:\/\/blogs.hoy.es\/moterosdehoy\/wp-json\/wp\/v2\/posts"}],"about":[{"href":"https:\/\/blogs.hoy.es\/moterosdehoy\/wp-json\/wp\/v2\/types\/post"}],"author":[{"embeddable":true,"href":"https:\/\/blogs.hoy.es\/moterosdehoy\/wp-json\/wp\/v2\/users\/49"}],"replies":[{"embeddable":true,"href":"https:\/\/blogs.hoy.es\/moterosdehoy\/wp-json\/wp\/v2\/comments?post=64"}],"version-history":[{"count":0,"href":"https:\/\/blogs.hoy.es\/moterosdehoy\/wp-json\/wp\/v2\/posts\/64\/revisions"}],"wp:attachment":[{"href":"https:\/\/blogs.hoy.es\/moterosdehoy\/wp-json\/wp\/v2\/media?parent=64"}],"wp:term":[{"taxonomy":"category","embeddable":true,"href":"https:\/\/blogs.hoy.es\/moterosdehoy\/wp-json\/wp\/v2\/categories?post=64"},{"taxonomy":"post_tag","embeddable":true,"href":"https:\/\/blogs.hoy.es\/moterosdehoy\/wp-json\/wp\/v2\/tags?post=64"}],"curies":[{"name":"wp","href":"https:\/\/api.w.org\/{rel}","templated":true}]}}