{"id":640,"date":"2013-03-05T23:12:17","date_gmt":"2013-03-05T23:12:17","guid":{"rendered":"http:\/\/blogs.hoy.es\/moterosdehoy\/?p=640"},"modified":"2013-03-05T23:12:17","modified_gmt":"2013-03-05T23:12:17","slug":"kedada-motera-en-castuera-homenaje-al-f-5","status":"publish","type":"post","link":"https:\/\/blogs.hoy.es\/moterosdehoy\/2013\/03\/05\/kedada-motera-en-castuera-homenaje-al-f-5\/","title":{"rendered":"Kedada Motera en Castuera &#8211; HOMENAJE AL F-5"},"content":{"rendered":"<p style=\"text-align: justify;\">\u00a0 \u00a0 \u00a0El domingo d\u00eda <strong>17 de marzo<\/strong> el grupo motero &#8216;turisMOTOrtas&#8217;, en colaboraci\u00f3n con la plataforma ciudadana y deportiva &#8216;Aguante Castuera&#8217;, organizan una concentraci\u00f3n motera en su localidad &#8220;<strong><a title=\"Castuera en wikipedia\" href=\"http:\/\/es.wikipedia.org\/wiki\/Castuera\" target=\"_blank\" rel=\"external nofollow\">Castuera<\/a><\/strong>&#8220;.<\/p>\n<div class=\"mceTemp\" style=\"text-align: justify;\">\n<dl id=\"attachment_641\" class=\"wp-caption alignleft\" style=\"width: 222px;\">\n<dt class=\"wp-caption-dt\"><a href=\"\/moterosdehoy\/wp-content\/uploads\/sites\/45\/2013\/03\/Kedada-Motera-Castuera-2013.jpg\"><img loading=\"lazy\" class=\"size-medium wp-image-641\" title=\"Kedada Motera Castuera 2013\" src=\"\/moterosdehoy\/wp-content\/uploads\/sites\/45\/2013\/03\/Kedada-Motera-Castuera-2013.jpg\" alt=\"\" width=\"212\" height=\"300\" srcset=\"https:\/\/static-blogs.hoy.es\/wp-content\/uploads\/sites\/45\/2013\/03\/Kedada-Motera-Castuera-2013.jpg 300w, https:\/\/static-blogs.hoy.es\/wp-content\/uploads\/sites\/45\/2013\/03\/Kedada-Motera-Castuera-2013-212x300.jpg 212w\" sizes=\"(max-width: 212px) 100vw, 212px\" \/><\/a><\/dt>\n<dd class=\"wp-caption-dd\">Cartel del evento<\/dd>\n<\/dl>\n<\/div>\n<p style=\"text-align: justify;\">\u00a0 \u00a0 \u00a0 \u00a0 <strong>El evento tiene la finalidad de rendir homenaje al avi\u00f3n F-5<\/strong> que fue retirado de una de las rotondas de acceso a la localidad.<\/p>\n<p style=\"text-align: justify;\">\u00a0 \u00a0 \u00a0 Cuando se encontraba all\u00ed el avi\u00f3n era el punto de referencia para salidas y encuentros moteros y en \u00e9sta ocasi\u00f3n una vez m\u00e1s ser\u00e1 el punto de salida, partiendo con una &#8220;motorada ruidosa&#8221; por la localidad para al finalizar leer un manifiesto.<\/p>\n<p style=\"text-align: justify;\"><strong>\u00a0 \u00a0 \u00a0 Programa de la Kedada:<\/strong><\/p>\n<p style=\"text-align: justify;\">\u00a0 \u00a0 A partir de las <strong>9:30<\/strong> horas, reuni\u00f3n de participantes en la Plaza Central del Recinto Ferial. Saludos de bienvenida y <strong><a title=\"Im\u00e1genes de Migas Extreme\u00f1as\" href=\"https:\/\/www.google.es\/search?q=Migas+Extreme%C3%B1as&#038;hl=es&#038;tbm=isch&#038;tbo=u&#038;source=univ&#038;sa=X&#038;ei=9Ho2UbyaAcjUPOW_gKAC&#038;ved=0CDYQsAQ&#038;biw=1280&#038;bih=699\" target=\"_blank\" rel=\"external nofollow\">Migas Extreme\u00f1as<\/a><\/strong> para los m\u00e1s madrugadores.<\/p>\n<p style=\"text-align: justify;\">\u00a0 \u00a0 <strong>11:30<\/strong>\u00a0h,\u00a0<strong>MOTORADA RUIDOSA<\/strong> por el casco urbano de Castuera, mostrando con ella su desacuerdo con la retirada del avi\u00f3n.<\/p>\n<p style=\"text-align: justify;\">\u00a0 \u00a0 Al final\u00a0de la ruta urbana, llegada a la ROTONDA DEL AVI\u00d3N. <strong>Lectura de manifiesto<\/strong> y fotos de recuerdo del grupo participante encima de la peana donde estaba puesto el F-5.<\/p>\n<p style=\"text-align: justify;\">\u00a0 \u00a0\u00a0<strong>12:15<\/strong>\u00a0h,<strong> visita guiada al Museo del Turr\u00f3n<\/strong> <strong>o asistencia al partido de futbol<\/strong> entre los equipos C.D. CASTUERA SUBASTACAR contra el C.F. SOLANA DE LOS BARROS. Las entradas tanto para una cosa como para la otra, son totalmente gratis para los moteros participantes.<\/p>\n<p style=\"text-align: justify;\">\u00a0 \u00a0 \u00a0<strong>13:00<\/strong> h, en el Recinto Ferial, firma de aut\u00f3grafos, posters, fotos y camisetas por parte de <a title=\"P\u00e1gina oficial de Emilio Zamora\" href=\"http:\/\/www.emiliozamora.com\/officialsite\/\" target=\"_blank\" rel=\"external nofollow\">EMILIO ZAMORA<\/a>, piloto oficial del DUCATI STUNT TEAM.<\/p>\n<p style=\"text-align: justify;\">\u00a0 \u00a0 \u00a0\u00a0<strong>14,00<\/strong> h, <strong>Fiesta Motera<\/strong> con la mejor m\u00fasica del momento\u00a0a cargo de Dj Wueber con la participaci\u00f3n de otros Djs locales.<\/p>\n<p style=\"text-align: justify;\">\u00a0 \u00a0<strong> 15:00<\/strong> h, cervecitas, aperitivos y GRAN PARRILLADA DE IBERICO (Costillas, chorizo, panceta&#8230;.), adem\u00e1s de degustaci\u00f3n de QUESOS Y TORTAS DE LA SERENA. Para el postre, unos exquisitos TURRONES DE CASTUERA, todo ello por gentileza de varias casas comerciales y maestros artesanos de la Localidad, por supuesto gratis para los asistentes. Teniendo que pagar tan solo la bebida que consuma cada cual.<\/p>\n<p style=\"text-align: justify;\">\u00a0 \u00a0 \u00a0 A partir de las <strong>17,30<\/strong> h, entrega de trofeos (moto m\u00e1s nueva, m\u00e1s vieja, m\u00e1s escandalosa en la motorada&#8230;&#8230;) reparto de regalos y despedida.<\/p>\n<p style=\"text-align: justify;\">\u00a0 \u00a0 \u00a0 Ante todo esto, como te lo vas a perder, venga \u00e1nimo y para Castuera.<\/p>\n<p style=\"text-align: justify;\"><strong>\u00a0 \u00a0 \u00a0\u00a0<a title=\"Enlace al facebook de Moteros de Hoy\" href=\"http:\/\/www.facebook.com\/moterosdehoy\" target=\"_blank\" rel=\"external nofollow\">Saludos y r\u00e1fagas<\/a>.<\/strong><\/p>\n<p>&nbsp;<\/p>\n<!-- AddThis Advanced Settings generic via filter on the_content --><!-- AddThis Share Buttons generic via filter on the_content -->","protected":false},"excerpt":{"rendered":"<p>\u00a0 \u00a0 \u00a0El domingo d\u00eda 17 de marzo el grupo motero &#8216;turisMOTOrtas&#8217;, en colaboraci\u00f3n con la plataforma ciudadana y deportiva &#8216;Aguante Castuera&#8217;, organizan una concentraci\u00f3n motera en su localidad &#8220;Castuera&#8220;. Cartel del evento \u00a0 \u00a0 \u00a0 \u00a0 El evento tiene la finalidad de rendir homenaje al avi\u00f3n F-5 que fue retirado de una de las [&hellip;]<!-- AddThis Advanced Settings generic via filter on get_the_excerpt --><!-- AddThis Share Buttons generic via filter on get_the_excerpt --><\/p>\n","protected":false},"author":49,"featured_media":0,"comment_status":"open","ping_status":"closed","sticky":false,"template":"","format":"standard","meta":[],"categories":[13],"tags":[465,544,622,639,641,817],"_links":{"self":[{"href":"https:\/\/blogs.hoy.es\/moterosdehoy\/wp-json\/wp\/v2\/posts\/640"}],"collection":[{"href":"https:\/\/blogs.hoy.es\/moterosdehoy\/wp-json\/wp\/v2\/posts"}],"about":[{"href":"https:\/\/blogs.hoy.es\/moterosdehoy\/wp-json\/wp\/v2\/types\/post"}],"author":[{"embeddable":true,"href":"https:\/\/blogs.hoy.es\/moterosdehoy\/wp-json\/wp\/v2\/users\/49"}],"replies":[{"embeddable":true,"href":"https:\/\/blogs.hoy.es\/moterosdehoy\/wp-json\/wp\/v2\/comments?post=640"}],"version-history":[{"count":0,"href":"https:\/\/blogs.hoy.es\/moterosdehoy\/wp-json\/wp\/v2\/posts\/640\/revisions"}],"wp:attachment":[{"href":"https:\/\/blogs.hoy.es\/moterosdehoy\/wp-json\/wp\/v2\/media?parent=640"}],"wp:term":[{"taxonomy":"category","embeddable":true,"href":"https:\/\/blogs.hoy.es\/moterosdehoy\/wp-json\/wp\/v2\/categories?post=640"},{"taxonomy":"post_tag","embeddable":true,"href":"https:\/\/blogs.hoy.es\/moterosdehoy\/wp-json\/wp\/v2\/tags?post=640"}],"curies":[{"name":"wp","href":"https:\/\/api.w.org\/{rel}","templated":true}]}}