{"id":644,"date":"2013-03-09T01:24:00","date_gmt":"2013-03-09T01:24:00","guid":{"rendered":"http:\/\/blogs.hoy.es\/moterosdehoy\/?p=644"},"modified":"2013-03-09T01:24:00","modified_gmt":"2013-03-09T01:24:00","slug":"la-nueva-r-1200-gs-llega-a-badajoz","status":"publish","type":"post","link":"https:\/\/blogs.hoy.es\/moterosdehoy\/2013\/03\/09\/la-nueva-r-1200-gs-llega-a-badajoz\/","title":{"rendered":"La nueva R 1200 GS llega a Badajoz"},"content":{"rendered":"<h2 style=\"text-align: justify;\">\u00a0 \u00a0 \u00a0La reina de las maxi-trail se renueva de nuevo, es el precio que hay que pagar para seguir siendo la m\u00e1s deseada y admirada.<\/h2>\n<div id=\"attachment_645\" style=\"width: 310px\" class=\"wp-caption alignleft\"><a href=\"\/moterosdehoy\/wp-content\/uploads\/sites\/45\/2013\/03\/BMW-R-1200-GS-2013.jpg\"><img aria-describedby=\"caption-attachment-645\" loading=\"lazy\" class=\"size-medium wp-image-645\" title=\"BMW R 1200 GS 2013\" src=\"\/moterosdehoy\/wp-content\/uploads\/sites\/45\/2013\/03\/BMW-R-1200-GS-2013.jpg\" alt=\"\" width=\"300\" height=\"225\" srcset=\"https:\/\/static-blogs.hoy.es\/wp-content\/uploads\/sites\/45\/2013\/03\/BMW-R-1200-GS-2013.jpg 3264w, https:\/\/static-blogs.hoy.es\/wp-content\/uploads\/sites\/45\/2013\/03\/BMW-R-1200-GS-2013-300x225.jpg 300w, https:\/\/static-blogs.hoy.es\/wp-content\/uploads\/sites\/45\/2013\/03\/BMW-R-1200-GS-2013-768x576.jpg 768w, https:\/\/static-blogs.hoy.es\/wp-content\/uploads\/sites\/45\/2013\/03\/BMW-R-1200-GS-2013-1024x768.jpg 1024w\" sizes=\"(max-width: 300px) 100vw, 300px\" \/><\/a><p id=\"caption-attachment-645\" class=\"wp-caption-text\">Nueva BMW R 1200 GS<\/p><\/div>\n<p style=\"text-align: justify;\">\u00a0 \u00a0 \u00a0 \u00a0Ya son varias marcas las que van haciendo r\u00e9plicas casi perfectas y ante ello <strong><a title=\"P\u00e1gina de BMW Motorrad\" href=\"http:\/\/www.bmw-motorrad.es\/es\/es\/index.html\" target=\"_blank\" rel=\"external nofollow\">BMW\u00a0Motorrad<\/a><\/strong> se quiere diferenciar. La <a title=\"Modelo 2013\" href=\"http:\/\/www.bmw-motorrad.es\/es\/es\/index.html?content=http:\/\/www.bmw-motorrad.es\/es\/es\/bike\/enduro\/2012\/r1200gs\/r1200gs_overview.html&#038;notrack=1\" target=\"_blank\" rel=\"external nofollow\">BMW R 1200 GS<\/a>\u00a0es actualmente el icono de todas las enduro de viaje. Durante 32 a\u00f1os, \u201cla GS\u201d ha definido su segmento y ha demostrado ser la acompa\u00f1ante fiable para cualquier aventura en motocicleta.<\/p>\n<p style=\"text-align: justify;\">\u00a0 \u00a0Esta maravilla de motocicleta lleva un motor b\u00f3xer bicil\u00edndrico de cuatro tiempos refrigerado por aire\/l\u00edquido, doble \u00e1rbol de levas, con un eje central de compensaci\u00f3n, que con sus 1.170 c.c. han dado un peque\u00f1o empuj\u00f3n a la potencia, llegando en el nuevo modelo a los 125 CV a 7.750 rpm, lo que la hace poder dominar cualquier situaci\u00f3n.<\/p>\n<p style=\"text-align: justify;\">\u00a0 \u00a0Pero a\u00fan no ha llegado a los concesionarios,<strong> el pr\u00f3ximo <a title=\"Inicio de temporada\" href=\"http:\/\/www.bmw-motorrad.es\/es\/es\/index.html?content=http:\/\/www.bmw-motorrad.es\/es\/es\/fascination\/seasonstart_2013\/overview_seasonstart2013.html&#038;notrack=1\" target=\"_blank\" rel=\"external nofollow\">14 de marzo de 2013<\/a>, har\u00e1 su entrada en Badajoz<\/strong>.<\/p>\n<p style=\"text-align: justify;\">\u00a0 \u00a0 \u00a0Actualmente BMW Motorrad tiene motocicletas para casi todos los gustos, tanto Sport, Tour, Roadster, Enduro y Urban Mobility, \u00fanicamente se ha desvinculado del segmento custom, que de cierta manera tambi\u00e9n lo ha tocado con sus modelos Cruiser.<\/p>\n<p style=\"text-align: justify;\">\u00a0 \u00a0 \u00a0Dentro de los modelos tiene un gran abanico, comenzando con la <a title=\"BMW G 650 GS\" href=\"https:\/\/www.google.es\/search?q=bmw+g+650+gs&#038;hl=es&#038;tbm=isch&#038;tbo=u&#038;source=univ&#038;sa=X&#038;ei=L0o6Ucgg8pDsBueugagG&#038;ved=0CDoQsAQ&#038;biw=1280&#038;bih=699\" target=\"_blank\" rel=\"external nofollow\">G 650 GS<\/a>, para llegar a su modelo estrella la <a title=\"BMW K 1600 GTL\" href=\"https:\/\/www.google.es\/search?q=K+1600+GTL&#038;hl=es&#038;tbm=isch&#038;tbo=u&#038;source=univ&#038;sa=X&#038;ei=ZEo6Ue71FYOS7AbA_oDwAg&#038;ved=0CDAQsAQ&#038;biw=1280&#038;bih=699\" target=\"_blank\" rel=\"external nofollow\">K 1600 GTL<\/a>, y si hablamos de potencia y la competici\u00f3n llegamos a los 193 cv de la <a title=\"BMW S 1000 RR\" href=\"http:\/\/www.bmw-s1000rr.es\/\" target=\"_blank\" rel=\"external nofollow\">S 1000 RR<\/a>.<\/p>\n<div id=\"attachment_646\" style=\"width: 160px\" class=\"wp-caption alignright\"><a href=\"\/moterosdehoy\/wp-content\/uploads\/sites\/45\/2013\/03\/BMW-S-1000-RR.jpg\"><img aria-describedby=\"caption-attachment-646\" loading=\"lazy\" class=\"size-thumbnail wp-image-646\" title=\"BMW S 1000 RR\" src=\"\/moterosdehoy\/wp-content\/uploads\/sites\/45\/2013\/03\/BMW-S-1000-RR.jpg\" alt=\"\" width=\"150\" height=\"150\" \/><\/a><p id=\"caption-attachment-646\" class=\"wp-caption-text\">BMW S 1000 RR<\/p><\/div>\n<p style=\"text-align: justify;\">\u00a0\u00a0 El motero que m\u00e1s pa\u00edses ha recorrido por el mundo es un espa\u00f1ol, se llama <strong><a title=\"P\u00e1gina de Miquel Silvestre\" href=\"http:\/\/www.miquelsilvestre.com\/\" target=\"_blank\" rel=\"external nofollow\">Miquel Silvestre<\/a><\/strong> y<strong> ha dado la vuelta al mundo en una BMW R 1200 GS<\/strong>, pudiendo disponer de su presencia el pr\u00f3ximo d\u00eda 17 de marzo en Badajoz. En breve os dar\u00e9 m\u00e1s datos.<\/p>\n<p style=\"text-align: justify;\">\u00a0 \u00a0 \u00a0<strong><a title=\"Enlace al facebook de Moteros de Hoy\" href=\"http:\/\/www.facebook.com\/moterosdehoy\" target=\"_blank\" rel=\"external nofollow\">Saludos y r\u00e1fagas<\/a><\/strong>.<\/p>\n<!-- AddThis Advanced Settings generic via filter on the_content --><!-- AddThis Share Buttons generic via filter on the_content -->","protected":false},"excerpt":{"rendered":"<p>\u00a0 \u00a0 \u00a0La reina de las maxi-trail se renueva de nuevo, es el precio que hay que pagar para seguir siendo la m\u00e1s deseada y admirada. \u00a0 \u00a0 \u00a0 \u00a0Ya son varias marcas las que van haciendo r\u00e9plicas casi perfectas y ante ello BMW\u00a0Motorrad se quiere diferenciar. La BMW R 1200 GS\u00a0es actualmente el icono [&hellip;]<!-- AddThis Advanced Settings generic via filter on get_the_excerpt --><!-- AddThis Share Buttons generic via filter on get_the_excerpt --><\/p>\n","protected":false},"author":49,"featured_media":0,"comment_status":"open","ping_status":"closed","sticky":false,"template":"","format":"standard","meta":[],"categories":[8,13],"tags":[380,622,629,639,641,741,742,806],"_links":{"self":[{"href":"https:\/\/blogs.hoy.es\/moterosdehoy\/wp-json\/wp\/v2\/posts\/644"}],"collection":[{"href":"https:\/\/blogs.hoy.es\/moterosdehoy\/wp-json\/wp\/v2\/posts"}],"about":[{"href":"https:\/\/blogs.hoy.es\/moterosdehoy\/wp-json\/wp\/v2\/types\/post"}],"author":[{"embeddable":true,"href":"https:\/\/blogs.hoy.es\/moterosdehoy\/wp-json\/wp\/v2\/users\/49"}],"replies":[{"embeddable":true,"href":"https:\/\/blogs.hoy.es\/moterosdehoy\/wp-json\/wp\/v2\/comments?post=644"}],"version-history":[{"count":0,"href":"https:\/\/blogs.hoy.es\/moterosdehoy\/wp-json\/wp\/v2\/posts\/644\/revisions"}],"wp:attachment":[{"href":"https:\/\/blogs.hoy.es\/moterosdehoy\/wp-json\/wp\/v2\/media?parent=644"}],"wp:term":[{"taxonomy":"category","embeddable":true,"href":"https:\/\/blogs.hoy.es\/moterosdehoy\/wp-json\/wp\/v2\/categories?post=644"},{"taxonomy":"post_tag","embeddable":true,"href":"https:\/\/blogs.hoy.es\/moterosdehoy\/wp-json\/wp\/v2\/tags?post=644"}],"curies":[{"name":"wp","href":"https:\/\/api.w.org\/{rel}","templated":true}]}}