{"id":649,"date":"2013-03-11T18:54:32","date_gmt":"2013-03-11T18:54:32","guid":{"rendered":"http:\/\/blogs.hoy.es\/moterosdehoy\/?p=649"},"modified":"2013-03-11T18:54:32","modified_gmt":"2013-03-11T18:54:32","slug":"miquel-silvestre-en-badajoz","status":"publish","type":"post","link":"https:\/\/blogs.hoy.es\/moterosdehoy\/2013\/03\/11\/miquel-silvestre-en-badajoz\/","title":{"rendered":"Miquel Silvestre en Badajoz"},"content":{"rendered":"<p style=\"text-align: justify;\">\u00a0 \u00a0 Tras haber hablado de <strong><a title=\"P\u00e1gina de Miquel Silvestre\" href=\"http:\/\/www.miquelsilvestre.com\/\" target=\"_blank\" rel=\"external nofollow\">Miquel Silvestre<\/a><\/strong> recientemente en el blog, para darlo a conocer a quienes desconoc\u00edan sus\u00a0haza\u00f1as\u00a0y de paso comunicar que estar\u00eda disponible en <a title=\"Plasencia en Wikipedia\" href=\"http:\/\/es.wikipedia.org\/wiki\/Plasencia\" target=\"_blank\" rel=\"external nofollow\">Plasencia<\/a> (C\u00e1ceres), nos hab\u00edamos quedado con la miel en la boca y con la ayuda del <a title=\"Web del Motoclub Laguna Seca\" href=\"http:\/\/www.motoclublagunasecaextremadura.es\/\" target=\"_blank\" rel=\"external nofollow\">MotoClub Laguna Seca<\/a> hemos conseguido arrastrarlo a <a title=\"Badajoz en Wikipedia\" href=\"http:\/\/es.wikipedia.org\/wiki\/Badajoz\" target=\"_blank\" rel=\"external nofollow\">Badajoz<\/a>.<\/p>\n<div id=\"attachment_650\" style=\"width: 160px\" class=\"wp-caption alignleft\"><a href=\"\/moterosdehoy\/wp-content\/uploads\/sites\/45\/2013\/03\/Miquel-Silvestre-en-Badajoz.jpg\"><img aria-describedby=\"caption-attachment-650\" loading=\"lazy\" class=\"size-thumbnail wp-image-650\" title=\"Miquel Silvestre en Badajoz\" src=\"\/moterosdehoy\/wp-content\/uploads\/sites\/45\/2013\/03\/Miquel-Silvestre-en-Badajoz.jpg\" alt=\"\" width=\"150\" height=\"150\" \/><\/a><p id=\"caption-attachment-650\" class=\"wp-caption-text\">Cartel del evento<\/p><\/div>\n<p style=\"text-align: justify;\">\u00a0 \u00a0 \u00a0Si a\u00fan desconoces las\u00a0haza\u00f1as\u00a0de Miquel, <a title=\"Aza\u00f1as de Miquel Silvestre\" href=\"https:\/\/blogs.hoy.es\/moterosdehoy\/2013\/02\/17\/miquel-silvestre-en-plasencia\/\" target=\"_blank\">haz click aqu\u00ed<\/a> y te aseguro que te entrar\u00e1 el &#8220;<strong>S\u00edndrome\u00a0Silvestre<\/strong>&#8220;.<\/p>\n<p style=\"text-align: justify;\">\u00a0 \u00a0El<strong> pr\u00f3ximo domingo, d\u00eda 17 de Marzo<\/strong>, podremos disfrutar de la presencia del Gran Aventurero y Viajero Miquel Silvestre. Estar\u00e1 disponible <strong>a partir de las 20:30 horas<\/strong> en el Restaurante Laguna Seca.<\/p>\n<p style=\"text-align: justify;\">\u00a0 \u00a0 All\u00ed nos hablar\u00e1 de sus <strong>aventuras, viajes,<\/strong> situaciones curiosas y para quien quiera conocer m\u00e1s de sus viajes presentar\u00e1 los <strong>libros<\/strong> que escribe de sus experiencias, que por supuesto estar\u00e1 m\u00e1s que dispuesto a firmar y dedicar a los amigos moteros.<\/p>\n<p style=\"text-align: justify;\">Adem\u00e1s y dado que actualmente tiene un fuerte patrocinio de <a title=\"BMW Motorrad\" href=\"http:\/\/www.bmw-motorrad.es\/es\/es\/index.html\" target=\"_blank\" rel=\"external nofollow\">BMW Motorrad<\/a>, el concesionario <a title=\"Concesionario de motos BMW en Badajoz\" href=\"http:\/\/www.extrauto.bmw.es\/es\/extrauto\/es\/index.html\" target=\"_blank\" rel=\"external nofollow\">EXTRAUTO <\/a>aprovechar\u00e1 la visita para exponer la nueva <a title=\"Presentaci\u00f3n de la nueva BMW R 1200 GS\" href=\"https:\/\/blogs.hoy.es\/moterosdehoy\/2013\/03\/09\/la-nueva-r-1200-gs-llega-a-badajoz\/\" target=\"_blank\">BMW R 1200 GS<\/a>\u00a0junto al citado Restaurante.\u00a0Ser\u00e1 todo un honor contar con su presencia en nuestra tierra y poder despedirlo antes de su viaje hacia <a title=\"Samarcanda en Wikipedia\" href=\"http:\/\/es.wikipedia.org\/wiki\/Samarcanda\" target=\"_blank\" rel=\"external nofollow\">Samarcanda<\/a>.<\/p>\n<p style=\"text-align: justify;\">\u00a0 \u00a0 \u00a0<strong> <a title=\"Facebook de Moteros de Hoy\" href=\"http:\/\/www.facebook.com\/moterosdehoy\" target=\"_blank\" rel=\"external nofollow\">Saludos y r\u00e1fagas<\/a>.<\/strong><\/p>\n<!-- AddThis Advanced Settings generic via filter on the_content --><!-- AddThis Share Buttons generic via filter on the_content -->","protected":false},"excerpt":{"rendered":"<p>\u00a0 \u00a0 Tras haber hablado de Miquel Silvestre recientemente en el blog, para darlo a conocer a quienes desconoc\u00edan sus\u00a0haza\u00f1as\u00a0y de paso comunicar que estar\u00eda disponible en Plasencia (C\u00e1ceres), nos hab\u00edamos quedado con la miel en la boca y con la ayuda del MotoClub Laguna Seca hemos conseguido arrastrarlo a Badajoz. \u00a0 \u00a0 \u00a0Si a\u00fan [&hellip;]<!-- AddThis Advanced Settings generic via filter on get_the_excerpt --><!-- AddThis Share Buttons generic via filter on get_the_excerpt --><\/p>\n","protected":false},"author":49,"featured_media":0,"comment_status":"open","ping_status":"closed","sticky":false,"template":"","format":"standard","meta":[],"categories":[4,13],"tags":[598,622,629,639,641],"_links":{"self":[{"href":"https:\/\/blogs.hoy.es\/moterosdehoy\/wp-json\/wp\/v2\/posts\/649"}],"collection":[{"href":"https:\/\/blogs.hoy.es\/moterosdehoy\/wp-json\/wp\/v2\/posts"}],"about":[{"href":"https:\/\/blogs.hoy.es\/moterosdehoy\/wp-json\/wp\/v2\/types\/post"}],"author":[{"embeddable":true,"href":"https:\/\/blogs.hoy.es\/moterosdehoy\/wp-json\/wp\/v2\/users\/49"}],"replies":[{"embeddable":true,"href":"https:\/\/blogs.hoy.es\/moterosdehoy\/wp-json\/wp\/v2\/comments?post=649"}],"version-history":[{"count":0,"href":"https:\/\/blogs.hoy.es\/moterosdehoy\/wp-json\/wp\/v2\/posts\/649\/revisions"}],"wp:attachment":[{"href":"https:\/\/blogs.hoy.es\/moterosdehoy\/wp-json\/wp\/v2\/media?parent=649"}],"wp:term":[{"taxonomy":"category","embeddable":true,"href":"https:\/\/blogs.hoy.es\/moterosdehoy\/wp-json\/wp\/v2\/categories?post=649"},{"taxonomy":"post_tag","embeddable":true,"href":"https:\/\/blogs.hoy.es\/moterosdehoy\/wp-json\/wp\/v2\/tags?post=649"}],"curies":[{"name":"wp","href":"https:\/\/api.w.org\/{rel}","templated":true}]}}