{"id":652,"date":"2013-03-19T12:29:16","date_gmt":"2013-03-19T12:29:16","guid":{"rendered":"http:\/\/blogs.hoy.es\/moterosdehoy\/?p=652"},"modified":"2013-03-19T12:29:16","modified_gmt":"2013-03-19T12:29:16","slug":"dia-del-padre-motero","status":"publish","type":"post","link":"https:\/\/blogs.hoy.es\/moterosdehoy\/2013\/03\/19\/dia-del-padre-motero\/","title":{"rendered":"D\u00eda del padre motero"},"content":{"rendered":"<p style=\"text-align: justify;\">\u00a0 \u00a0 \u00a0El d\u00eda 19 de marzo se celebra el\u00a0<strong>d\u00eda del padre<\/strong>\u00a0es un d\u00eda conmemorativo en el cual se celebra la figura del padre dentro de la familia, con la idea de honrar y reconocer la influencia del padre en la vida de sus hijos.<\/p>\n<div class=\"mceTemp\" style=\"text-align: justify;\">\n<dl id=\"attachment_653\" class=\"wp-caption alignleft\" style=\"width: 310px;\">\n<dt class=\"wp-caption-dt\"><a href=\"\/moterosdehoy\/wp-content\/uploads\/sites\/45\/2013\/03\/D\u00eda-del-padre.jpg\"><img loading=\"lazy\" class=\"size-medium wp-image-653\" title=\"D\u00eda del padre\" src=\"\/moterosdehoy\/wp-content\/uploads\/sites\/45\/2013\/03\/D\u00eda-del-padre.jpg\" alt=\"\" width=\"300\" height=\"277\" srcset=\"https:\/\/static-blogs.hoy.es\/wp-content\/uploads\/sites\/45\/2013\/03\/D\u00eda-del-padre.jpg 463w, https:\/\/static-blogs.hoy.es\/wp-content\/uploads\/sites\/45\/2013\/03\/D\u00eda-del-padre-300x277.jpg 300w\" sizes=\"(max-width: 300px) 100vw, 300px\" \/><\/a><\/dt>\n<dd class=\"wp-caption-dd\">Pastel de d\u00eda del padre<\/dd>\n<\/dl>\n<\/div>\n<p style=\"text-align: justify;\"><strong>\u00a0 \u00a0 \u00a0En Espa\u00f1a<\/strong> al igual que los pa\u00edses con mayor\u00eda Cat\u00f3lica <strong>se celebra el 19 de marzo<\/strong>, coincidiendo con el santoral de San Jos\u00e9, entendiendo a Jos\u00e9 como Padre de <a title=\"Jesucristo en Wikipedia\" href=\"http:\/\/es.wikipedia.org\/wiki\/Jes%C3%BAs_de_Nazaret\" target=\"_blank\" rel=\"external nofollow\">Jesucristo<\/a> en la sociedad, o como legalmente se dice <a title=\"Significado de Padre putativo\" href=\"http:\/\/etimologias.dechile.net\/?putativo\" target=\"_blank\" rel=\"external nofollow\">Padre putativo<\/a>. Pero ese d\u00eda no est\u00e1 establecido a nivel internacional, si quieres saber que otros d\u00edas se celebra por el mundo haz <a title=\"Posibles or\u00edgenes del D\u00eda del Padre y d\u00edas de celebraci\u00f3n en el mundo\" href=\"http:\/\/es.wikipedia.org\/wiki\/D%C3%ADa_del_Padre#Posibles_or.C3.ADgenes_y_fechas_de_celebraci.C3.B3n\" target=\"_blank\" rel=\"external nofollow\">click aqu\u00ed<\/a>.<\/p>\n<p style=\"text-align: justify;\">\u00a0 \u00a0 \u00a0 En el d\u00eda del padre los hijos suelen hacer alg\u00fan tipo de regalo a sus padres, por regla general si son peque\u00f1os ser\u00e1 un dibujo o alg\u00fan otro art\u00edculo de manualidades que les habr\u00e1n indicado en el colegio, si son m\u00e1s mayores por regla general acudir\u00e1n a alguna tienda e intentar\u00e1n sorprenderles con un regalo, procurando no volver a regalarle unos calcetines o un perfume como en a\u00f1os anteriores. Una buena idea es pensar en sus aficiones y en \u00e9ste caso el mundo de las motos, da muchas posibilidades para poder sorprenderle con cualquier regalo. Los m\u00e1s creativos y con ganas de elaborar un buen recuerdo llegar\u00e1n a realizar un pastel como el que pongo en la imagen de la izquierda.<\/p>\n<p style=\"text-align: justify;\">\u00a0 \u00a0 \u00a0 Pero ante todo el padre motero tiene que pensar en sus hijos y cuando salga a disfrutar de su moto, antes que pensar en que curva m\u00e1s buena, o vaya velocidad he llegado a coger, tiene que pensar que sus hijos est\u00e1n esper\u00e1ndole en casa para preguntarle &#8220;Papi \u00bfa d\u00f3nde has ido hoy con la moto?&#8221; y tienes que volver para poder contestarle.<\/p>\n<p style=\"text-align: justify;\">\u00a0 \u00a0 \u00a0Las motos son peligrosas, si, pero qu\u00e9 no hay peligroso en \u00e9ste mundo, tan solo hay que ser responsable, disfrutar con conocimiento y ser sensatos, de ese modo podremos transmitir amor a las motocicletas a nuestros hijos, pero del mismo modo disfruten de ellas con respeto. Recordar si ten\u00e9is varios hijos y entre ellos hay alguna chica que puede ser ella quien herede la pasi\u00f3n por las motos.<\/p>\n<p style=\"text-align: justify;\">\u00a0 \u00a0 <a title=\"Enlace al facebook de Moteros de Hoy\" href=\"http:\/\/www.facebook.com\/moterosdehoy\" target=\"_blank\" rel=\"external nofollow\">Saludos y r\u00e1fagas<\/a>.<\/p>\n<!-- AddThis Advanced Settings generic via filter on the_content --><!-- AddThis Share Buttons generic via filter on the_content -->","protected":false},"excerpt":{"rendered":"<p>\u00a0 \u00a0 \u00a0El d\u00eda 19 de marzo se celebra el\u00a0d\u00eda del padre\u00a0es un d\u00eda conmemorativo en el cual se celebra la figura del padre dentro de la familia, con la idea de honrar y reconocer la influencia del padre en la vida de sus hijos. Pastel de d\u00eda del padre \u00a0 \u00a0 \u00a0En Espa\u00f1a al [&hellip;]<!-- AddThis Advanced Settings generic via filter on get_the_excerpt --><!-- AddThis Share Buttons generic via filter on get_the_excerpt --><\/p>\n","protected":false},"author":49,"featured_media":0,"comment_status":"open","ping_status":"closed","sticky":false,"template":"","format":"standard","meta":[],"categories":[13],"tags":[336,622,629,639,641],"_links":{"self":[{"href":"https:\/\/blogs.hoy.es\/moterosdehoy\/wp-json\/wp\/v2\/posts\/652"}],"collection":[{"href":"https:\/\/blogs.hoy.es\/moterosdehoy\/wp-json\/wp\/v2\/posts"}],"about":[{"href":"https:\/\/blogs.hoy.es\/moterosdehoy\/wp-json\/wp\/v2\/types\/post"}],"author":[{"embeddable":true,"href":"https:\/\/blogs.hoy.es\/moterosdehoy\/wp-json\/wp\/v2\/users\/49"}],"replies":[{"embeddable":true,"href":"https:\/\/blogs.hoy.es\/moterosdehoy\/wp-json\/wp\/v2\/comments?post=652"}],"version-history":[{"count":0,"href":"https:\/\/blogs.hoy.es\/moterosdehoy\/wp-json\/wp\/v2\/posts\/652\/revisions"}],"wp:attachment":[{"href":"https:\/\/blogs.hoy.es\/moterosdehoy\/wp-json\/wp\/v2\/media?parent=652"}],"wp:term":[{"taxonomy":"category","embeddable":true,"href":"https:\/\/blogs.hoy.es\/moterosdehoy\/wp-json\/wp\/v2\/categories?post=652"},{"taxonomy":"post_tag","embeddable":true,"href":"https:\/\/blogs.hoy.es\/moterosdehoy\/wp-json\/wp\/v2\/tags?post=652"}],"curies":[{"name":"wp","href":"https:\/\/api.w.org\/{rel}","templated":true}]}}