{"id":654,"date":"2013-03-19T17:26:12","date_gmt":"2013-03-19T17:26:12","guid":{"rendered":"http:\/\/blogs.hoy.es\/moterosdehoy\/?p=654"},"modified":"2013-03-19T17:26:12","modified_gmt":"2013-03-19T17:26:12","slug":"smart-innova-con-su-moto-electrica","status":"publish","type":"post","link":"https:\/\/blogs.hoy.es\/moterosdehoy\/2013\/03\/19\/smart-innova-con-su-moto-electrica\/","title":{"rendered":"Smart innova con su moto el\u00e9ctrica"},"content":{"rendered":"<p style=\"text-align: justify;\">\u00a0 \u00a0 \u00a0Por el momento se trata de otro prototipo m\u00e1s y a\u00fan ni eso oficialmente, pues la marca filial de <a title=\"P\u00e1gina oficial Mercedes Benz\" href=\"http:\/\/www.mercedes-benz.es\/content\/spain\/mpc\/mpc_spain_website\/es\/home_mpc\/passengercars.flash.html\" target=\"_blank\" rel=\"external nofollow\">Mercedes Benz<\/a> la presentar\u00e1 en el pr\u00f3ximo Sal\u00f3n internacional de Paris, que tendr\u00e1 lugar en septiembre.<\/p>\n<p style=\"text-align: justify;\"><a href=\"\/moterosdehoy\/wp-content\/uploads\/sites\/45\/2013\/03\/Moto-de-frente.jpg\"><img loading=\"lazy\" class=\"alignleft size-medium wp-image-655\" title=\"Moto de frente\" src=\"\/moterosdehoy\/wp-content\/uploads\/sites\/45\/2013\/03\/Moto-de-frente.jpg\" alt=\"\" width=\"300\" height=\"239\" srcset=\"https:\/\/static-blogs.hoy.es\/wp-content\/uploads\/sites\/45\/2013\/03\/Moto-de-frente.jpg 588w, https:\/\/static-blogs.hoy.es\/wp-content\/uploads\/sites\/45\/2013\/03\/Moto-de-frente-300x240.jpg 300w\" sizes=\"(max-width: 300px) 100vw, 300px\" \/><\/a>\u00a0 \u00a0 \u00a0Pero ante la gran afluencia de veh\u00edculos el\u00e9ctricos que tendr\u00e1n cabida quiere ir cogiendo la primicia como innovadora. De momento ha adelantado que se tratar\u00e1 de un <strong>veh\u00edculo de formato Scooter<\/strong>, <strong>con motor el\u00e9ctrico<\/strong> y tracci\u00f3n a la rueda trasera, llegando a <strong>alcanzar los 45 km\/h<\/strong>.<\/p>\n<p style=\"text-align: justify;\">\u00a0 \u00a0 Para ello est\u00e1 dotada de una bater\u00eda de 48 V, permiti\u00e9ndole una <strong>autonom\u00eda de 100 kil\u00f3metros<\/strong>. Teniendo la totalidad de la carga en cinco horas a trav\u00e9s de un enchufe convencional a la parte delantera del veh\u00edculo. Aunque no ser\u00e1 su \u00fanica forma de coger carga pues lleva unos peque\u00f1os\u00a0<a title=\"Panel solar en Wikipedia\" href=\"http:\/\/es.wikipedia.org\/wiki\/Panel_solar\" target=\"_blank\" rel=\"external nofollow\">paneles solares<\/a>\u00a0dispuestos en la parte frontal que le permiten recargarse incluso circulando, tambi\u00e9n recargar\u00e1 la bater\u00eda durante la frenada, donde el motor act\u00faa como generador, convirtiendo la energ\u00eda de la frenada en electricidad que se almacena en la\u00a0<a title=\"Bater\u00eda de ion litio en Wikipedia\" href=\"http:\/\/es.wikipedia.org\/wiki\/Bater%C3%ADa_de_ion_de_litio\" target=\"_blank\" rel=\"external nofollow\">bater\u00eda de i\u00f3n litio<\/a>.<\/p>\n<p style=\"text-align: justify;\">\u00a0 \u00a0 \u00a0El Scooter de <a title=\"P\u00e1gina oficial de Smart\" href=\"http:\/\/es.smart.com\/\" target=\"_blank\" rel=\"external nofollow\">Smart<\/a> llevar\u00e1 un chasis de acero y aluminio, lo que le har\u00e1 muy ligero y estar\u00e1 revestido con paneles de pl\u00e1stico intercambiables, dando la oportunidad de personalizarlo.<\/p>\n<p style=\"text-align: justify;\">\u00a0 \u00a0 \u00a0Entre sus innovaciones tambi\u00e9n estar\u00e1 dotado de un <strong>sistema de frenos ABS<\/strong>, que se activa con la \u00fanica manilla de freno existente. Aunque el sistema de frenado se distribuye a ambas ruedas. En la rueda trasera es de acci\u00f3n el\u00e9ctrica y en la delantera es hidr\u00e1ulico con el\u00a0<a title=\"Sistema de frenado ABS\" href=\"http:\/\/es.wikipedia.org\/wiki\/Sistema_antibloqueo_de_ruedas\" target=\"_blank\" rel=\"external nofollow\">sistema ABS<\/a>. Como otras innovaciones en seguridad lleva un <strong>asistente de \u00e1ngulo muerto<\/strong> y un <strong><a title=\"Airbag en Wikipedia\" href=\"http:\/\/es.wikipedia.org\/wiki\/Bolsa_de_aire\" target=\"_blank\" rel=\"external nofollow\">airbag<\/a><\/strong> bajo el manillar<strong>.\u00a0<\/strong><\/p>\n<div id=\"attachment_656\" style=\"width: 160px\" class=\"wp-caption alignright\"><a href=\"\/moterosdehoy\/wp-content\/uploads\/sites\/45\/2013\/03\/iPhone-ordenador-de-abordo.jpg\"><img aria-describedby=\"caption-attachment-656\" loading=\"lazy\" class=\"size-thumbnail wp-image-656\" title=\"iPhone ordenador de abordo\" src=\"\/moterosdehoy\/wp-content\/uploads\/sites\/45\/2013\/03\/iPhone-ordenador-de-abordo.jpg\" alt=\"\" width=\"150\" height=\"150\" \/><\/a><p id=\"caption-attachment-656\" class=\"wp-caption-text\">Un iPhone como cuadro de instrumentos<\/p><\/div>\n<p style=\"text-align: justify;\"><strong>\u00a0 \u00a0 \u00a0El cuadro de instrumentos<\/strong> ser\u00e1 una aplicaci\u00f3n propia de <strong><a title=\"P\u00e1gina oficial de iPhone\" href=\"http:\/\/www.apple.com\/es\/iphone\/\" target=\"_blank\" rel=\"external nofollow\">iPhone<\/a><\/strong>, convirti\u00e9ndolo en un ordenador de a bordo multimedia con las funciones de veloc\u00edmetro, indicador de carga de la bater\u00eda y sistema de navegaci\u00f3n, adem\u00e1s como el iPhone al dejar el veh\u00edculo nos lo llevamos han incluido como otro aplicativo un buscador para saber d\u00f3nde has aparcado.<\/p>\n<p style=\"text-align: justify;\">\u00a0 \u00a0 Smart ya cuenta con veh\u00edculos el\u00e9ctricos de cuatro ruedas y siguiendo con su compromiso de la movilidad sostenible, parece que seguir\u00e1 con su pol\u00edtica.<\/p>\n<p style=\"text-align: justify;\"><strong>\u00a0 \u00a0 \u00a0<a title=\"Enlace a la p\u00e1gina de Moteros de Hoy\" href=\"http:\/\/www.moterosdehoy.es\/\" target=\"_blank\" rel=\"external nofollow\">Saludos y r\u00e1fagas<\/a>.<\/strong><\/p>\n<!-- AddThis Advanced Settings generic via filter on the_content --><!-- AddThis Share Buttons generic via filter on the_content -->","protected":false},"excerpt":{"rendered":"<p>\u00a0 \u00a0 \u00a0Por el momento se trata de otro prototipo m\u00e1s y a\u00fan ni eso oficialmente, pues la marca filial de Mercedes Benz la presentar\u00e1 en el pr\u00f3ximo Sal\u00f3n internacional de Paris, que tendr\u00e1 lugar en septiembre. \u00a0 \u00a0 \u00a0Pero ante la gran afluencia de veh\u00edculos el\u00e9ctricos que tendr\u00e1n cabida quiere ir cogiendo la primicia [&hellip;]<!-- AddThis Advanced Settings generic via filter on get_the_excerpt --><!-- AddThis Share Buttons generic via filter on get_the_excerpt --><\/p>\n","protected":false},"author":49,"featured_media":0,"comment_status":"open","ping_status":"closed","sticky":false,"template":"","format":"standard","meta":[],"categories":[8,13],"tags":[622,629,639,641,647,649,888,889],"_links":{"self":[{"href":"https:\/\/blogs.hoy.es\/moterosdehoy\/wp-json\/wp\/v2\/posts\/654"}],"collection":[{"href":"https:\/\/blogs.hoy.es\/moterosdehoy\/wp-json\/wp\/v2\/posts"}],"about":[{"href":"https:\/\/blogs.hoy.es\/moterosdehoy\/wp-json\/wp\/v2\/types\/post"}],"author":[{"embeddable":true,"href":"https:\/\/blogs.hoy.es\/moterosdehoy\/wp-json\/wp\/v2\/users\/49"}],"replies":[{"embeddable":true,"href":"https:\/\/blogs.hoy.es\/moterosdehoy\/wp-json\/wp\/v2\/comments?post=654"}],"version-history":[{"count":0,"href":"https:\/\/blogs.hoy.es\/moterosdehoy\/wp-json\/wp\/v2\/posts\/654\/revisions"}],"wp:attachment":[{"href":"https:\/\/blogs.hoy.es\/moterosdehoy\/wp-json\/wp\/v2\/media?parent=654"}],"wp:term":[{"taxonomy":"category","embeddable":true,"href":"https:\/\/blogs.hoy.es\/moterosdehoy\/wp-json\/wp\/v2\/categories?post=654"},{"taxonomy":"post_tag","embeddable":true,"href":"https:\/\/blogs.hoy.es\/moterosdehoy\/wp-json\/wp\/v2\/tags?post=654"}],"curies":[{"name":"wp","href":"https:\/\/api.w.org\/{rel}","templated":true}]}}