{"id":662,"date":"2013-03-23T22:32:35","date_gmt":"2013-03-23T22:32:35","guid":{"rendered":"http:\/\/blogs.hoy.es\/moterosdehoy\/?p=662"},"modified":"2013-03-23T22:32:35","modified_gmt":"2013-03-23T22:32:35","slug":"i-ruta-cerezo-en-flor","status":"publish","type":"post","link":"https:\/\/blogs.hoy.es\/moterosdehoy\/2013\/03\/23\/i-ruta-cerezo-en-flor\/","title":{"rendered":"I Ruta CEREZO EN FLOR"},"content":{"rendered":"<p style=\"text-align: justify;\">\u00a0 \u00a0 \u00a0Ya mismo tenemos una gran fiesta por el norte de Extremadura, se trata de la<strong> llegada de la primavera y con ello la floraci\u00f3n de los cerezos<\/strong>. Todos los a\u00f1os acuden miles de personas para gozar de esos paisajes maravillosos y por supuesto los moteros no vamos a ser menos.<\/p>\n<div class=\"mceTemp\">\n<div id=\"attachment_676\" style=\"width: 222px\" class=\"wp-caption alignleft\"><a href=\"\/moterosdehoy\/wp-content\/uploads\/sites\/45\/2013\/03\/2013-04-07-Plasencia.jpg\"><img aria-describedby=\"caption-attachment-676\" loading=\"lazy\" class=\"size-medium wp-image-676\" title=\"2013-04-07 Plasencia\" src=\"\/moterosdehoy\/wp-content\/uploads\/sites\/45\/2013\/03\/2013-04-07-Plasencia.jpg\" alt=\"\" width=\"212\" height=\"300\" srcset=\"https:\/\/static-blogs.hoy.es\/wp-content\/uploads\/sites\/45\/2013\/03\/2013-04-07-Plasencia.jpg 724w, https:\/\/static-blogs.hoy.es\/wp-content\/uploads\/sites\/45\/2013\/03\/2013-04-07-Plasencia-212x300.jpg 212w\" sizes=\"(max-width: 212px) 100vw, 212px\" \/><\/a><p id=\"caption-attachment-676\" class=\"wp-caption-text\">Cartel del evento<\/p><\/div>\n<p><span style=\"text-align: justify;\">\u00a0 \u00a0 \u00a0 Para disfrutar de esos paisajes el motoclub Support Pawnees de Extremadura organiz\u00f3 una kedada para<\/span> el d\u00eda 31 de marzo 2013, que por motivos de las lluvias se ha aplazado al<strong style=\"text-align: justify;\"> d\u00eda 7 de abril.<\/strong><\/div>\n<p style=\"text-align: justify;\">\u00a0 \u00a0La kedada consistir\u00e1 en realizar una <strong>ruta con inicio en <a title=\"Plasencia en Wikipedia\" href=\"http:\/\/es.wikipedia.org\/wiki\/Plasencia\" target=\"_blank\" rel=\"external nofollow\">Plasencia <\/a><\/strong>(C\u00e1ceres), pasando por las localidades de <a title=\"Villar de Plasencia en Wikipedia\" href=\"http:\/\/es.wikipedia.org\/wiki\/Villar_de_Plasencia\" target=\"_blank\" rel=\"external nofollow\">Villar de Plasencia<\/a>, <a title=\"Cabezabellosa en Wikipedia\" href=\"http:\/\/es.wikipedia.org\/wiki\/Cabezabellosa\" target=\"_blank\" rel=\"external nofollow\">Cabezabellosa<\/a>, <a title=\"El Torno en Wikipedia\" href=\"http:\/\/es.wikipedia.org\/wiki\/El_Torno\" target=\"_blank\" rel=\"external nofollow\">El Torno<\/a>, <a title=\"Rebollar en Wikipedia\" href=\"http:\/\/es.wikipedia.org\/wiki\/Rebollar_(C%C3%A1ceres)\" target=\"_blank\" rel=\"external nofollow\">Rebollar<\/a>, <a title=\"Valdastillas\" href=\"http:\/\/es.wikipedia.org\/wiki\/Valdastillas\" target=\"_blank\" rel=\"external nofollow\">Valdastillas<\/a>\u00a0y finalizaci\u00f3n en Plasencia. Un total de unos 80 kil\u00f3metros.<\/p>\n<p style=\"text-align: justify;\">\u00a0 \u00a0 \u00a0El punto de reuni\u00f3n ser\u00e1\u00a0<strong>en el <a title=\"Hostal Real de Plasencia\" href=\"http:\/\/hostalreal.com\/\" target=\"_blank\" rel=\"external nofollow\">Hostal Real de Plasencia<\/a>\u00a0con la idea de salir a las 11:00 horas. <\/strong>Durante la ruta se har\u00e1 una parada en las <a title=\"Casas del Casta\u00f1ar en Wikipedia\" href=\"http:\/\/es.wikipedia.org\/wiki\/Casas_del_Casta%C3%B1ar\" target=\"_blank\" rel=\"external nofollow\">Casas del Casta\u00f1ar<\/a> para comer, en un lugar encantador llamado la &#8220;Garganta&#8221;. La comida tendr\u00e1 un coste de 12 \u20ac y piden que quien desee quedarse a comer avise lo antes posible, para poder comunicar el n\u00famero de asistentes. Si deseas acudir llama al telf 606 596 725.<\/p>\n<div id=\"attachment_666\" style=\"width: 160px\" class=\"wp-caption alignright\"><a href=\"\/moterosdehoy\/wp-content\/uploads\/sites\/45\/2013\/03\/Cerezo-en-flor.jpg\"><img aria-describedby=\"caption-attachment-666\" loading=\"lazy\" class=\"size-thumbnail wp-image-666\" title=\"Cerezo en flor\" src=\"\/moterosdehoy\/wp-content\/uploads\/sites\/45\/2013\/03\/Cerezo-en-flor.jpg\" alt=\"\" width=\"150\" height=\"150\" \/><\/a><p id=\"caption-attachment-666\" class=\"wp-caption-text\">Cerezo en flor<\/p><\/div>\n<p style=\"text-align: justify;\">\u00a0 \u00a0 Se finalizar\u00e1 en el Pub Rolling en Plasencia, local del Support Extremadura, donde estar\u00e1n esperando con la mejor m\u00fasica para tomar una cervecita fresquita.<\/p>\n<p style=\"text-align: justify;\">\u00a0 \u00a0 \u00a0Una buena kedada para disfrutar del paisaje de manos de los que conocen bien el lugar.<\/p>\n<p><strong>\u00a0 \u00a0 \u00a0<a title=\"Enlace a la p\u00e1gina de Moteros de Hoy\" href=\"http:\/\/www.moterosdehoy.es\/\" target=\"_blank\" rel=\"external nofollow\">Saludos y r\u00e1fagas<\/a>.<\/strong><\/p>\n<!-- AddThis Advanced Settings generic via filter on the_content --><!-- AddThis Share Buttons generic via filter on the_content -->","protected":false},"excerpt":{"rendered":"<p>\u00a0 \u00a0 \u00a0Ya mismo tenemos una gran fiesta por el norte de Extremadura, se trata de la llegada de la primavera y con ello la floraci\u00f3n de los cerezos. Todos los a\u00f1os acuden miles de personas para gozar de esos paisajes maravillosos y por supuesto los moteros no vamos a ser menos. \u00a0 \u00a0 \u00a0 [&hellip;]<!-- AddThis Advanced Settings generic via filter on get_the_excerpt --><!-- AddThis Share Buttons generic via filter on get_the_excerpt --><\/p>\n","protected":false},"author":49,"featured_media":0,"comment_status":"open","ping_status":"closed","sticky":false,"template":"","format":"standard","meta":[],"categories":[13],"tags":[157,473,622,629,639,641,868],"_links":{"self":[{"href":"https:\/\/blogs.hoy.es\/moterosdehoy\/wp-json\/wp\/v2\/posts\/662"}],"collection":[{"href":"https:\/\/blogs.hoy.es\/moterosdehoy\/wp-json\/wp\/v2\/posts"}],"about":[{"href":"https:\/\/blogs.hoy.es\/moterosdehoy\/wp-json\/wp\/v2\/types\/post"}],"author":[{"embeddable":true,"href":"https:\/\/blogs.hoy.es\/moterosdehoy\/wp-json\/wp\/v2\/users\/49"}],"replies":[{"embeddable":true,"href":"https:\/\/blogs.hoy.es\/moterosdehoy\/wp-json\/wp\/v2\/comments?post=662"}],"version-history":[{"count":0,"href":"https:\/\/blogs.hoy.es\/moterosdehoy\/wp-json\/wp\/v2\/posts\/662\/revisions"}],"wp:attachment":[{"href":"https:\/\/blogs.hoy.es\/moterosdehoy\/wp-json\/wp\/v2\/media?parent=662"}],"wp:term":[{"taxonomy":"category","embeddable":true,"href":"https:\/\/blogs.hoy.es\/moterosdehoy\/wp-json\/wp\/v2\/categories?post=662"},{"taxonomy":"post_tag","embeddable":true,"href":"https:\/\/blogs.hoy.es\/moterosdehoy\/wp-json\/wp\/v2\/tags?post=662"}],"curies":[{"name":"wp","href":"https:\/\/api.w.org\/{rel}","templated":true}]}}