{"id":667,"date":"2013-03-27T18:39:57","date_gmt":"2013-03-27T18:39:57","guid":{"rendered":"http:\/\/blogs.hoy.es\/moterosdehoy\/?p=667"},"modified":"2013-03-27T18:39:57","modified_gmt":"2013-03-27T18:39:57","slug":"concentraciones-y-quedadas-moteras-abril-2013","status":"publish","type":"post","link":"https:\/\/blogs.hoy.es\/moterosdehoy\/2013\/03\/27\/concentraciones-y-quedadas-moteras-abril-2013\/","title":{"rendered":"Concentraciones y quedadas moteras ABRIL 2013"},"content":{"rendered":"<p style=\"text-align: justify;\">\u00a0 \u00a0 \u00a0Otro mes m\u00e1s os indico las principales concentraciones y quedadas moteras. Espero que pronto las nubes nos dejen disfrutar de las motos, pues de lo contrario tendremos que pasarnos a las motos de agua. Bueno aqu\u00ed van las concentraciones y quedadas para\u00a0<strong>abril<\/strong>. Como de costumbre est\u00e1n separadas primero las de dentro de Extremadura, luego las del resto de Espa\u00f1a y para finalizar las de fuera.<\/p>\n<p style=\"text-align: justify;\"><a href=\"\/moterosdehoy\/wp-content\/uploads\/sites\/45\/2013\/03\/Moteros.jpg\"><img loading=\"lazy\" class=\"alignleft size-medium wp-image-668\" title=\"Moteros\" src=\"\/moterosdehoy\/wp-content\/uploads\/sites\/45\/2013\/03\/Moteros.jpg\" alt=\"\" width=\"300\" height=\"177\" srcset=\"https:\/\/static-blogs.hoy.es\/wp-content\/uploads\/sites\/45\/2013\/03\/Moteros.jpg 540w, https:\/\/static-blogs.hoy.es\/wp-content\/uploads\/sites\/45\/2013\/03\/Moteros-300x178.jpg 300w\" sizes=\"(max-width: 300px) 100vw, 300px\" \/><\/a>Relaci\u00f3n de concentraciones y quedadas moteras a lo largo de\u00a0<strong>abril<\/strong>\u00a02013 dentro de\u00a0<strong>Extremadura<\/strong>:<\/p>\n<p style=\"text-align: justify;\">D\u00eda <strong>6<\/strong> &#8211; <a title=\"IV Matin\u00e9 Cambalache\" href=\"http:\/\/motomayorga.es.tl\/\" target=\"_blank\" rel=\"external nofollow\">IV Matin\u00e9 Cambalache<\/a>, en <strong>C\u00e1ceres<\/strong><\/p>\n<p style=\"text-align: justify;\">D\u00eda <strong>7<\/strong> &#8211; <a title=\"Moto arroz con pollo\" href=\"http:\/\/pmesperando.blogspot.com.es\/2013\/03\/moto-arroz-con-pollo_17.html\" target=\"_blank\" rel=\"external nofollow\">Moto-arroz con pollo<\/a>, en Coria (<strong>C\u00e1ceres<\/strong>)<\/p>\n<p style=\"text-align: justify;\">D\u00eda <strong>7<\/strong>\u00a0&#8211;<a title=\"I Ruta Cerezo en Flor\" href=\"https:\/\/blogs.hoy.es\/moterosdehoy\/2013\/03\/23\/i-ruta-cerezo-en-flor\/\" target=\"_blank\">\u00a0I Ruta Cerezo en Flor<\/a>, en Plasencia (<strong>C\u00e1ceres<\/strong>)<\/p>\n<p style=\"text-align: justify;\">Del <strong>12 al 14<\/strong> &#8211; <a title=\"IV Aniversario de Vulcan Riders Spain\" href=\"http:\/\/www.orgullosodesermotero.com\/index.php\/abril-12-13-14\/138-concentraciones-2013\/abril-2013\/abril-12-13-14\/269-iv-aniversario-vulcan-riders-spain-en-hervas-caceres-el-12-13-14-abril-2013\" target=\"_blank\" rel=\"external nofollow\">IV Aniversario de los Vulcan Riders Spain<\/a>, en Herv\u00e1s (<strong>C\u00e1ceres<\/strong>)<\/p>\n<div>D\u00eda <strong>13<\/strong> &#8211; <a title=\"Support Crew 17 propone una Matin\u00e9 con Ruta\" href=\"http:\/\/img9.imageshack.us\/img9\/8428\/ruta13abril.jpg\" target=\"_blank\" rel=\"external nofollow\">Matin\u00e9 con Ruta<\/a>, en Plasencia (<strong>C\u00e1ceres<\/strong>)<\/div>\n<p style=\"text-align: justify;\">D\u00eda <strong>14<\/strong> &#8211; <a title=\"D\u00eda del montadito\" href=\"https:\/\/www.facebook.com\/photo.php?fbid=319055241553661&#038;set=a.113790055413515.10956.100003475620943&#038;type=1&#038;theater\" target=\"_blank\" rel=\"external nofollow\">D\u00eda del motadito<\/a>, en Higuera la Real (<strong>Badajoz<\/strong>)<\/p>\n<p style=\"text-align: justify;\">D\u00eda <strong>14<\/strong> &#8211; <a title=\"Concentraci\u00f3n motera solidaria en Almendralejo\" href=\"http:\/\/img534.imageshack.us\/img534\/3296\/kedadaalmendralejo.jpg\" target=\"_blank\" rel=\"external nofollow\">Concentraci\u00f3n Motera Solidaria a favor de Cruz Roja<\/a>, en Almendralejo (<strong>Badajoz<\/strong>)<\/p>\n<p style=\"text-align: justify;\">D\u00eda\u00a0<strong>21<\/strong>\u00a0\u2013\u00a0<a title=\"II Reuni\u00f3n motera solidaria Alkornomotos\" href=\"http:\/\/alkornomotos.blogspot.com.es\/2012\/02\/1-reunion-motera-solidaria-alkornomotos.html\" target=\"_blank\" rel=\"external nofollow\">II Reuni\u00f3n Motera Solidaria Alkornomotos<\/a>, en Zahinos (<strong>Badajoz<\/strong>)<\/p>\n<p style=\"text-align: justify;\">D\u00eda <strong>21<\/strong> &#8211; <a title=\"II Fiesta motera en Novelda del Guadiana\" href=\"http:\/\/www.moterosdehoy.es\/2013\/04\/08\/ii-fiesta-motera-en-novelda-del-guadiana\/\" target=\"_blank\" rel=\"external nofollow\">II Fiesta Motera en Novelda del Guadiana<\/a>, en Novelda del Guadiana (<strong>Badajoz<\/strong>)<\/p>\n<p style=\"text-align: justify;\">D\u00eda <strong>21<\/strong> \u2013 <a title=\"V Motorada Festera Carretera y Campo Nogales\" href=\"https:\/\/blogs.hoy.es\/moterosdehoy\/2013\/03\/21\/v-motorada-festera-carretera-y-campo-nogales\/\" target=\"_blank\">V Motorada Festera Carretera y Campo Nogales<\/a>, en Nogales (<strong>Badajoz<\/strong>)<\/p>\n<p style=\"text-align: justify;\">.<\/p>\n<p style=\"text-align: justify;\">Concentraciones y quedadas moteras a lo largo de\u00a0<strong>abril\u00a0<\/strong>2013\u00a0<strong>fuera de Extremadura<\/strong>:<\/p>\n<p style=\"text-align: justify;\">D\u00eda <strong>6<\/strong> &#8211; <a title=\"I aniversario Moto Grupo Bar\u00edtimos\" href=\"http:\/\/www.tumotoweb.com\/destacada.php?id=2461\" target=\"_blank\" rel=\"external nofollow\">I Aniversario Moto Grupo Bar\u00edtimos<\/a>, en <strong>Sevilla<\/strong><\/p>\n<p style=\"text-align: justify;\">D\u00edas\u00a0<strong>6 y 7<\/strong>\u00a0\u2013\u00a0<a title=\"III Concentraci\u00f3n Cortegana Sierra de Huelva\" href=\"http:\/\/www.moterosdehoy.es\/2013\/03\/26\/iii-concentracion-cortegana-sierra-de-huelva\/\" target=\"_blank\" rel=\"external nofollow\">III Concentraci\u00f3n Villa de Cortegana Sierra de Huelva<\/a>, en Cortegana (<strong>Huelva<\/strong>)<\/p>\n<p style=\"text-align: justify;\">D\u00edas <strong>6 y 7<\/strong> &#8211; <a title=\"IV Concentraci\u00f3n Motera MotoClub Fua\u00e9\" href=\"http:\/\/www.tumotoweb.com\/destacada.php?id=2448\" target=\"_blank\" rel=\"external nofollow\">IV Concentraci\u00f3n Motera MotoClub Fua\u00e9<\/a>, en El Colorado &#8211; Conil (<strong>C\u00e1diz<\/strong>)<\/p>\n<p style=\"text-align: justify;\">D\u00edas <strong>6 y 7<\/strong> &#8211; <a title=\"I Concentraci\u00f3n Mototur\u00edstica Pueblos rojos y negros\" href=\"http:\/\/www.motoclubmotrix.org\/foro\/viewtopic.php?t=3766&#038;start=9999\" target=\"_blank\" rel=\"external nofollow\">I Concentraci\u00f3n Mototur\u00edstica Pueblos rojos y negros<\/a>, en El Negredo (<strong>Segovia<\/strong>)<\/p>\n<p style=\"text-align: justify;\">D\u00edas <strong>6 y 7<\/strong> &#8211; <a title=\"III Concentraci\u00f3n Motera Villa de Esca\u00f1uela\" href=\"http:\/\/www.tumotoweb.com\/destacada.php?id=2451\" target=\"_blank\" rel=\"external nofollow\">III Concentraci\u00f3n Motera Villa de Esca\u00f1uela<\/a>, en Esca\u00f1uela (<strong>Ja\u00e9n<\/strong>)<\/p>\n<p style=\"text-align: justify;\">D\u00eda <strong>7<\/strong> &#8211; <a title=\"X Motoalmuerzo Ruta 340 Motorcycles\" href=\"http:\/\/www.tumotoweb.com\/destacada.php?id=2398\" target=\"_blank\" rel=\"external nofollow\">X Motoalmuerzo Ruta 340 Motorcycles<\/a>, en Torrox Costa (<strong>M\u00e1laga<\/strong>)\u00a0<!--more--><\/p>\n<p style=\"text-align: justify;\">Del <strong>7 al 9<\/strong> &#8211; <a title=\"Vespeinada Burgos\" href=\"http:\/\/www.motoclubmotrix.org\/foro\/viewtopic.php?t=3117&#038;p=21714#p21714\" target=\"_blank\" rel=\"external nofollow\">Vespeinada Burgos<\/a>, en <strong>Burgos<\/strong>.<\/p>\n<p style=\"text-align: justify;\">Del <strong>11 al 14<\/strong> &#8211; <a title=\"I Concentraci\u00f3n Mototur\u00edstica \u00c1ngeles Guardianes Melilla\" href=\"http:\/\/www.tumotoweb.com\/destacada.php?id=2454\" target=\"_blank\" rel=\"external nofollow\">I Concentraci\u00f3n Mototur\u00edstica \u00c1ngeles Guardianes Melilla<\/a>, en <strong>Melilla<\/strong><\/p>\n<p style=\"text-align: justify;\">Del <strong>12 al 14<\/strong>\u00a0&#8211; <a title=\"VII Aniversario Territorial VOCS de Andaluc\u00eda\" href=\"http:\/\/www.vocs.org\/\" target=\"_blank\" rel=\"external nofollow\">VII Aniversario Territorial VOCS de Andaluc\u00eda<\/a>, en Motril (<strong>Granada<\/strong>) &#8211; &#8211; <strong>RECOMENDADA<\/strong> para VULCAN<\/p>\n<p style=\"text-align: justify;\">Del <strong>12 al 14<\/strong> &#8211; <a title=\"Concentraci\u00f3n Motera Ciudad de Ubrique\" href=\"http:\/\/www.tumotoweb.com\/destacada.php?id=2442\" target=\"_blank\" rel=\"external nofollow\">Concentraci\u00f3n Motera Ciudad de Ubrique<\/a>, en Ubrique (<strong>C\u00e1diz<\/strong>)<\/p>\n<p style=\"text-align: justify;\">Del <strong>12 al 14<\/strong> &#8211; <a title=\"III Concentraci\u00f3n Motera MC Ortegal\" href=\"http:\/\/motoclubortegal.files.wordpress.com\/2013\/03\/final_cartelconcentra2013.jpg\" target=\"_blank\" rel=\"external nofollow\">III Concentraci\u00f3n Motera MC Ortegal<\/a>, en Ortigueira (<strong>A Coru\u00f1a<\/strong>)<\/p>\n<p style=\"text-align: justify;\">D\u00eda <strong>14<\/strong> &#8211; <a title=\"X Reuni\u00f3n Motera y V Feria de la Tapa Puente Genil\" href=\"http:\/\/www.tumotoweb.com\/destacada.php?id=2403\" target=\"_blank\" rel=\"external nofollow\">X Reuni\u00f3n Motera y V Feria de la Tapa<\/a>, en Puente Genil (<strong>C\u00f3rdoba<\/strong>)<\/p>\n<p style=\"text-align: justify;\">D\u00eda <strong>14<\/strong> &#8211; <a title=\"VIII Vuelta Tur\u00edstica al And\u00e9valo en Moto\" href=\"http:\/\/www.tumotoweb.com\/destacada.php?id=2453\" target=\"_blank\" rel=\"external nofollow\">VIII Vuelta Tur\u00edstica al And\u00e9valo en Moto<\/a>, Villablanca (<strong>Huelva<\/strong>)<\/p>\n<p style=\"text-align: justify;\">Del <strong>19 al 21<\/strong> &#8211; <a title=\"I Concentraci\u00f3n motera Beiras do Mi\u00f1o\" href=\"http:\/\/orgullosodesermotero.es\/index.php\/septiembre-14-15-16\/139-concentraciones-2013\/abril-2013\/abril-19-20-21\/328-i-concentracion-moteira-beiras-do-mino-en-lugo-lugo-el-19-20-21-abril-2013\" target=\"_blank\" rel=\"external nofollow\">I Concentraci\u00f3n motera Beiras do Mi\u00f1o<\/a>, en Beiras do Mi\u00f1o (<strong>Lugo<\/strong>)<\/p>\n<p style=\"text-align: justify;\">Del<strong> 19 al 21<\/strong> &#8211;\u00a0<a title=\"Calamity Biker Weekend\" href=\"http:\/\/www.bikerzonemagazine.com\/calamity-biker-weekend-noticia-previo\" target=\"_blank\" rel=\"external nofollow\">Calamity Biker Weekend<\/a>, en <strong>Madrid<\/strong><\/p>\n<p style=\"text-align: justify;\">D\u00eda <strong>20<\/strong> \u2013 Operaci\u00f3n Kilo por Los Pistones de Llanera, en Llanera (<strong>Asturias<\/strong>)<\/p>\n<p style=\"text-align: justify;\">Del <strong>20 al 21<\/strong> &#8211; <a title=\"Speedfest 2013\" href=\"http:\/\/www.motoclubmotrix.org\/foro\/viewtopic.php?t=2668&#038;p=21497#p21497\" target=\"_blank\" rel=\"external nofollow\">Speedfest 2013<\/a>, en Castellar del Valles (<strong>Barcelona<\/strong>)<\/p>\n<p style=\"text-align: justify;\">D\u00edas <strong>20 y 21<\/strong> &#8211; <a title=\"XXXVII Volta Internacional a Mallorca\" href=\"http:\/\/www.tumotoweb.com\/destacada.php?id=2443\" target=\"_blank\" rel=\"external nofollow\">XXXVII Volta Internacional a Mallorca en Moto<\/a>, en Palma de Mallorca (<strong>Islas Baleares<\/strong>)<\/p>\n<p style=\"text-align: justify;\">D\u00edas <strong>20 y 21<\/strong> &#8211; <a title=\"VII Reuni\u00f3n Motera Rueda Loca\" href=\"http:\/\/www.tumotoweb.com\/destacada.php?id=2463\" target=\"_blank\" rel=\"external nofollow\">VII Reuni\u00f3n Motera Rueda Loca<\/a>, en Villa del R\u00edo (<strong>C\u00f3rdoba<\/strong>)<\/p>\n<p style=\"text-align: justify;\">D\u00eda <strong>21<\/strong> &#8211; <a title=\"VI Reuni\u00f3n Motera del Renacimiento\" href=\"http:\/\/www.tumotoweb.com\/destacada.php?id=2449\" target=\"_blank\" rel=\"external nofollow\">VI Reuni\u00f3n Motera del Renacimiento<\/a>, en \u00dabeda (<strong>Ja\u00e9n<\/strong>)<\/p>\n<p style=\"text-align: justify;\">Del <strong>26 al 30<\/strong> &#8211;\u00a0<a title=\"Evento mototur\u00edstico internacional en Alp\" href=\"http:\/\/www.moterus.es\/eventos\/evento-mototuristico-internacional-girona-alp-2013-4-26\" target=\"_blank\" rel=\"external nofollow\">Evento mototur\u00edstico internacional en Alp-Girona<\/a>, en Alp (<strong>Girona<\/strong>)<\/p>\n<p style=\"text-align: justify;\">D\u00edas <strong>27 y 28<\/strong> &#8211; <a title=\"IV Concentraci\u00f3n Motera Cazalegas\" href=\"http:\/\/www.portalmotos.com\/foro-motos\/25\/iv-concentracion-motera-cazalegas-27-y-28-de-abril\/76744\" target=\"_blank\" rel=\"external nofollow\">IV Concentraci\u00f3n Motera Cazalegas<\/a>, en Cazalegas (<strong>Toledo<\/strong>)<\/p>\n<p style=\"text-align: justify;\">D\u00eda <strong>28<\/strong> &#8211; <a title=\"II Reuni\u00f3n Motera Ruta-99\" href=\"http:\/\/www.tumotoweb.com\/destacada.php?id=2372\" target=\"_blank\" rel=\"external nofollow\">II Reuni\u00f3n Motera Ruta-99<\/a>, en La Carlota (<strong>C\u00f3rdoba<\/strong>)<\/p>\n<p style=\"text-align: justify;\">D\u00eda <strong>28<\/strong> &#8211; <a title=\"XXII Aniversario Lobos Riders\" href=\"http:\/\/www.tumotoweb.com\/destacada.php?id=2464\" target=\"_blank\" rel=\"external nofollow\">XXII Aniversario Lobos Riders<\/a>, en Elche (<strong>Alicante<\/strong>)<\/p>\n<p style=\"text-align: justify;\">.<\/p>\n<p style=\"text-align: justify;\">Concentraciones y quedadas moteras a lo largo de\u00a0<strong>abril<\/strong>\u00a02013\u00a0<strong>fuera de Espa\u00f1a<\/strong>:<\/p>\n<p style=\"text-align: justify;\">D\u00edas <strong>6 y 7<\/strong> &#8211; <a title=\"Dia nacional do motociclista\" href=\"http:\/\/allevents.in\/events\/Dia-Nacional-do-Motociclista-2013\/278205252309324\" target=\"_blank\" rel=\"external nofollow\">Dia nacional do motociclista<\/a>, en Castelo Branco (<strong>Portugal<\/strong>)<\/p>\n<p style=\"text-align: justify;\">D\u00edas <strong>20 y 21<\/strong> &#8211;\u00a0<a title=\"VI Bedotreffen\" href=\"http:\/\/www.motoclubmotrix.org\/foro\/viewtopic.php?t=1011&#038;p=21946#p21946\" target=\"_blank\" rel=\"external nofollow\">VI Bedotreffen<\/a>, en\u00a0Alboussi\u00e8re (<strong>Francia<\/strong>)<\/p>\n<p style=\"text-align: justify;\">Del <strong>26 al 28<\/strong> &#8211;\u00a0<a title=\"Concentraci\u00f3n motera\" href=\"http:\/\/fr.contumoto.com\/index.php?IDDestino=89\" target=\"_blank\" rel=\"external nofollow\">Concentration Moto MCP Les Loups<\/a>, en Miramas (<strong>Francia<\/strong>)<\/p>\n<p style=\"text-align: justify;\">Del <strong>27 al 28<\/strong> &#8211;\u00a0<a title=\"XVII Rassemblement\" href=\"http:\/\/www.motoclubmotrix.org\/foro\/viewtopic.php?t=2817&#038;p=21971#p21971\" target=\"_blank\" rel=\"external nofollow\">XVII Rassemblement Moto Club Chin Gouffi<\/a>, en Saint Auban (<strong>Francia<\/strong>)<\/p>\n<p style=\"text-align: justify;\">D\u00edas <strong>27 y 28<\/strong>\u00a0&#8211; <a title=\"Lisboa Art &#038; Moto\" href=\"http:\/\/www.8negro.com\/2013\/02\/lisboa-art-moto-abril2013.html\" target=\"_blank\" rel=\"external nofollow\">Lisboa Art &#038; Moto<\/a>, en Lisboa (<strong>Portugal<\/strong>)<\/p>\n<p style=\"text-align: justify;\">.<\/p>\n<p style=\"text-align: justify;\">Ir\u00e9 poniendo m\u00e1s y sus enlaces a medida que se aproximen y me vaya enterando.<\/p>\n<p style=\"text-align: justify;\">Espero que disfrut\u00e9is de muchas de ellas e igual nos vemos por ah\u00ed.<\/p>\n<p style=\"text-align: justify;\"><strong><a title=\"P\u00e1gina de Moteros de Hoy\" href=\"http:\/\/www.moterosdehoy.es\/\" target=\"_blank\" rel=\"external nofollow\">Saludos y r\u00e1fagas<\/a>.<\/strong><\/p>\n<p style=\"text-align: justify;\">\n<!-- AddThis Advanced Settings generic via filter on the_content --><!-- AddThis Share Buttons generic via filter on the_content -->","protected":false},"excerpt":{"rendered":"<p>\u00a0 \u00a0 \u00a0Otro mes m\u00e1s os indico las principales concentraciones y quedadas moteras. Espero que pronto las nubes nos dejen disfrutar de las motos, pues de lo contrario tendremos que pasarnos a las motos de agua. Bueno aqu\u00ed van las concentraciones y quedadas para\u00a0abril. Como de costumbre est\u00e1n separadas primero las de dentro de Extremadura, [&hellip;]<!-- AddThis Advanced Settings generic via filter on get_the_excerpt --><!-- AddThis Share Buttons generic via filter on get_the_excerpt --><\/p>\n","protected":false},"author":49,"featured_media":0,"comment_status":"open","ping_status":"closed","sticky":false,"template":"","format":"standard","meta":[],"categories":[5,13],"tags":[259,554,622,629,639,641],"_links":{"self":[{"href":"https:\/\/blogs.hoy.es\/moterosdehoy\/wp-json\/wp\/v2\/posts\/667"}],"collection":[{"href":"https:\/\/blogs.hoy.es\/moterosdehoy\/wp-json\/wp\/v2\/posts"}],"about":[{"href":"https:\/\/blogs.hoy.es\/moterosdehoy\/wp-json\/wp\/v2\/types\/post"}],"author":[{"embeddable":true,"href":"https:\/\/blogs.hoy.es\/moterosdehoy\/wp-json\/wp\/v2\/users\/49"}],"replies":[{"embeddable":true,"href":"https:\/\/blogs.hoy.es\/moterosdehoy\/wp-json\/wp\/v2\/comments?post=667"}],"version-history":[{"count":0,"href":"https:\/\/blogs.hoy.es\/moterosdehoy\/wp-json\/wp\/v2\/posts\/667\/revisions"}],"wp:attachment":[{"href":"https:\/\/blogs.hoy.es\/moterosdehoy\/wp-json\/wp\/v2\/media?parent=667"}],"wp:term":[{"taxonomy":"category","embeddable":true,"href":"https:\/\/blogs.hoy.es\/moterosdehoy\/wp-json\/wp\/v2\/categories?post=667"},{"taxonomy":"post_tag","embeddable":true,"href":"https:\/\/blogs.hoy.es\/moterosdehoy\/wp-json\/wp\/v2\/tags?post=667"}],"curies":[{"name":"wp","href":"https:\/\/api.w.org\/{rel}","templated":true}]}}