{"id":672,"date":"2013-04-02T15:51:37","date_gmt":"2013-04-02T15:51:37","guid":{"rendered":"http:\/\/blogs.hoy.es\/moterosdehoy\/?p=672"},"modified":"2013-04-02T15:51:37","modified_gmt":"2013-04-02T15:51:37","slug":"los-vulcaneros-se-van-a-la-playa","status":"publish","type":"post","link":"https:\/\/blogs.hoy.es\/moterosdehoy\/2013\/04\/02\/los-vulcaneros-se-van-a-la-playa\/","title":{"rendered":"Los Vulcaneros se van a la playa"},"content":{"rendered":"<p style=\"text-align: justify;\">\u00a0 \u00a0 Despu\u00e9s de tantas lluvias a qui\u00e9n no le apetece disfrutar de un poco de sol y los moteros no vamos a ser menos, ya estamos ansiosos por poder rodar y que mejores curvas y paisajes que las tierras de la <a title=\"Im\u00e1genes de la Alpujarra Granaina\" href=\"https:\/\/www.google.es\/search?q=Alpujarra+Granadina&#038;hl=es&#038;client=firefox-a&#038;hs=jgj&#038;rls=org.mozilla:es-ES:official&#038;channel=rcs&#038;tbm=isch&#038;tbo=u&#038;source=univ&#038;sa=X&#038;ei=LfZaUZOkBpS1hAeymICYCQ&#038;ved=0CEkQsAQ&#038;biw=1280&#038;bih=699\" target=\"_blank\" rel=\"external nofollow\">Alpujarra Granadina<\/a>.<\/p>\n<p style=\"text-align: justify;\">\u00a0\u00a0 Para ello el <a title=\"P\u00e1gina oficial del VOCS\" href=\"http:\/\/www.vocs.org\/\" target=\"_blank\" rel=\"external nofollow\"><strong>VOCS<\/strong><\/a> (Vulcan Owners Club Spain) coincidiendo con el <strong>VII aniversario de su Territorial en Andaluc\u00eda<\/strong>, ha organizado un fin de semana en <a title=\"Motril en Wikipedia\" href=\"http:\/\/es.wikipedia.org\/wiki\/Motril\" target=\"_blank\" rel=\"external nofollow\">Motril<\/a> (<a title=\"Granada en Wikipedia\" href=\"http:\/\/es.wikipedia.org\/wiki\/Granada\" target=\"_blank\" rel=\"external nofollow\">Granada<\/a>).<\/p>\n<p style=\"text-align: justify;\"><a href=\"\/moterosdehoy\/wp-content\/uploads\/sites\/45\/2013\/04\/Moto-en-playa.jpg\"><img loading=\"lazy\" class=\"alignleft size-medium wp-image-673\" title=\"Moto en playa\" src=\"\/moterosdehoy\/wp-content\/uploads\/sites\/45\/2013\/04\/Moto-en-playa.jpg\" alt=\"\" width=\"300\" height=\"225\" srcset=\"https:\/\/static-blogs.hoy.es\/wp-content\/uploads\/sites\/45\/2013\/04\/Moto-en-playa.jpg 500w, https:\/\/static-blogs.hoy.es\/wp-content\/uploads\/sites\/45\/2013\/04\/Moto-en-playa-300x225.jpg 300w\" sizes=\"(max-width: 300px) 100vw, 300px\" \/><\/a>\u00a0\u00a0\u00a0\u00a0 De ese modo los d\u00edas <strong>12, 13 y 14 de abril 2013<\/strong>, coincidiendo con viernes, s\u00e1bado y domingo, y primer fin de semana tras las lluvias, pues ya se ha predicho buen tiempo. Tendr\u00e1 lugar en Motril concretamente en el <a title=\"Hotel Elba Motril\" href=\"http:\/\/www.hoteleselba.com\/es\/hotel-playa-elba-motril\/\" target=\"_blank\" rel=\"external nofollow\">Hotel Elba Motril<\/a> el VII aniversario de la Territorial del VOCS de Andaluc\u00eda. De momento ya hay confirmados moteros que acudir\u00e1n de casi todos los puntos del territorio espa\u00f1ol, lo que Extremadura no se queda atr\u00e1s y de momento ya est\u00e1n apuntados ocho moteros que representar\u00e1n a la comunidad por tierras granainas.<\/p>\n<p style=\"text-align: justify;\">\u00a0\u00a0\u00a0 Si quieres m\u00e1s informaci\u00f3n por ver si te animas, te comento que el precio para pasar el fin de semana es de <strong>140 \u20ac por persona, o 120 \u20ac si eres socio del VOCS<\/strong>.<\/p>\n<p style=\"text-align: justify;\">\u00a0\u00a0\u00a0\u00a0 Dentro del precio de inscripci\u00f3n est\u00e1 <strong>incluida<\/strong>:<\/p>\n<p style=\"text-align: justify;\"><strong>\u00a0\u00a0\u00a0 Cena<\/strong> del viernes y posterior <strong>fiesta<\/strong> dentro de la discoteca del propio Hotel Elba Motril, para no tener que <!--more-->andar con la moto despu\u00e9s de haber podido consumir bebidas alcoh\u00f3licas.<\/p>\n<p style=\"text-align: justify;\"><strong>\u00a0\u00a0\u00a0 Habitaci\u00f3n tanto para el s\u00e1bado como para el domingo<\/strong> en el citado Hotel.<\/p>\n<p style=\"text-align: justify;\">\u00a0\u00a0\u00a0 Desayuno del s\u00e1bado y posterior salida a una ruta sobre las 10:00 h, donde se visitar\u00e1 el <a title=\"Museo del azucar de la F\u00e1brica del Pilar\" href=\"http:\/\/www.motril.es\/index.php?id=1276\" target=\"_blank\" rel=\"external nofollow\">Museo de az\u00facar<\/a> y la \u00fanica f\u00e1brica destilera de Ron en Espa\u00f1a. Durante la ruta se comer\u00e1 en una pedan\u00eda cercana a Motril, consistiendo en carne a la piedra.<\/p>\n<p style=\"text-align: justify;\">\u00a0\u00a0 La tarde del s\u00e1bado quedar\u00e1 libre para poder disfrutar de las piscinas y jacuzzi del hotel, as\u00ed como de un paseo por la playa o la localidad.<\/p>\n<div id=\"attachment_674\" style=\"width: 221px\" class=\"wp-caption alignright\"><a href=\"\/moterosdehoy\/wp-content\/uploads\/sites\/45\/2013\/04\/Cartel_VII_Aniversario_andalucia_motril.jpg\"><img aria-describedby=\"caption-attachment-674\" loading=\"lazy\" class=\"size-medium wp-image-674\" title=\"Cartel_VII_Aniversario_andalucia_motril\" src=\"\/moterosdehoy\/wp-content\/uploads\/sites\/45\/2013\/04\/Cartel_VII_Aniversario_andalucia_motril.jpg\" alt=\"\" width=\"211\" height=\"300\" srcset=\"https:\/\/static-blogs.hoy.es\/wp-content\/uploads\/sites\/45\/2013\/04\/Cartel_VII_Aniversario_andalucia_motril.jpg 565w, https:\/\/static-blogs.hoy.es\/wp-content\/uploads\/sites\/45\/2013\/04\/Cartel_VII_Aniversario_andalucia_motril-212x300.jpg 212w\" sizes=\"(max-width: 211px) 100vw, 211px\" \/><\/a><p id=\"caption-attachment-674\" class=\"wp-caption-text\">Cartel VII Aniversario Territorial VOCS Andaluc\u00eda<\/p><\/div>\n<p style=\"text-align: justify;\">\u00a0\u00a0\u00a0 La cena del s\u00e1bado y posterior fiesta tambi\u00e9n ser\u00e1 dentro del Hotel Elba Motril.<\/p>\n<p style=\"text-align: justify;\">\u00a0\u00a0 Y para finalizar, el domingo tras el desayuno cada cual partir\u00e1 para sus destinos, estando confirmados ya de casi todas las comunidades aut\u00f3nomas, tales como la propia Andaluc\u00eda, Extremadura, Madrid, Castilla la Mancha, Castilla Le\u00f3n, Pa\u00eds Vasco, Valencia, Catalu\u00f1a e incluso las Islas Baleares.<\/p>\n<p style=\"text-align: justify;\">\u00a0 Si quieres m\u00e1s informaci\u00f3n te puedes poner en contacto por correo electr\u00f3nico a la direcci\u00f3n <a href=\"mailto:moterosdehoy@gmail.com\">moterosdehoy@gmail.com<\/a> o directamente al tel\u00e9fono de Moteros de Hoy, 670 878 412.<\/p>\n<p style=\"text-align: justify;\">\u00a0\u00a0 Por el momento ya se ha contactado con el <strong>MotoClub Custom Club Motril<\/strong>, para conocer a sus miembros y entablar lazos de amistad.<\/p>\n<p style=\"text-align: justify;\"><strong>\u00a0\u00a0 <a title=\"Enlace al facebook de Moteros de Hoy\" href=\"https:\/\/www.facebook.com\/moterosdehoy\" target=\"_blank\" rel=\"external nofollow\">Saludos y r\u00e1fagas<\/a>.<\/strong><\/p>\n<!-- AddThis Advanced Settings generic via filter on the_content --><!-- AddThis Share Buttons generic via filter on the_content -->","protected":false},"excerpt":{"rendered":"<p>\u00a0 \u00a0 Despu\u00e9s de tantas lluvias a qui\u00e9n no le apetece disfrutar de un poco de sol y los moteros no vamos a ser menos, ya estamos ansiosos por poder rodar y que mejores curvas y paisajes que las tierras de la Alpujarra Granadina. \u00a0\u00a0 Para ello el VOCS (Vulcan Owners Club Spain) coincidiendo con [&hellip;]<!-- AddThis Advanced Settings generic via filter on get_the_excerpt --><!-- AddThis Share Buttons generic via filter on get_the_excerpt --><\/p>\n","protected":false},"author":49,"featured_media":0,"comment_status":"open","ping_status":"closed","sticky":false,"template":"","format":"standard","meta":[],"categories":[13],"tags":[622,629,639,641,1002],"_links":{"self":[{"href":"https:\/\/blogs.hoy.es\/moterosdehoy\/wp-json\/wp\/v2\/posts\/672"}],"collection":[{"href":"https:\/\/blogs.hoy.es\/moterosdehoy\/wp-json\/wp\/v2\/posts"}],"about":[{"href":"https:\/\/blogs.hoy.es\/moterosdehoy\/wp-json\/wp\/v2\/types\/post"}],"author":[{"embeddable":true,"href":"https:\/\/blogs.hoy.es\/moterosdehoy\/wp-json\/wp\/v2\/users\/49"}],"replies":[{"embeddable":true,"href":"https:\/\/blogs.hoy.es\/moterosdehoy\/wp-json\/wp\/v2\/comments?post=672"}],"version-history":[{"count":0,"href":"https:\/\/blogs.hoy.es\/moterosdehoy\/wp-json\/wp\/v2\/posts\/672\/revisions"}],"wp:attachment":[{"href":"https:\/\/blogs.hoy.es\/moterosdehoy\/wp-json\/wp\/v2\/media?parent=672"}],"wp:term":[{"taxonomy":"category","embeddable":true,"href":"https:\/\/blogs.hoy.es\/moterosdehoy\/wp-json\/wp\/v2\/categories?post=672"},{"taxonomy":"post_tag","embeddable":true,"href":"https:\/\/blogs.hoy.es\/moterosdehoy\/wp-json\/wp\/v2\/tags?post=672"}],"curies":[{"name":"wp","href":"https:\/\/api.w.org\/{rel}","templated":true}]}}