{"id":677,"date":"2013-04-05T15:14:53","date_gmt":"2013-04-05T15:14:53","guid":{"rendered":"http:\/\/blogs.hoy.es\/moterosdehoy\/?p=677"},"modified":"2013-04-05T15:14:53","modified_gmt":"2013-04-05T15:14:53","slug":"iii-vuelta-a-extremadura-en-moto","status":"publish","type":"post","link":"https:\/\/blogs.hoy.es\/moterosdehoy\/2013\/04\/05\/iii-vuelta-a-extremadura-en-moto\/","title":{"rendered":"III Vuelta a Extremadura en moto"},"content":{"rendered":"<p style=\"text-align: justify;\">\u00a0 \u00a0 \u00c9ste a\u00f1o por tercera vez y tras el par\u00f3n del a\u00f1o pasado ya est\u00e1 en marcha la organizaci\u00f3n de\u00a0<a title=\"P\u00e1gina de Vuelta a Extremadura en Moto\" href=\"http:\/\/vuexmo.info\/\" target=\"_blank\" rel=\"external nofollow\">VUEXMO<\/a>\u00a0a cargo de Santi y Manol, para llevar a cabo la<strong>\u00a0III Vuelta a Extremadura en moto<\/strong>.<\/p>\n<div id=\"attachment_678\" style=\"width: 222px\" class=\"wp-caption alignleft\"><a href=\"\/moterosdehoy\/wp-content\/uploads\/sites\/45\/2013\/04\/III-vuelta-Extremadura-en-moto.jpg\"><img aria-describedby=\"caption-attachment-678\" loading=\"lazy\" class=\"size-medium wp-image-678\" title=\"III vuelta Extremadura en moto\" src=\"\/moterosdehoy\/wp-content\/uploads\/sites\/45\/2013\/04\/III-vuelta-Extremadura-en-moto.jpg\" alt=\"\" width=\"212\" height=\"300\" srcset=\"https:\/\/static-blogs.hoy.es\/wp-content\/uploads\/sites\/45\/2013\/04\/III-vuelta-Extremadura-en-moto.jpg 601w, https:\/\/static-blogs.hoy.es\/wp-content\/uploads\/sites\/45\/2013\/04\/III-vuelta-Extremadura-en-moto-212x300.jpg 212w\" sizes=\"(max-width: 212px) 100vw, 212px\" \/><\/a><p id=\"caption-attachment-678\" class=\"wp-caption-text\">Cartel del evento<\/p><\/div>\n<p style=\"text-align: justify;\">\u00a0 \u00a0 \u00a0Para ello han fijado la fecha en el fin de semana del\u00a0<strong>18 y 19 de mayo<\/strong>\u00a02013, pero el plazo de inscripci\u00f3n se cerrar\u00e1 el 13 de abril, para poder finalizar con todos los preparativos.<\/p>\n<p style=\"text-align: justify;\">\u00a0\u00a0 En ediciones anteriores fue un gran \u00e9xito y \u00e9ste a\u00f1o han puesto un n\u00famero m\u00e1ximo de plazas, fijadas en las 90 personas para que no se vaya de madre. Por el momento ya se han inscrito m\u00e1s de la mitad y lo han realizado desde muy diversos puntos de la geograf\u00eda espa\u00f1ola, pues desde la organizaci\u00f3n al buscar la ruta a realizar, piensan en pasar por puntos claves de la comunidad. De ese modo es una forma de hacer turismo para dar a conocer la comunidad aut\u00f3noma y de paso mostrar a la comunidad que los moteros somos responsables, e intentar alejar la idea de moteros con buscadores de jaleo, desorden y broncas.<\/p>\n<p style=\"text-align: justify;\">\u00a0\u00a0 Todo comenzar\u00e1 el fin de semana anterior, pues han organizado un\u00a0<strong>cursillo de primeros auxilios<\/strong>\u00a0orientado a un no deseado pero posible accidente de moto, lo cual independientemente de que se acuda a la III Vuelta o no, es de gran importancia y hasta el momento nadie habia dado un paso para llevar a cabo algo de tan gran relevancia.<\/p>\n<p style=\"text-align: justify;\">\u00a0\u00a0 Si te quieres inscribir para acudir a la III Vuelta a Extremadura en moto debes de rellenar la\u00a0<strong><a title=\"Pre-inscripci\u00f3n a la III Vuelta a Extremadura en moto\" href=\"http:\/\/vuexmo.info\/preinscripcion\/\" target=\"_blank\" rel=\"external nofollow\">pre-inscripci\u00f3n<\/a><\/strong>, para descargarla haz click sobre ella, adem\u00e1s del\u00a0<a title=\"Acceder al documento de exenci\u00f3n de responsabilidades\" href=\"http:\/\/vuexmo.info\/wp-content\/uploads\/2013\/03\/Documento-de-Exenci%C3%B3n-de-Responsabilidad-III.pdf\" target=\"_blank\" rel=\"external nofollow\"><strong>documento de exenci\u00f3n de responsabilidades<\/strong><\/a>\u00a0y abonar la cantidad de 40 \u20ac, que lo puedes hacer en\u00a0<a title=\"P\u00e1gina de Motoboutique\" href=\"http:\/\/motoboutique.es\/\" target=\"_blank\" rel=\"external nofollow\"><strong>Motoboutique<\/strong><\/a>, sita en la C\/. Arturo Varea, 7, de Badajoz (zona de Huerta Rosales) o en el\u00a0<a title=\"Restaurante Laguna Seca\" href=\"https:\/\/plus.google.com\/100311967773613766253\/about?gl=es&#038;hl=es\" target=\"_blank\"><strong>Restaurante Laguna Seca<\/strong><\/a>, sito en C\/. Jos\u00e9 Caldito Ruiz, 1, de Badajoz (zona Ronda Norte), despu\u00e9s a esperar para ver cual ser\u00e1 la cantidad definitiva, lo cual quieren que no sobrepase los 100 \u20ac por persona.<\/p>\n<p style=\"text-align: justify;\">\u00a0\u00a0 La ruta comenzar\u00e1 en Badajoz el d\u00eda 18, para pasar por las localidades de Don Benito, Plasencia, Guadalupe y finalizar\u00e1 en C\u00e1ceres. Si quieres ver como est\u00e1 programada por el momento haz\u00a0<a title=\"Ruta propuesta\" href=\"http:\/\/vuexmo.info\/vuelta-2013\/propuesta-de-ruta\/\" target=\"_blank\" rel=\"external nofollow\">click aqu\u00ed<\/a>.<\/p>\n<p style=\"text-align: justify;\">\u00a0\u00a0 El primer d\u00eda tras partir de Badajoz la comida se realizar\u00e1 en la localidad de Don Benito, para partir y hacer noche en el\u00a0<a title=\"Hotel Husa Golf Valdeca\u00f1as\" href=\"http:\/\/www.husa.es\/fotos-hotel-husa-golf-valdecanas.htm\" target=\"_blank\" rel=\"external nofollow\">Hotel Husa Golf Valdeca\u00f1as<\/a>\u00a0situado en pleno embalse de Valdeca\u00f1as. Un lugar paradis\u00edaco de reciente creaci\u00f3n y que de seguro quedar\u00e1 con la boca abierta a m\u00e1s de uno.<\/p>\n<p style=\"text-align: justify;\">\u00a0\u00a0 Para entrar en <strong>contacto<\/strong> con la organizaci\u00f3n lo\u00a0<a title=\"Enlace para contactar con la organizaci\u00f3n de VUEXMO\" href=\"http:\/\/vuexmo.info\/contacto\/\" target=\"_blank\" rel=\"external nofollow\">puedes hacer <strong>aqu\u00ed<\/strong><\/a>.<\/p>\n<p style=\"text-align: justify;\">\u00a0\u00a0 Aprovecha \u00e9sta gran oportunidad para conocer Extremadura en moto, no la puedes dejar pasar.<\/p>\n<p style=\"text-align: justify;\"><strong>\u00a0\u00a0\u00a0<a title=\"Enlace a la p\u00e1gina de Moteros de Hoy\" href=\"http:\/\/www.moterosdehoy.es\/\" target=\"_blank\" rel=\"external nofollow\">Saludos y r\u00e1fagas<\/a><\/strong>.<\/p>\n<!-- AddThis Advanced Settings generic via filter on the_content --><!-- AddThis Share Buttons generic via filter on the_content -->","protected":false},"excerpt":{"rendered":"<p>\u00a0 \u00a0 \u00c9ste a\u00f1o por tercera vez y tras el par\u00f3n del a\u00f1o pasado ya est\u00e1 en marcha la organizaci\u00f3n de\u00a0VUEXMO\u00a0a cargo de Santi y Manol, para llevar a cabo la\u00a0III Vuelta a Extremadura en moto. \u00a0 \u00a0 \u00a0Para ello han fijado la fecha en el fin de semana del\u00a018 y 19 de mayo\u00a02013, pero [&hellip;]<!-- AddThis Advanced Settings generic via filter on get_the_excerpt --><!-- AddThis Share Buttons generic via filter on get_the_excerpt --><\/p>\n","protected":false},"author":49,"featured_media":0,"comment_status":"open","ping_status":"closed","sticky":false,"template":"","format":"standard","meta":[],"categories":[13],"tags":[621,622,624,639,641],"_links":{"self":[{"href":"https:\/\/blogs.hoy.es\/moterosdehoy\/wp-json\/wp\/v2\/posts\/677"}],"collection":[{"href":"https:\/\/blogs.hoy.es\/moterosdehoy\/wp-json\/wp\/v2\/posts"}],"about":[{"href":"https:\/\/blogs.hoy.es\/moterosdehoy\/wp-json\/wp\/v2\/types\/post"}],"author":[{"embeddable":true,"href":"https:\/\/blogs.hoy.es\/moterosdehoy\/wp-json\/wp\/v2\/users\/49"}],"replies":[{"embeddable":true,"href":"https:\/\/blogs.hoy.es\/moterosdehoy\/wp-json\/wp\/v2\/comments?post=677"}],"version-history":[{"count":0,"href":"https:\/\/blogs.hoy.es\/moterosdehoy\/wp-json\/wp\/v2\/posts\/677\/revisions"}],"wp:attachment":[{"href":"https:\/\/blogs.hoy.es\/moterosdehoy\/wp-json\/wp\/v2\/media?parent=677"}],"wp:term":[{"taxonomy":"category","embeddable":true,"href":"https:\/\/blogs.hoy.es\/moterosdehoy\/wp-json\/wp\/v2\/categories?post=677"},{"taxonomy":"post_tag","embeddable":true,"href":"https:\/\/blogs.hoy.es\/moterosdehoy\/wp-json\/wp\/v2\/tags?post=677"}],"curies":[{"name":"wp","href":"https:\/\/api.w.org\/{rel}","templated":true}]}}