{"id":681,"date":"2013-04-08T22:56:24","date_gmt":"2013-04-08T22:56:24","guid":{"rendered":"http:\/\/blogs.hoy.es\/moterosdehoy\/?p=681"},"modified":"2013-04-08T22:56:24","modified_gmt":"2013-04-08T22:56:24","slug":"concentraciones-moteras-para-el-21-de-abril-en-badajoz","status":"publish","type":"post","link":"https:\/\/blogs.hoy.es\/moterosdehoy\/2013\/04\/08\/concentraciones-moteras-para-el-21-de-abril-en-badajoz\/","title":{"rendered":"Concentraciones moteras para el 21 de abril en Badajoz"},"content":{"rendered":"<p style=\"text-align: justify;\">\u00a0 Est\u00e1 llegando el buen tiempo y como no las concentraciones, es una l\u00e1stima que se pongan las fechas de las concentraciones sin mirar que puede haber ese fin de semana o ese d\u00eda en concreto.<\/p>\n<div id=\"attachment_682\" style=\"width: 310px\" class=\"wp-caption alignleft\"><a href=\"\/moterosdehoy\/wp-content\/uploads\/sites\/45\/2013\/04\/Motero-en-Puerta-Palma.jpg\"><img aria-describedby=\"caption-attachment-682\" loading=\"lazy\" class=\"size-medium wp-image-682\" title=\"Motero en Puerta Palma\" src=\"\/moterosdehoy\/wp-content\/uploads\/sites\/45\/2013\/04\/Motero-en-Puerta-Palma.jpg\" alt=\"\" width=\"300\" height=\"225\" srcset=\"https:\/\/static-blogs.hoy.es\/wp-content\/uploads\/sites\/45\/2013\/04\/Motero-en-Puerta-Palma.jpg 3264w, https:\/\/static-blogs.hoy.es\/wp-content\/uploads\/sites\/45\/2013\/04\/Motero-en-Puerta-Palma-300x225.jpg 300w, https:\/\/static-blogs.hoy.es\/wp-content\/uploads\/sites\/45\/2013\/04\/Motero-en-Puerta-Palma-768x576.jpg 768w, https:\/\/static-blogs.hoy.es\/wp-content\/uploads\/sites\/45\/2013\/04\/Motero-en-Puerta-Palma-1024x768.jpg 1024w\" sizes=\"(max-width: 300px) 100vw, 300px\" \/><\/a><p id=\"caption-attachment-682\" class=\"wp-caption-text\">Moteros de Hoy en Puerta de Palmas<\/p><\/div>\n<p style=\"text-align: justify;\">\u00a0 \u00a0En esta ocasi\u00f3n coinciden la <a title=\"II Fiesta Motera en Novelda del Guadiana\" href=\"http:\/\/www.moterosdehoy.es\/2013\/04\/08\/ii-fiesta-motera-en-novelda-del-guadiana\/\" target=\"_blank\" rel=\"external nofollow\">II Fiesta motera de Novelda del Guadiana<\/a>, la <a title=\"II Reuni\u00f3n Motera Solidaria Alkornomotos\" href=\"http:\/\/www.moterosdehoy.es\/2013\/04\/08\/ii-reunion-motera-solidaria-alkornomotos\/\" target=\"_blank\" rel=\"external nofollow\">II Reuni\u00f3n motera solidaria Alkornomotos<\/a>, en Zahinos y la <a title=\"V Motorada Festera en Nogales\" href=\"https:\/\/blogs.hoy.es\/moterosdehoy\/2013\/03\/21\/v-motorada-festera-carretera-y-campo-nogales\/\" target=\"_blank\">V Motorada Festera carretera y campo en Nogales<\/a>.<\/p>\n<p style=\"text-align: justify;\">\u00a0 \u00a0 Si quieres saber m\u00e1s sobre ellas haz click sobre sus enlaces.<\/p>\n<p style=\"text-align: justify;\">\u00a0 \u00a0Ya hab\u00edan dos programadas y como ha estado el tiempo con tanta lluvia, se les ha sumado la de Nogales al pasar del d\u00eda 24 de marzo al 21 de abril.<\/p>\n<p style=\"text-align: justify;\">\u00a0 \u00a0Con \u00e9ste tipo de acciones lo \u00fanico que se consigue es disgregar a los moteros y en lugar de hacer una concentraci\u00f3n en condiciones con mucha afluencia, se reparte el personal.<\/p>\n<p style=\"text-align: justify;\">\u00a0 \u00a0 \u00a0<strong>A modo de resumen<\/strong>, comentar que las concentraciones de Novelda del Guadiana y la de Nogales tienen un coste de 10 \u20ac para su inscripci\u00f3n, mientras que <strong>la de Zahinos solo son 7 \u20ac<\/strong>. Adem\u00e1s que la de <strong>Zahinos destinar\u00e1 la cantidad econ\u00f3mica que se pueda llegar a recaudar<\/strong> por la inscripci\u00f3n tras apartar los gastos de desayunos, picoteo y refrescos de la ruta, y refrescos y paella en la comida, a una <strong>asociaci\u00f3n ben\u00e9fica de la localidad<\/strong>. Incluso las ganancias que se saquen del bar que se montar\u00e1 donde se encontrar\u00e1 la concentraci\u00f3n, ir\u00e1 a la misma causa. Del mismo modo la de Zahinos es la \u00fanica que mezcla la concentraci\u00f3n motera con algo cultural, pues dan la posibilidad de subir a visitar la Torre Medieval de la localidad, en la segunda parada durante la ruta.<\/p>\n<p style=\"text-align: justify;\">\u00a0 \u00a0 \u00a0En caso de que tengas una moto de campo, te interesa la de Nogales, pues har\u00e1n dos rutas una para motos de carretera y otra para las de campo.<\/p>\n<p style=\"text-align: justify;\">\u00a0 \u00a0 \u00a0Por decir algo positivo para la de Novelda del Guadiana, decir que est\u00e1 muy pr\u00f3xima a Badajoz, para los que no dispongan de mucho tiempo o no quieran hacer muchos kil\u00f3metros, dado que en Badajoz hay gran cantidad de motocicletas. Pero del mismo modo los que vayan con motocicletas de baja cilindrada, como 125 cc, que piensen en que la ruta pisa la autov\u00eda y que una vez all\u00ed se pueden quedar descolgados del grupo. Por supuesto si tienes pensado acudir con un ciclomotor, abstente de unirte a la ruta, pues ya sabes que no puedes circular con \u00e9l por autov\u00edas y a pesar de ir dentro de un grupo, cada motero es el responsable de sus actos, pudiendo ser acreedor de una denuncia.<\/p>\n<p style=\"text-align: justify;\">\u00a0 \u00a0 <strong><a title=\"Enlace al facebook de Moteros de Hoy\" href=\"https:\/\/www.facebook.com\/moterosdehoy\" target=\"_blank\" rel=\"external nofollow\">Saludos y r\u00e1fagas<\/a><\/strong>.<\/p>\n<!-- AddThis Advanced Settings generic via filter on the_content --><!-- AddThis Share Buttons generic via filter on the_content -->","protected":false},"excerpt":{"rendered":"<p>\u00a0 Est\u00e1 llegando el buen tiempo y como no las concentraciones, es una l\u00e1stima que se pongan las fechas de las concentraciones sin mirar que puede haber ese fin de semana o ese d\u00eda en concreto. \u00a0 \u00a0En esta ocasi\u00f3n coinciden la II Fiesta motera de Novelda del Guadiana, la II Reuni\u00f3n motera solidaria Alkornomotos, [&hellip;]<!-- AddThis Advanced Settings generic via filter on get_the_excerpt --><!-- AddThis Share Buttons generic via filter on get_the_excerpt --><\/p>\n","protected":false},"author":49,"featured_media":0,"comment_status":"open","ping_status":"closed","sticky":false,"template":"","format":"standard","meta":[],"categories":[13],"tags":[487,493,622,629,639,641,973],"_links":{"self":[{"href":"https:\/\/blogs.hoy.es\/moterosdehoy\/wp-json\/wp\/v2\/posts\/681"}],"collection":[{"href":"https:\/\/blogs.hoy.es\/moterosdehoy\/wp-json\/wp\/v2\/posts"}],"about":[{"href":"https:\/\/blogs.hoy.es\/moterosdehoy\/wp-json\/wp\/v2\/types\/post"}],"author":[{"embeddable":true,"href":"https:\/\/blogs.hoy.es\/moterosdehoy\/wp-json\/wp\/v2\/users\/49"}],"replies":[{"embeddable":true,"href":"https:\/\/blogs.hoy.es\/moterosdehoy\/wp-json\/wp\/v2\/comments?post=681"}],"version-history":[{"count":0,"href":"https:\/\/blogs.hoy.es\/moterosdehoy\/wp-json\/wp\/v2\/posts\/681\/revisions"}],"wp:attachment":[{"href":"https:\/\/blogs.hoy.es\/moterosdehoy\/wp-json\/wp\/v2\/media?parent=681"}],"wp:term":[{"taxonomy":"category","embeddable":true,"href":"https:\/\/blogs.hoy.es\/moterosdehoy\/wp-json\/wp\/v2\/categories?post=681"},{"taxonomy":"post_tag","embeddable":true,"href":"https:\/\/blogs.hoy.es\/moterosdehoy\/wp-json\/wp\/v2\/tags?post=681"}],"curies":[{"name":"wp","href":"https:\/\/api.w.org\/{rel}","templated":true}]}}