{"id":684,"date":"2013-04-17T01:16:45","date_gmt":"2013-04-17T01:16:45","guid":{"rendered":"http:\/\/blogs.hoy.es\/moterosdehoy\/?p=684"},"modified":"2013-04-17T01:16:45","modified_gmt":"2013-04-17T01:16:45","slug":"llego-el-tiempo-de-moto","status":"publish","type":"post","link":"https:\/\/blogs.hoy.es\/moterosdehoy\/2013\/04\/17\/llego-el-tiempo-de-moto\/","title":{"rendered":"Lleg\u00f3 el tiempo de moto"},"content":{"rendered":"<p style=\"text-align: justify;\">\u00a0 \u00a0 Despu\u00e9s de unos meses cargados con lluvias, todo motero estaba deseando un rayito de sol para coger su montura y poder disfrutar de ella sin tener que ir cargado con el traje de agua.<\/p>\n<div id=\"attachment_685\" style=\"width: 310px\" class=\"wp-caption alignleft\"><a href=\"\/moterosdehoy\/wp-content\/uploads\/sites\/45\/2013\/04\/Entrega-de-Placa-al-VOCS-Extremadura.jpg\"><img aria-describedby=\"caption-attachment-685\" loading=\"lazy\" class=\"size-medium wp-image-685\" title=\"Entrega de Placa al VOCS Extremadura\" src=\"\/moterosdehoy\/wp-content\/uploads\/sites\/45\/2013\/04\/Entrega-de-Placa-al-VOCS-Extremadura.jpg\" alt=\"\" width=\"300\" height=\"272\" srcset=\"https:\/\/static-blogs.hoy.es\/wp-content\/uploads\/sites\/45\/2013\/04\/Entrega-de-Placa-al-VOCS-Extremadura.jpg 564w, https:\/\/static-blogs.hoy.es\/wp-content\/uploads\/sites\/45\/2013\/04\/Entrega-de-Placa-al-VOCS-Extremadura-300x273.jpg 300w\" sizes=\"(max-width: 300px) 100vw, 300px\" \/><\/a><p id=\"caption-attachment-685\" class=\"wp-caption-text\">Entrega de placa al VOCS Extremadura<\/p><\/div>\n<p style=\"text-align: justify;\">\u00a0 \u00a0 As\u00ed ha sido el caso de los amigos del <strong><a title=\"Enlace al facebook de la Territorial del VOCS de Extremadura\" href=\"https:\/\/www.facebook.com\/pages\/VOCS-Territorial-Extremadura\/143838512447393\" target=\"_blank\" rel=\"external nofollow\">VOCS de Extremadura<\/a><\/strong>, que el fin de semana pasado, del 12 al 14 de abril, se han desplazado a la localidad de <strong><a title=\"P\u00e1gina del Ayuntamiento de Motril\" href=\"http:\/\/www.motril.es\/\" target=\"_blank\" rel=\"external nofollow\">Motril<\/a><\/strong> (Granada), donde han disfrutado del <strong>VII Aniversario de la Territorial del VOCS de Andaluc\u00eda<\/strong> y fueron recibidos nada menos que por Luisa Garc\u00eda, Alcaldesa de la localidad qui\u00e9n les invit\u00f3 a visitar varios museos y enclaves tur\u00edsticos.<\/p>\n<p style=\"text-align: justify;\">\u00a0 \u00a0 Una vez en el camino han podido disfrutar de temperaturas por encima de los veinte grados, lo cual para circular en moto es ideal. Pero por supuesto, sin quedar atr\u00e1s esas ganas de compartir kil\u00f3metros entre ellos. En concreto desde Badajoz salieron ocho personas, cuatro motos, que dando igual a cual de ellos se le pregunte, todos han disfrutado del viaje.<\/p>\n<p style=\"text-align: justify;\">\u00a0 \u00a0En el viaje no solo encontraron los kil\u00f3metros de la carretera, tambi\u00e9n tuvieron sus paradas, donde pod\u00edan contar las an\u00e9cdotas del viaje y compartir risas, adem\u00e1s de sol, playas, desayunos, comidas, cenas, refrescos, copas, amistad, piscina, jacuzzi del hotel&#8230;<\/p>\n<p style=\"text-align: justify;\">\u00a0 \u00a0 A la ida pararon a comer y unirse a otro motero cordob\u00e9s en la Cervecer\u00eda &#8220;<a title=\"Cervecer\u00eda El Loro Verde\" href=\"http:\/\/www.week0.com\/servicios\/566\/cerveceria-el-loro-verde\" target=\"_blank\" rel=\"external nofollow\">El loro verde<\/a>&#8220;, sito en pleno centro de C\u00f3rdoba, lugar muy conocido por los moteros y punto de parada establecido en los viajes al sur del VOCS Extremadura. El plato fuerte de la casa es la amistad y de segundo unos paninis que te har\u00e1n volver. Por supuesto sin dejar atr\u00e1s esas jarras heladas de barro repletas de cerveza. Otro punto de obligada parada es &#8220;<a title=\"La Estaci\u00f3n de Luque\" href=\"http:\/\/www.estaciondeluque.es\/\" target=\"_blank\" rel=\"external nofollow\">La Estaci\u00f3n de Luque<\/a>&#8220;, vieja estaci\u00f3n de tren que ha sido rehabilitada y convertida en un restaurante. Incluso hay vagones de tren, lugar donde se encuentran las mesas del restaurante.<\/p>\n<p style=\"text-align: justify;\">\u00a0 \u00a0Y como no, una vez en <a title=\"Motril en wikipedia\" href=\"http:\/\/es.wikipedia.org\/wiki\/Motril\" target=\"_blank\" rel=\"external nofollow\">Motril<\/a> se reunieron con su familia, en torno a otros cien moteros llegados de todos los puntos de la geograf\u00eda nacional. Una gran familia motera que cuando llevas tiempo sin verlos los anhelas y est\u00e1s deseando llegar a un evento motero para comprobar que est\u00e1n all\u00ed, que se encuentran bien y poder darles un fuerte abrazo. Fue el caso y tras varios d\u00edas de fuertes abrazos lleg\u00f3 el momento de la despedida, pero no sin antes recibir una placa de la mano del <strong>Presidente del<\/strong> <strong><a title=\"P\u00e1gina oficial del V.O.C.S.\" href=\"http:\/\/www.vocs.org\/\" target=\"_blank\" rel=\"external nofollow\">VOCS<\/a><\/strong> (Vulcan Owners Club Spain). No es una placa cualquiera, es una placa en la que est\u00e1 inscrito:<\/p>\n<p style=\"text-align: center;\"><em><strong>Homenaje a la Territorial de Extremadura en su primera salida oficial,<\/strong><\/em><\/p>\n<p style=\"text-align: center;\"><em><strong>de parte de su Territorial Hermana, Andaluc\u00eda.<\/strong><\/em><\/p>\n<p style=\"text-align: justify;\">\u00a0 \u00a0Es seguro que la Territorial del VOCS de Extremadura, har\u00e1 muchas m\u00e1s salidas oficiales e intentar\u00e1 hacerse ver por todo el territorio nacional. De momento para el a\u00f1o que viene cuando vaya a celebrar su primer aniversario, realizar\u00e1 una visita cultural en alg\u00fan maravilloso rinc\u00f3n extreme\u00f1o, para que a la vez que los moteros puedan disfrutar de la compa\u00f1\u00eda, dar a conocer \u00e9sta <a title=\"Turismo en Extremadura\" href=\"http:\/\/www.turismoextremadura.com\/index.html;jsessionid=9m7as7n0ld8d2\" target=\"_blank\" rel=\"external nofollow\">preciosa Comunidad Aut\u00f3noma<\/a>.<\/p>\n<p style=\"text-align: justify;\"><strong>\u00a0 \u00a0 <a title=\"Enlace a la p\u00e1gina de Moteros de Hoy\" href=\"http:\/\/www.moterosdehoy.es\/\" target=\"_blank\" rel=\"external nofollow\">Saludos y r\u00e1fagas<\/a>.<\/strong><\/p>\n<!-- AddThis Advanced Settings generic via filter on the_content --><!-- AddThis Share Buttons generic via filter on the_content -->","protected":false},"excerpt":{"rendered":"<p>\u00a0 \u00a0 Despu\u00e9s de unos meses cargados con lluvias, todo motero estaba deseando un rayito de sol para coger su montura y poder disfrutar de ella sin tener que ir cargado con el traje de agua. \u00a0 \u00a0 As\u00ed ha sido el caso de los amigos del VOCS de Extremadura, que el fin de semana [&hellip;]<!-- AddThis Advanced Settings generic via filter on get_the_excerpt --><!-- AddThis Share Buttons generic via filter on get_the_excerpt --><\/p>\n","protected":false},"author":49,"featured_media":0,"comment_status":"open","ping_status":"closed","sticky":false,"template":"","format":"standard","meta":[],"categories":[13],"tags":[621,622,624,629,639,641,933,1002,1019],"_links":{"self":[{"href":"https:\/\/blogs.hoy.es\/moterosdehoy\/wp-json\/wp\/v2\/posts\/684"}],"collection":[{"href":"https:\/\/blogs.hoy.es\/moterosdehoy\/wp-json\/wp\/v2\/posts"}],"about":[{"href":"https:\/\/blogs.hoy.es\/moterosdehoy\/wp-json\/wp\/v2\/types\/post"}],"author":[{"embeddable":true,"href":"https:\/\/blogs.hoy.es\/moterosdehoy\/wp-json\/wp\/v2\/users\/49"}],"replies":[{"embeddable":true,"href":"https:\/\/blogs.hoy.es\/moterosdehoy\/wp-json\/wp\/v2\/comments?post=684"}],"version-history":[{"count":0,"href":"https:\/\/blogs.hoy.es\/moterosdehoy\/wp-json\/wp\/v2\/posts\/684\/revisions"}],"wp:attachment":[{"href":"https:\/\/blogs.hoy.es\/moterosdehoy\/wp-json\/wp\/v2\/media?parent=684"}],"wp:term":[{"taxonomy":"category","embeddable":true,"href":"https:\/\/blogs.hoy.es\/moterosdehoy\/wp-json\/wp\/v2\/categories?post=684"},{"taxonomy":"post_tag","embeddable":true,"href":"https:\/\/blogs.hoy.es\/moterosdehoy\/wp-json\/wp\/v2\/tags?post=684"}],"curies":[{"name":"wp","href":"https:\/\/api.w.org\/{rel}","templated":true}]}}