{"id":687,"date":"2013-04-19T07:20:08","date_gmt":"2013-04-19T07:20:08","guid":{"rendered":"http:\/\/blogs.hoy.es\/moterosdehoy\/?p=687"},"modified":"2013-04-19T07:20:08","modified_gmt":"2013-04-19T07:20:08","slug":"1500-un-motogroup-de-chicas","status":"publish","type":"post","link":"https:\/\/blogs.hoy.es\/moterosdehoy\/2013\/04\/19\/1500-un-motogroup-de-chicas\/","title":{"rendered":"+1500, un MotoGroup de CHICAS"},"content":{"rendered":"<p style=\"text-align: justify;\">\u00a0 \u00a0En Extremadura ya tenemos un MotoGroup formado por chicas. Se llama \u201c<a title=\"MotoGroup +1500 en Facebook\" href=\"https:\/\/www.facebook.com\/masmil.quinientos?fref=ts\" target=\"_blank\" rel=\"external nofollow\">+1.500<\/a>\u201d y su nombre viene porque ya hab\u00edan rodado juntas m\u00e1s de mil quinientos kil\u00f3metros desde Andaluc\u00eda, donde se inici\u00f3 el grupo y fueron apadrinadas por el\u00a0<a title=\"MotoClub Road Demons\" href=\"http:\/\/www.roaddemonsmc.com\/links-es.html\" target=\"_blank\" rel=\"external nofollow\">MotoClub Road Demons<\/a>\u00a0de Co\u00edn (M\u00e1laga).<\/p>\n<div class=\"mceTemp\"><\/div>\n<div id=\"attachment_689\" style=\"width: 310px\" class=\"wp-caption alignleft\"><a href=\"\/moterosdehoy\/wp-content\/uploads\/sites\/45\/2013\/04\/chicasmasmilquinientologo.jpg\"><img aria-describedby=\"caption-attachment-689\" loading=\"lazy\" class=\"size-medium wp-image-689\" title=\"chicasmasmilquinientologo\" src=\"\/moterosdehoy\/wp-content\/uploads\/sites\/45\/2013\/04\/chicasmasmilquinientologo.jpg\" alt=\"\" width=\"300\" height=\"225\" srcset=\"https:\/\/static-blogs.hoy.es\/wp-content\/uploads\/sites\/45\/2013\/04\/chicasmasmilquinientologo.jpg 800w, https:\/\/static-blogs.hoy.es\/wp-content\/uploads\/sites\/45\/2013\/04\/chicasmasmilquinientologo-300x225.jpg 300w, https:\/\/static-blogs.hoy.es\/wp-content\/uploads\/sites\/45\/2013\/04\/chicasmasmilquinientologo-768x576.jpg 768w\" sizes=\"(max-width: 300px) 100vw, 300px\" \/><\/a><p id=\"caption-attachment-689\" class=\"wp-caption-text\">Chicas del MotoGroup +1500<\/p><\/div>\n<p style=\"text-align: justify;\">\u00a0 \u00a0El MotoGroup actualmente est\u00e1 formado por ocho socias y unas diez simpatizantes m\u00e1s del grupo, que salen a rodar con ellas de vez en cuando. Entre sus motos hay un poco de todo, siendo la moto de mayor cilindrada una Harley Davidson de 1200 cc y la menor una de 250 cc, pasando entre ellas por nada menos que una\u00a0<a title=\"Im\u00e1genes de Yamaha R-1\" href=\"https:\/\/www.google.es\/search?q=Yamaha+R-1&#038;hl=es&#038;client=firefox-a&#038;hs=a40&#038;rls=org.mozilla:es-ES:official&#038;channel=rcs&#038;tbm=isch&#038;tbo=u&#038;source=univ&#038;sa=X&#038;ei=t61lUZPcGYzY7Ab0pYCoAQ&#038;ved=0CDAQsAQ&#038;biw=1280&#038;bih=699\" target=\"_blank\" rel=\"external nofollow\">Yamaha R-1<\/a>.<\/p>\n<p style=\"text-align: justify;\">\u00a0\u00a0\u00a0\u00a0 En la actualidad las presidencias se encuentran regentadas por \u00c1ngela en Extremadura, con una\u00a0<a title=\"Im\u00e1genes de Yamaha Midnight Star 950\" href=\"https:\/\/www.google.es\/search?q=Yamaha+Midnight+Star+950+cc&#038;hl=es&#038;client=firefox-a&#038;hs=rkL&#038;rls=org.mozilla:es-ES:official&#038;channel=rcs&#038;tbm=isch&#038;tbo=u&#038;source=univ&#038;sa=X&#038;ei=7q1lUdDvNYOYhQesn4CgBQ&#038;ved=0CDAQsAQ&#038;biw=1280&#038;bih=699\" target=\"_blank\" rel=\"external nofollow\">Yamaha Midnight Star 950 cc<\/a>\u00a0y en Andaluc\u00eda Juani, con una\u00a0<a title=\"Im\u00e1genes de Harley Davidson Sportster 1200\" href=\"https:\/\/www.google.es\/search?q=Harley-Davidson+Sportster+1200+cc&#038;hl=es&#038;client=firefox-a&#038;hs=H60&#038;rls=org.mozilla:es-ES:official&#038;channel=rcs&#038;tbm=isch&#038;tbo=u&#038;source=univ&#038;sa=X&#038;ei=IK5lUYigBYKJhQe1soHwDA&#038;ved=0CDoQsAQ&#038;biw=1280&#038;bih=699\" target=\"_blank\" rel=\"external nofollow\">Harley<strong>&#8211;<\/strong>Davidson Sportster\u00a01200 cc<\/a>. Como se puede apreciar estas chicas se han tomado en serio lo de rodar en carretera.<\/p>\n<p style=\"text-align: justify;\">\u00a0\u00a0\u00a0 Entre las condiciones para poder llegar a formar parte del actual MotoGroup, es por supuesto ser una chica, independientemente de la edad, con una motocicleta de cilindrada m\u00ednima de 250 cc., lo que ya obliga a que tenga permiso de conducci\u00f3n de motocicletas. Adem\u00e1s el nombre del MotoGroup ya indica que para formar parte como socia, es condici\u00f3n indispensable haber rodado juntas al menos mil quinientos kil\u00f3metros.<\/p>\n<p style=\"text-align: justify;\"><strong>\u00a0\u00a0 El pr\u00f3ximo mes de mayo cumplen <!--more-->un a\u00f1o como Asociaci\u00f3n motera y como MotoGroup dos a\u00f1os. Han decidido hacer una fiesta en la que puedan asistir moteros y moteras del mayor n\u00famero de sitios posibles. Tendr\u00e1 lugar en\u00a0<a title=\"Badajoz en Wikipedia\" href=\"http:\/\/es.wikipedia.org\/wiki\/Badajoz\" target=\"_blank\" rel=\"external nofollow\">Badajoz<\/a>\u00a0el 8 de junio<\/strong>, en cuanto tenga m\u00e1s datos del evento har\u00e9 una entrada para darlo a conocer.<\/p>\n<p style=\"text-align: justify;\">\u00a0\u00a0 Para que os hag\u00e1is una idea de la buena concienciaci\u00f3n motera que tienen, en su primer evento ya han mirado de no coincidir con fiestas moteras cercanas para no separar posibles asistentes, insertando dicha fiesta en el calendario del Comit\u00e9 de Motoclub\u00b4s a nivel nacional.<\/p>\n<p style=\"text-align: justify;\">\u00a0\u00a0\u00a0 Para todas las chicas que quieran informaci\u00f3n sobre este MG tienen p\u00e1gina en el\u00a0Facebook\u00a0\u201c<a title=\"MotoGroup +1500 en Facebook\" href=\"https:\/\/www.facebook.com\/masmil.quinientos?fref=ts\" target=\"_blank\" rel=\"external nofollow\">Masmil Quinientos<\/a>\u201d o bien en el correo electr\u00f3nico\u00a0<a href=\"mailto:mas1500moto@gmail.com\" target=\"_blank\">mas1500moto@gmail.com<\/a>\u00a0o la sede oficial que est\u00e1 en Badajoz en el Doctor Who en\u00a0C\/ Jacinto Lobato, 27\u00a0, donde Felicia, Tesorera del club informar\u00e1 de todo lo necesario.<\/p>\n<p style=\"text-align: justify;\">\u00a0\u00a0 En cuanto tenga informaci\u00f3n y cartel sobre su evento del 8 de junio, lo dar\u00e9 a conocer.<\/p>\n<p style=\"text-align: justify;\">\u00a0<strong>\u00a0\u00a0<a title=\"Enlace al facebook de Moteros de Hoy\" href=\"https:\/\/www.facebook.com\/moteroshoy?ref=hl\" target=\"_blank\" rel=\"external nofollow\">Saludos y r\u00e1fagas<\/a>.<\/strong><\/p>\n<!-- AddThis Advanced Settings generic via filter on the_content --><!-- AddThis Share Buttons generic via filter on the_content -->","protected":false},"excerpt":{"rendered":"<p>\u00a0 \u00a0En Extremadura ya tenemos un MotoGroup formado por chicas. Se llama \u201c+1.500\u201d y su nombre viene porque ya hab\u00edan rodado juntas m\u00e1s de mil quinientos kil\u00f3metros desde Andaluc\u00eda, donde se inici\u00f3 el grupo y fueron apadrinadas por el\u00a0MotoClub Road Demons\u00a0de Co\u00edn (M\u00e1laga). \u00a0 \u00a0El MotoGroup actualmente est\u00e1 formado por ocho socias y unas diez [&hellip;]<!-- AddThis Advanced Settings generic via filter on get_the_excerpt --><!-- AddThis Share Buttons generic via filter on get_the_excerpt --><\/p>\n","protected":false},"author":49,"featured_media":0,"comment_status":"open","ping_status":"closed","sticky":false,"template":"","format":"standard","meta":[],"categories":[13],"tags":[163,588,614,615,616,622,629,661],"_links":{"self":[{"href":"https:\/\/blogs.hoy.es\/moterosdehoy\/wp-json\/wp\/v2\/posts\/687"}],"collection":[{"href":"https:\/\/blogs.hoy.es\/moterosdehoy\/wp-json\/wp\/v2\/posts"}],"about":[{"href":"https:\/\/blogs.hoy.es\/moterosdehoy\/wp-json\/wp\/v2\/types\/post"}],"author":[{"embeddable":true,"href":"https:\/\/blogs.hoy.es\/moterosdehoy\/wp-json\/wp\/v2\/users\/49"}],"replies":[{"embeddable":true,"href":"https:\/\/blogs.hoy.es\/moterosdehoy\/wp-json\/wp\/v2\/comments?post=687"}],"version-history":[{"count":0,"href":"https:\/\/blogs.hoy.es\/moterosdehoy\/wp-json\/wp\/v2\/posts\/687\/revisions"}],"wp:attachment":[{"href":"https:\/\/blogs.hoy.es\/moterosdehoy\/wp-json\/wp\/v2\/media?parent=687"}],"wp:term":[{"taxonomy":"category","embeddable":true,"href":"https:\/\/blogs.hoy.es\/moterosdehoy\/wp-json\/wp\/v2\/categories?post=687"},{"taxonomy":"post_tag","embeddable":true,"href":"https:\/\/blogs.hoy.es\/moterosdehoy\/wp-json\/wp\/v2\/tags?post=687"}],"curies":[{"name":"wp","href":"https:\/\/api.w.org\/{rel}","templated":true}]}}