{"id":702,"date":"2013-04-29T22:38:05","date_gmt":"2013-04-29T22:38:05","guid":{"rendered":"http:\/\/blogs.hoy.es\/moterosdehoy\/?p=695"},"modified":"2013-04-29T22:38:05","modified_gmt":"2013-04-29T22:38:05","slug":"xvi-concentracion-motera-serranitos","status":"publish","type":"post","link":"https:\/\/blogs.hoy.es\/moterosdehoy\/2013\/04\/29\/xvi-concentracion-motera-serranitos\/","title":{"rendered":"XVI Concentraci\u00f3n motera Serranitos"},"content":{"rendered":"<p style=\"text-align: justify;\">\u00a0 \u00a0Ya por\u00a0dieciseisava ocasi\u00f3n la <strong>pe\u00f1a motera &#8220;Los Vendios&#8221;<\/strong>\u00a0\u00a0ha programado la <strong>CONCENTRACI\u00d3N MOTERA SERRANITOS<\/strong>, que tendr\u00e1 lugar el fin de semana del <strong>24 al 26 de mayo<\/strong>, como no en su localidad <strong><a title=\"Fregenal de la Sierra en wikipedia\" href=\"http:\/\/es.wikipedia.org\/wiki\/Fregenal_de_la_Sierra\" target=\"_blank\" rel=\"external nofollow\">Fregenal de la Sierra<\/a><\/strong> (<a title=\"Turismo en Badajoz\" href=\"http:\/\/www.turismobadajoz.es\/\" target=\"_blank\" rel=\"external nofollow\">Badajoz<\/a>).<\/p>\n<div id=\"attachment_696\" style=\"width: 224px\" class=\"wp-caption alignleft\"><a href=\"\/moterosdehoy\/wp-content\/uploads\/sites\/45\/2013\/04\/2013-05-23-Serranitos.jpg\"><img aria-describedby=\"caption-attachment-696\" loading=\"lazy\" class=\"size-medium wp-image-696\" title=\"2013-05-23 Serranitos\" src=\"\/moterosdehoy\/wp-content\/uploads\/sites\/45\/2013\/04\/2013-05-23-Serranitos.jpg\" alt=\"\" width=\"214\" height=\"300\" \/><\/a><p id=\"caption-attachment-696\" class=\"wp-caption-text\">Cartel de la concentraci\u00f3n<\/p><\/div>\n<p style=\"text-align: justify;\">\u00a0 \u00a0Para ello han organizado un fin de semana repleto de actividades, con un programa pensado por moteros y para moteros con el fin de que disfrut\u00e9is lo m\u00e1ximo posible de las motos, de su localidad y su gente, que como en ediciones anteriores de seguro que se volcar\u00e1n con el evento.<\/p>\n<p style=\"text-align: justify;\">\u00a0 \u00a0 En concreto tienen previsto:<\/p>\n<p style=\"text-align: justify;\"><strong>VIERNES, 24 MAYO<\/strong><br \/>\n&#8211;<strong>21:00<\/strong> horas. Apertura de inscripciones en la carpa del Paseo de la Constituci\u00f3n, con acampada gratuita y vigilada en el Complejo Deportivo Municipal.<br \/>\n&#8211;<strong>22:00<\/strong> horas. Parrillada gratuita en la carpa del Paseo de la Constituci\u00f3n. Servicio de barra con buena m\u00fasica.<\/p>\n<p style=\"text-align: justify;\"><strong>S\u00c1BADO, 25 MAYO<\/strong><br \/>\n&#8211;<strong>11:00<\/strong> horas. Apertura de inscripciones en la carpa del Paseo de la Constituci\u00f3n.<br \/>\n&#8211;<strong>15:00<\/strong> horas. Paella gratuita en la carpa del Paseo de la Constituci\u00f3n para todos los inscritos. Servicio de bar con m\u00fasica y buen ambiente.<br \/>\n&#8211;<strong>18:30<\/strong> horas. Arrancada al unisono de motos y comienzo de la ruta baritima-turistica por la zona, con copitas y abundante tapeo ib\u00e9rico en varias paradas.<br \/>\n&#8211;<strong>22:30<\/strong> horas. Cena con serranitos ib\u00e9ricos en el <a title=\"Complejo Mallorca\" href=\"http:\/\/www.paginasamarillas.es\/fichas\/ig\/complejo-mallorca_198342438_000000001.html\" target=\"_blank\" rel=\"external nofollow\">Complejo Mallorca<\/a>.<br \/>\n&#8211;<strong>00:00<\/strong> horas. Fiesta motera en la carpa de la concentraci\u00f3n del Paseo de la Constituci\u00f3n durante toda la noche con DJ, animaci\u00f3n y show er\u00f3tico mixto, hasta altas horas de la madrugada.<\/p>\n<p style=\"text-align: justify;\"><strong>DOMINGO, 26 MAYO<\/strong><br \/>\n-De<strong> 9:00 a 11:30<\/strong> horas. Desayuno con churros o tostadas en <!--more-->Churrer\u00eda-Chocolater\u00eda Los Remedios en el Jardin.<br \/>\n&#8211;<strong>10:30<\/strong> horas. Aperturas de inscripciones en la carpa del Paseo de la Constituci\u00f3n.<br \/>\n&#8211;<strong>12:00<\/strong> horas. Ruta tur\u00edstica-bar\u00edtima por la zona con copitas (refrescos, cervezas) y abundante tapeo ib\u00e9rico en diferentes paradas.<br \/>\n&#8211;<strong>15:00<\/strong> horas. Comida motera en Complejo Mallorca con bebida, ensalada, 1\u00ba plato, 2\u00ba plato y postre. Durante la comida se har\u00e1 la entrega de los trofeos y se degustaran dulces t\u00edpicos del pueblo ofrecidos por Dulcer\u00eda Risco.<\/p>\n<p style=\"text-align: justify;\">Entre los TROFEOS, habr\u00e1:<\/p>\n<p style=\"text-align: justify;\">-Al motero m\u00e1s lejano.<br \/>\n-Al motero m\u00e1s joven.<br \/>\n-Al motero de m\u00e1s edad.<br \/>\n-Al moto-club con m\u00e1s inscritos.<br \/>\n-Al 2\u00ba moto-club con m\u00e1s inscritos.<br \/>\n-Al 3\u00ba moto-club con m\u00e1s inscritos.<br \/>\n-A la moto m\u00e1s antigua documentada.<br \/>\n-Al moto-club internacional con m\u00e1s inscritos.<br \/>\n-Al 2\u00ba moto-club internacional con m\u00e1s inscritos.<br \/>\n-Miss concentraci\u00f3n.<br \/>\n-Mister concentraci\u00f3n.<br \/>\n-Trofeo Serranitos.<\/p>\n<p style=\"text-align: justify;\">\u00a0 \u00a0 Tras la comida se realizar\u00e1 la despedida y cierre de la concentraci\u00f3n.<\/p>\n<p style=\"text-align: justify;\">\u00a0 \u00a0A la hora de realizar la inscripci\u00f3n podr\u00e1s optar por varias modalidades, dependiendo de que puedas estar todo el fin de semana, solo el s\u00e1bado o solo el domingo, con los siguientes precios:<\/p>\n<p style=\"text-align: justify;\">Fin de semana o s\u00e1bado y domingo: 28 euros<br \/>\nS\u00e1bado: 15 euros Domingo: 17 euros<\/p>\n<p style=\"text-align: justify;\"><strong>Con la inscripci\u00f3n va incluida:<\/strong><br \/>\n-Copa de bienvenida.<br \/>\n-Bolsa de regalo (camisetas, pin, etc)<br \/>\n-Acampada vigilada en c\u00e9sped a la sombra, ba\u00f1os y duchas con agua caliente.<br \/>\n-Parrillada del Viernes.<br \/>\n-Paella del S\u00e1bado mediod\u00eda.<br \/>\n-Rutas S\u00e1bado y Domingo, 7 paradas con copa y degustaci\u00f3n de productos ib\u00e9ricos.<br \/>\n-Cena del S\u00e1bado en Complejo Mallorca con serranitos ib\u00e9ricos, bebida y helado.<br \/>\n-Fiesta motera en la carpa de la concentraci\u00f3n con m\u00fasica y show \u00e9rotico masculino y femenino.<br \/>\n-Desayuno del Domingo<br \/>\n-Comida del domingo en Complejo Mallorca con ensalada, primer y segundo plato, helado y bebida.<br \/>\n-Degustaci\u00f3n de pasteles t\u00edpicos de la zona.<br \/>\n-Trofeos y regalos.<\/p>\n<p style=\"text-align: justify;\">\u00a0 \u00a0Si quieres m\u00e1s datos sobre la concentraci\u00f3n te puedes poner en contacto con los tel\u00e9fonos: 615.302.947 (Luis) \u2013 615.302.467 (Alberto) \u2013 609.988.425 (Narciso), o a trav\u00e9s de sus correos electr\u00f3nicos: losvendios@hotmail.com &#8212; losvendios@yahoo.es &#8212;<\/p>\n<p style=\"text-align: justify;\">\u00a0 \u00a0Por si tienes pensado buscar alojamiento aqu\u00ed te dejo enlaces a los distintos lugares disponibles en Fregenal y alrededores:<br \/>\n&#8211; <a title=\"Albergue Nert\u00f3briga\" href=\"http:\/\/fregenal-de-la-sierra.salir.com\/albergue_nertobriga\" target=\"_blank\" rel=\"external nofollow\">Albergue Nert\u00f3briga<\/a><br \/>\n&#8211; <a title=\"Hotel Sierra Fregenal\" href=\"http:\/\/www.hotelsierrafregenal.com\/\" target=\"_blank\" rel=\"external nofollow\">Hotel Sierra Fregenal<\/a> **<br \/>\n&#8211; <a title=\"Hotel Cristina\" href=\"http:\/\/www.hotelcristinafregenal.com\/\" target=\"_blank\" rel=\"external nofollow\">Hotel Cristina<\/a> ***<br \/>\n&#8211; <a title=\"Hotel rural La Fontanilla\" href=\"http:\/\/www.la-fontanilla.es\/\" target=\"_blank\" rel=\"external nofollow\">Hotel rural La Fontanilla<\/a><br \/>\n&#8211; <a title=\"Casa rural El Lucio\" href=\"http:\/\/www.el-lucio.com\/\" target=\"_blank\" rel=\"external nofollow\">Casa rural El Lucio<\/a><br \/>\n&#8211; <a title=\"Hotel La Ch\u00e1cara\" href=\"http:\/\/www.alextur.net\/hotel\/chacara.html\" target=\"_blank\" rel=\"external nofollow\">Hotel La Ch\u00e1cara<\/a> (a 5 km en Higuera la Real)<br \/>\n&#8211; <a title=\"Hostal Hern\u00e1ndez\" href=\"http:\/\/www.infohostal.com\/guia\/badajoz\/higuera-la-real\/alojamiento\/2257\/hostal-hernandez.html\" target=\"_blank\" rel=\"external nofollow\">Hostal Hern\u00e1ndez<\/a> (a 5 km en Higuera la Real)<\/p>\n<p style=\"text-align: justify;\"><strong><a title=\"Enlace al facebook de Moteros de Hoy\" href=\"https:\/\/www.facebook.com\/moteroshoy?ref=hl\" target=\"_blank\" rel=\"external nofollow\">Saludos y r\u00e1fagas<\/a><\/strong>.<\/p>\n<p style=\"text-align: justify;\">\n<!-- AddThis Advanced Settings generic via filter on the_content --><!-- AddThis Share Buttons generic via filter on the_content -->","protected":false},"excerpt":{"rendered":"<p>\u00a0 \u00a0Ya por\u00a0dieciseisava ocasi\u00f3n la pe\u00f1a motera &#8220;Los Vendios&#8221;\u00a0\u00a0ha programado la CONCENTRACI\u00d3N MOTERA SERRANITOS, que tendr\u00e1 lugar el fin de semana del 24 al 26 de mayo, como no en su localidad Fregenal de la Sierra (Badajoz). \u00a0 \u00a0Para ello han organizado un fin de semana repleto de actividades, con un programa pensado por moteros [&hellip;]<!-- AddThis Advanced Settings generic via filter on get_the_excerpt --><!-- AddThis Share Buttons generic via filter on get_the_excerpt --><\/p>\n","protected":false},"author":49,"featured_media":0,"comment_status":"open","ping_status":"closed","sticky":false,"template":"","format":"standard","meta":[],"categories":[13],"tags":[208,622,629,639,641,903,1034],"_links":{"self":[{"href":"https:\/\/blogs.hoy.es\/moterosdehoy\/wp-json\/wp\/v2\/posts\/702"}],"collection":[{"href":"https:\/\/blogs.hoy.es\/moterosdehoy\/wp-json\/wp\/v2\/posts"}],"about":[{"href":"https:\/\/blogs.hoy.es\/moterosdehoy\/wp-json\/wp\/v2\/types\/post"}],"author":[{"embeddable":true,"href":"https:\/\/blogs.hoy.es\/moterosdehoy\/wp-json\/wp\/v2\/users\/49"}],"replies":[{"embeddable":true,"href":"https:\/\/blogs.hoy.es\/moterosdehoy\/wp-json\/wp\/v2\/comments?post=702"}],"version-history":[{"count":0,"href":"https:\/\/blogs.hoy.es\/moterosdehoy\/wp-json\/wp\/v2\/posts\/702\/revisions"}],"wp:attachment":[{"href":"https:\/\/blogs.hoy.es\/moterosdehoy\/wp-json\/wp\/v2\/media?parent=702"}],"wp:term":[{"taxonomy":"category","embeddable":true,"href":"https:\/\/blogs.hoy.es\/moterosdehoy\/wp-json\/wp\/v2\/categories?post=702"},{"taxonomy":"post_tag","embeddable":true,"href":"https:\/\/blogs.hoy.es\/moterosdehoy\/wp-json\/wp\/v2\/tags?post=702"}],"curies":[{"name":"wp","href":"https:\/\/api.w.org\/{rel}","templated":true}]}}