{"id":706,"date":"2013-05-06T16:45:25","date_gmt":"2013-05-06T16:45:25","guid":{"rendered":"http:\/\/blogs.hoy.es\/moterosdehoy\/?p=701"},"modified":"2013-05-06T16:45:25","modified_gmt":"2013-05-06T16:45:25","slug":"i-convivencia-motoclubs-y-free-bikers-comarcas-de-la-vera-y-tietar","status":"publish","type":"post","link":"https:\/\/blogs.hoy.es\/moterosdehoy\/2013\/05\/06\/i-convivencia-motoclubs-y-free-bikers-comarcas-de-la-vera-y-tietar\/","title":{"rendered":"I Convivencia Motera Solidaria, comarcas de la VERA y TIETAR"},"content":{"rendered":"<div style=\"text-align: justify;\">\u00a0 \u00a0Tras la buena acogida que tuvo el <a title=\"I Encuentro motero solidario\" href=\"https:\/\/blogs.hoy.es\/moterosdehoy\/2012\/11\/28\/i-encuentro-motero-solidario-ciudad-de-badajoz\/\" target=\"_blank\">I Encuentro Motero Solidario Ciudad de Badajoz<\/a> en el pasado mes de diciembre, tanto por la gran afluencia de moteros que quisieron colaborar solidariamente, como el gran esfuerzo que realizaron todos los colaboradores, adem\u00e1s de la gran uni\u00f3n que proporcion\u00f3 entre todos los <a title=\"MotoClub en wikipedia\" href=\"http:\/\/es.wikipedia.org\/wiki\/Motoclub\" target=\"_blank\" rel=\"external nofollow\">MotoClubs<\/a> y Pe\u00f1as Moteras que se implicaron. En la zona norte de <a title=\"C\u00e1ceres en wikipedia\" href=\"http:\/\/es.wikipedia.org\/wiki\/C%C3%A1ceres\" target=\"_blank\" rel=\"external nofollow\">C\u00e1ceres<\/a> han tomado nota y van a realizar su <strong>I Convivencia MotoClubs y Free Bikers, en la comarca de la Vera y Tietar<\/strong>, para unirse entre todos ellos y como no, con un fin solidario, lo cual unir\u00e1 m\u00e1s a\u00fan.<\/div>\n<div style=\"text-align: justify;\"><\/div>\n<div style=\"text-align: justify;\"><a href=\"\/moterosdehoy\/wp-content\/uploads\/sites\/45\/2013\/05\/MOTO3.jpg\"><img loading=\"lazy\" class=\"alignleft size-medium wp-image-702\" title=\"MOTO3\" src=\"\/moterosdehoy\/wp-content\/uploads\/sites\/45\/2013\/05\/MOTO3.jpg\" alt=\"\" width=\"300\" height=\"291\" \/><\/a>\u00a0 \u00a0Para ello el d\u00eda <strong>12 de mayo<\/strong> de 2.013 de la mano del MotoGroup <a title=\"CUSTRATUR M.G. Motorcycles\" href=\"http:\/\/custratur.blogspot.com.es\/\" target=\"_blank\" rel=\"external nofollow\">CUSTRATUR<\/a> se dar\u00e1 el pistoletazo con una reuni\u00f3n motera en Jara\u00edz de la Vera, que tendr\u00e1 lugar tras una ruta por la Vera. La citada reuni\u00f3n tiene como objetivo hermanar a los moteros de la zona de la Vera y el Campo Ara\u00f1uelo, adem\u00e1s de informar a los asistentes sobre el evento nacional del d\u00eda 16 de junio en Plasencia para la recogida de alimentos.<\/div>\n<div style=\"text-align: justify;\"><\/div>\n<div style=\"text-align: justify;\">\u00a0 \u00a0 En la <strong>programaci\u00f3n<\/strong> para el <strong>domingo d\u00eda 12 de mayo:<\/strong><\/div>\n<div style=\"text-align: justify;\"><\/div>\n<div style=\"text-align: justify;\">\u00a0 \u00a0<strong style=\"font-family: Calibri;\">1<\/strong><span style=\"font-family: Calibri;\">\u00ba- Primer punto de partida en <a title=\"Ayuntamiento de Talayuela\" href=\"http:\/\/www.talayuela.es\/\" target=\"_blank\" rel=\"external nofollow\">Talayuela<\/a> a las <strong>09:30 h<\/strong>. Saldr\u00e1n desde la gasolinera, con direcci\u00f3n a Jara\u00edz de la Vera para salir a las <strong>10:00 h<\/strong>. de la Plaza de Santa Ana, direcci\u00f3n <a title=\"Ayuntamiento de Cuacos de Yuste\" href=\"http:\/\/www.cuacosdeyuste.es\/\" target=\"_blank\" rel=\"external nofollow\">Cuacos de Yuste<\/a>, donde llegar\u00e1n sobre las <\/span><span style=\"font-family: Calibri;\"><strong>10:30 h<\/strong>. All\u00ed los moteros del Club Imperial dar\u00e1n su acogida en la Plaza Mayor y en el Bar motero La Posada, ofreciendo su apoyo solidario y dulces t\u00edpicos de la zona (la bebida se pagara cada uno\u00a0la suya).<\/span><\/div>\n<div style=\"text-align: justify;\"><\/div>\n<div style=\"text-align: justify;\"><span style=\"font-family: Calibri;\"><strong>\u00a0 \u00a02<\/strong>\u00ba- Sobre las <strong>11:00 h<\/strong>, partir\u00e1n direcci\u00f3n <a title=\"Ayuntamiento de Losar de la Vera\" href=\"http:\/\/www.losardelavera.es\/\" target=\"_blank\" rel=\"external nofollow\">Losar de la Vera<\/a> donde en el Bar motero La Pecera, ofrecer\u00e1n sus variadas tapas y esperar\u00e1n a los moteros de la Vera Alta, adem\u00e1s de todos aquellos amigos que deseen participar.<!--more--><\/span><\/div>\n<div style=\"text-align: justify;\"><\/div>\n<div style=\"text-align: justify;\"><span style=\"font-family: Calibri;\"><strong>\u00a0 \u00a03\u00ba- <\/strong>Partir\u00e1n de Losar de la Vera hacia Jara\u00edz de la Vera, ruta en la que de seguro se unir\u00e1n m\u00e1s moteros.<\/span><\/div>\n<div style=\"text-align: justify;\"><\/div>\n<div style=\"text-align: justify;\"><span style=\"font-family: Calibri;\"><strong>\u00a0 \u00a04<\/strong>\u00ba- Sobre las 13:00 h, llegar\u00e1n al cine Avenida de Jara\u00edz, donde estacionar\u00e1n en la calle peatonal lo mejor posible para permitir la buena fluidez de la calle y mostrar respeto a los dem\u00e1s visitantes.<\/span><\/div>\n<div style=\"text-align: justify;\"><\/div>\n<div style=\"text-align: justify;\"><span style=\"font-family: Calibri;\"><strong>\u00a0 \u00a05<\/strong>\u00ba- Acto institucional, presentaci\u00f3n e informaci\u00f3n del evento del d\u00eda, actos solidarios y plataforma de futuro. Voces de los Clubs e informaci\u00f3n del evento nacional de la recogida de alimentos del 16 de junio en Plasencia. Agradecimientos y clausura de la convivencia para disfrutar de la jornada.<\/span><\/div>\n<div style=\"text-align: justify;\"><\/div>\n<div style=\"text-align: justify;\"><span style=\"font-family: Calibri;\"><strong>\u00a0 \u00a0<\/strong>Para finalizar habr\u00e1n unos aperitivos en los que cada cual abonar\u00e1 lo que consuma de bebida, para as\u00ed engordar lo que se pueda recaudar para el acto del domingo 16 de junio en <a title=\"Ayuntamiento de Plasencia\" href=\"http:\/\/www.plasencia.es\/web\/index.php?option=com_content&#038;view=article&#038;id=3\" target=\"_blank\" rel=\"external nofollow\">Plasencia<\/a>, con lo cual el asistir y tomar algo ya hace part\u00edcipes de colaboraci\u00f3n, dando un golpe maestro a esa necesidad b\u00e1sica, &#8220;EL HAMBRE&#8221;. Para mayor informaci\u00f3n <a title=\"Enlace a la p\u00e1gina Moteros de Hoy\" href=\"http:\/\/www.moterosdehoy.es\/2013\/05\/06\/i-convivencia-motoclubs-y-free-bikers-comarcas-de-la-vera-y-tietar\/\" target=\"_blank\" rel=\"external nofollow\">pulsar aqu\u00ed<\/a>.<\/span><\/div>\n<div style=\"text-align: justify;\"><\/div>\n<div style=\"text-align: justify;\"><strong>\u00a0 \u00a0<a title=\"Enlace al facebook de Moteros de Hoy\" href=\"https:\/\/www.facebook.com\/moterosdehoy\" target=\"_blank\" rel=\"external nofollow\">Saludos y r\u00e1fagas<\/a>.<\/strong><\/div>\n<!-- AddThis Advanced Settings generic via filter on the_content --><!-- AddThis Share Buttons generic via filter on the_content -->","protected":false},"excerpt":{"rendered":"<p>\u00a0 \u00a0Tras la buena acogida que tuvo el I Encuentro Motero Solidario Ciudad de Badajoz en el pasado mes de diciembre, tanto por la gran afluencia de moteros que quisieron colaborar solidariamente, como el gran esfuerzo que realizaron todos los colaboradores, adem\u00e1s de la gran uni\u00f3n que proporcion\u00f3 entre todos los MotoClubs y Pe\u00f1as Moteras [&hellip;]<!-- AddThis Advanced Settings generic via filter on get_the_excerpt --><!-- AddThis Share Buttons generic via filter on get_the_excerpt --><\/p>\n","protected":false},"author":49,"featured_media":0,"comment_status":"open","ping_status":"closed","sticky":false,"template":"","format":"standard","meta":[],"categories":[13],"tags":[470,622,629,639,641],"_links":{"self":[{"href":"https:\/\/blogs.hoy.es\/moterosdehoy\/wp-json\/wp\/v2\/posts\/706"}],"collection":[{"href":"https:\/\/blogs.hoy.es\/moterosdehoy\/wp-json\/wp\/v2\/posts"}],"about":[{"href":"https:\/\/blogs.hoy.es\/moterosdehoy\/wp-json\/wp\/v2\/types\/post"}],"author":[{"embeddable":true,"href":"https:\/\/blogs.hoy.es\/moterosdehoy\/wp-json\/wp\/v2\/users\/49"}],"replies":[{"embeddable":true,"href":"https:\/\/blogs.hoy.es\/moterosdehoy\/wp-json\/wp\/v2\/comments?post=706"}],"version-history":[{"count":0,"href":"https:\/\/blogs.hoy.es\/moterosdehoy\/wp-json\/wp\/v2\/posts\/706\/revisions"}],"wp:attachment":[{"href":"https:\/\/blogs.hoy.es\/moterosdehoy\/wp-json\/wp\/v2\/media?parent=706"}],"wp:term":[{"taxonomy":"category","embeddable":true,"href":"https:\/\/blogs.hoy.es\/moterosdehoy\/wp-json\/wp\/v2\/categories?post=706"},{"taxonomy":"post_tag","embeddable":true,"href":"https:\/\/blogs.hoy.es\/moterosdehoy\/wp-json\/wp\/v2\/tags?post=706"}],"curies":[{"name":"wp","href":"https:\/\/api.w.org\/{rel}","templated":true}]}}