{"id":716,"date":"2013-05-13T16:40:14","date_gmt":"2013-05-13T16:40:14","guid":{"rendered":"http:\/\/blogs.hoy.es\/moterosdehoy\/?p=716"},"modified":"2013-05-13T16:40:14","modified_gmt":"2013-05-13T16:40:14","slug":"ii-kedada-del-ba","status":"publish","type":"post","link":"https:\/\/blogs.hoy.es\/moterosdehoy\/2013\/05\/13\/ii-kedada-del-ba\/","title":{"rendered":"II Kedada del B\u00e1"},"content":{"rendered":"<p style=\"text-align: justify;\">\u00a0 \u00a0 El pasado d\u00eda 12 de mayo 2013, tuvo lugar la segunda quedada motera del B\u00e1 de Fran, y como en edici\u00f3n anterior adem\u00e1s de ser todo un \u00e9xito por afluencia de moteros, tambi\u00e9n lo fue por el buen comportamiento de todos los que acudieron para pasar un buen d\u00eda de camarader\u00eda entre amigos. Si quieres ver <strong><a title=\"Fotos de la II Kedada motera del B\u00e1\" href=\"http:\/\/www.hoy.es\/multimedia\/fotos\/ultimos\/120425-kedada-motera-fran-0.html\" target=\"_blank\" rel=\"external nofollow\">fotos, haz clic aqu\u00ed<\/a>\u00a0<\/strong>y si para ver un\u00a0<strong><a title=\"V\u00eddeo de la II Kedada del B\u00e1\" href=\"https:\/\/www.youtube.com\/watch?feature=player_embedded&#038;v=Y09hASCRkQQ\" target=\"_blank\" rel=\"external nofollow\">v\u00eddeo\u00a0 haz clic aqu\u00ed<\/a><\/strong>.<\/p>\n<p style=\"text-align: justify;\"><a href=\"\/moterosdehoy\/wp-content\/uploads\/sites\/45\/2013\/05\/22.jpg\"><img loading=\"lazy\" class=\"alignleft size-medium wp-image-718\" title=\"22\" src=\"\/moterosdehoy\/wp-content\/uploads\/sites\/45\/2013\/05\/22.jpg\" alt=\"\" width=\"300\" height=\"225\" srcset=\"https:\/\/static-blogs.hoy.es\/wp-content\/uploads\/sites\/45\/2013\/05\/22.jpg 3264w, https:\/\/static-blogs.hoy.es\/wp-content\/uploads\/sites\/45\/2013\/05\/22-300x225.jpg 300w, https:\/\/static-blogs.hoy.es\/wp-content\/uploads\/sites\/45\/2013\/05\/22-768x576.jpg 768w, https:\/\/static-blogs.hoy.es\/wp-content\/uploads\/sites\/45\/2013\/05\/22-1024x768.jpg 1024w\" sizes=\"(max-width: 300px) 100vw, 300px\" \/><\/a>\u00a0 \u00a0El lugar de reuni\u00f3n fue en Badajoz, concretamente en el parque de San Fernando donde se encuentra el conocido B\u00e1 de Fran, organizador del evento junto al Sektor Oscuro y <a title=\"VOCS Extremadura en facebook\" href=\"https:\/\/www.facebook.com\/pages\/VOCS-Territorial-Extremadura\/143838512447393?fref=ts\" target=\"_blank\" rel=\"external nofollow\">VOCS Extremadura<\/a>.<\/p>\n<p style=\"text-align: justify;\">\u00a0 \u00a0Todo comenz\u00f3 hace unas semanas cuando tomaban unas cervezas Fran (Scorpio), Jos\u00e9 (Pat\u00e1n) y Tony (<a title=\"Explicaci\u00f3n de donde proviene el sobrenombre\" href=\"http:\/\/picaduramalandra.blogspot.com.es\/2011\/03\/explicacion-del-titulo-del-blog.html\" target=\"_blank\" rel=\"external nofollow\">PicaDura<\/a>) conocido tambi\u00e9n por escribir el presente blog. Junto a ellos me quejaba de la mala organizaci\u00f3n que hay a la hora de poner fechas para los eventos moteros, pues al no existir comit\u00e9 cada cual hace lo que le parece. Sucediendo varias concentraciones en pocos kil\u00f3metros de distancia en un mismo fin de semana y luego transcurren varios sin ninguna.<\/p>\n<p style=\"text-align: justify;\">\u00a0 \u00a0Ah\u00ed Fran coment\u00f3 que ten\u00eda ganas de organizar algo pero peque\u00f1o, para amigos. Yo me ofrec\u00ed a darlo a conocer a trav\u00e9s del blog y me pidi\u00f3 que no, pues el iba a invitar a paella y a ver cuantos iban a aparecer. Jos\u00e9 propuso hacer una ruta, para no quedarnos por Badajoz con las motos. Todo lo dem\u00e1s fue rodando por su propio peso y al final se reunieron cerca de ciento veinte motos.<\/p>\n<p style=\"text-align: justify;\">\u00a0 \u00a0 Partieron a la ruta a las 10:30, tras desayunar en el B\u00e1, donde los m\u00e1s madrugadores fueron invitados a migas. Se pas\u00f3 por <!--more--><a title=\"Valverde de Legan\u00e9s en wikipedia\" href=\"http:\/\/es.wikipedia.org\/wiki\/Valverde_de_Legan%C3%A9s\" target=\"_blank\" rel=\"external nofollow\">Valverde de Legan\u00e9s<\/a>, <a title=\"T\u00e1liga en wikipedia\" href=\"http:\/\/es.wikipedia.org\/wiki\/T%C3%A1liga\" target=\"_blank\" rel=\"external nofollow\">T\u00e1liga<\/a>, <a title=\"Olivenza en wikipedia\" href=\"http:\/\/es.wikipedia.org\/wiki\/Olivenza\" target=\"_blank\" rel=\"external nofollow\">Olivenza<\/a>, donde se agruparon en la explanada del Hotel Herederos y partieron todos juntos a <a title=\"Villarreal en wikipedia\" href=\"http:\/\/es.wikipedia.org\/wiki\/Villarreal_(Badajoz)\" target=\"_blank\" rel=\"external nofollow\">Villarreal<\/a>, donde el Bar Luis obsequi\u00f3 con una parrillada.<\/p>\n<p style=\"text-align: justify;\">\u00a0 \u00a0 Algunos nos acercamos al embarcadero para hacer unas fotos. Es una maravilla contar con enclaves tan bonitos dentro de <a title=\"Extremadura en wikipedia\" href=\"http:\/\/es.wikipedia.org\/wiki\/Extremadura\" target=\"_blank\" rel=\"external nofollow\">Extremadura<\/a> y m\u00e1s tras las lluvias que hemos tenido, dejando a la presa de Alqueva casi al cien por cien de su capacidad.<\/p>\n<p style=\"text-align: justify;\">\u00a0 \u00a0De regreso a <a title=\"Badajoz en wikipedia\" href=\"http:\/\/es.wikipedia.org\/wiki\/Badajoz\" target=\"_blank\" rel=\"external nofollow\">Badajoz<\/a> entramos por <a title=\"Portugal en wikipedia\" href=\"http:\/\/es.wikipedia.org\/wiki\/Portugal\" target=\"_blank\" rel=\"external nofollow\">Portugal<\/a>, donde en la frontera pudimos observar <a title=\"Im\u00e1genes de Puente Ayuda\" href=\"https:\/\/www.google.es\/search?q=puente+ayuda&#038;tbm=isch&#038;tbo=u&#038;source=univ&#038;sa=X&#038;ei=9QmRUfacDvTH7AaC04BA&#038;ved=0CEQQsAQ&#038;biw=1280&#038;bih=699\" target=\"_blank\" rel=\"external nofollow\">Puente Ayuda<\/a>, construido por el Rey portugu\u00e9s Manuel I y parcialmente derribado por los espa\u00f1oles en la <a title=\"Guerra de Sucesi\u00f3n Espa\u00f1ola\" href=\"http:\/\/es.wikipedia.org\/wiki\/Guerra_de_Sucesi%C3%B3n_Espa%C3%B1ola\" target=\"_blank\" rel=\"external nofollow\">Guerra de Sucesi\u00f3n Espa\u00f1ola<\/a>, concretamente en el 1709, doscientos a\u00f1os despu\u00e9s de su construcci\u00f3n. Continuando con la ruta pasamos por <a title=\"Elvas en wikipedia\" href=\"http:\/\/es.wikipedia.org\/wiki\/Elvas\" target=\"_blank\" rel=\"external nofollow\">Elvas<\/a> y de nuevo a Badajoz, donde nos esperaba una paellada en el B\u00e1.<\/p>\n<p style=\"text-align: justify;\">\u00a0 \u00a0 Un d\u00eda completo en uni\u00f3n de los amigos y de la pasi\u00f3n que nos une, LAS MOTOS.<\/p>\n<p style=\"text-align: justify;\"><strong>\u00a0 \u00a0 <a title=\"Moteros de Hoy en facebook\" href=\"https:\/\/www.facebook.com\/moteroshoy?ref=hl\" target=\"_blank\" rel=\"external nofollow\">Saludos y r\u00e1fagas<\/a>.<\/strong><\/p>\n<!-- AddThis Advanced Settings generic via filter on the_content --><!-- AddThis Share Buttons generic via filter on the_content -->","protected":false},"excerpt":{"rendered":"<p>\u00a0 \u00a0 El pasado d\u00eda 12 de mayo 2013, tuvo lugar la segunda quedada motera del B\u00e1 de Fran, y como en edici\u00f3n anterior adem\u00e1s de ser todo un \u00e9xito por afluencia de moteros, tambi\u00e9n lo fue por el buen comportamiento de todos los que acudieron para pasar un buen d\u00eda de camarader\u00eda entre amigos. [&hellip;]<!-- AddThis Advanced Settings generic via filter on get_the_excerpt --><!-- AddThis Share Buttons generic via filter on get_the_excerpt --><\/p>\n","protected":false},"author":49,"featured_media":0,"comment_status":"open","ping_status":"closed","sticky":false,"template":"","format":"standard","meta":[],"categories":[13],"tags":[],"_links":{"self":[{"href":"https:\/\/blogs.hoy.es\/moterosdehoy\/wp-json\/wp\/v2\/posts\/716"}],"collection":[{"href":"https:\/\/blogs.hoy.es\/moterosdehoy\/wp-json\/wp\/v2\/posts"}],"about":[{"href":"https:\/\/blogs.hoy.es\/moterosdehoy\/wp-json\/wp\/v2\/types\/post"}],"author":[{"embeddable":true,"href":"https:\/\/blogs.hoy.es\/moterosdehoy\/wp-json\/wp\/v2\/users\/49"}],"replies":[{"embeddable":true,"href":"https:\/\/blogs.hoy.es\/moterosdehoy\/wp-json\/wp\/v2\/comments?post=716"}],"version-history":[{"count":0,"href":"https:\/\/blogs.hoy.es\/moterosdehoy\/wp-json\/wp\/v2\/posts\/716\/revisions"}],"wp:attachment":[{"href":"https:\/\/blogs.hoy.es\/moterosdehoy\/wp-json\/wp\/v2\/media?parent=716"}],"wp:term":[{"taxonomy":"category","embeddable":true,"href":"https:\/\/blogs.hoy.es\/moterosdehoy\/wp-json\/wp\/v2\/categories?post=716"},{"taxonomy":"post_tag","embeddable":true,"href":"https:\/\/blogs.hoy.es\/moterosdehoy\/wp-json\/wp\/v2\/tags?post=716"}],"curies":[{"name":"wp","href":"https:\/\/api.w.org\/{rel}","templated":true}]}}