{"id":721,"date":"2013-05-14T07:12:50","date_gmt":"2013-05-14T07:12:50","guid":{"rendered":"http:\/\/blogs.hoy.es\/moterosdehoy\/?p=721"},"modified":"2013-05-14T07:12:50","modified_gmt":"2013-05-14T07:12:50","slug":"fiesta-motera-i-aniversario-1500","status":"publish","type":"post","link":"https:\/\/blogs.hoy.es\/moterosdehoy\/2013\/05\/14\/fiesta-motera-i-aniversario-1500\/","title":{"rendered":"Fiesta Motera I Aniversario +1500"},"content":{"rendered":"<p style=\"text-align: justify;\">\u00a0 \u00a0 Hace cosa de un mes comentaba que ya dispon\u00edamos de un <a title=\"Enlace al post del +1500 MG\" href=\"https:\/\/blogs.hoy.es\/moterosdehoy\/2013\/04\/19\/1500-un-motogroup-de-chicas\/\" target=\"_blank\">MotoGroup de chicas<\/a> en Extremadura y hoy las traigo de nuevo, pues van a celebrar su primer aniversario.<\/p>\n<div class=\"mceTemp\" style=\"text-align: justify;\">\n<dl id=\"attachment_722\" class=\"wp-caption alignleft\" style=\"width: 192px;\">\n<dt class=\"wp-caption-dt\"><a href=\"\/moterosdehoy\/wp-content\/uploads\/sites\/45\/2013\/05\/2013-06-08-Badajoz.jpg\"><img loading=\"lazy\" class=\"size-medium wp-image-722\" title=\"2013-06-08 Badajoz\" src=\"\/moterosdehoy\/wp-content\/uploads\/sites\/45\/2013\/05\/2013-06-08-Badajoz.jpg\" alt=\"\" width=\"182\" height=\"300\" srcset=\"https:\/\/static-blogs.hoy.es\/wp-content\/uploads\/sites\/45\/2013\/05\/2013-06-08-Badajoz.jpg 425w, https:\/\/static-blogs.hoy.es\/wp-content\/uploads\/sites\/45\/2013\/05\/2013-06-08-Badajoz-182x300.jpg 182w\" sizes=\"(max-width: 182px) 100vw, 182px\" \/><\/a><\/dt>\n<dd class=\"wp-caption-dd\">Cartel del evento<\/dd>\n<\/dl>\n<\/div>\n<p style=\"text-align: justify;\">\u00a0 \u00a0Para ello \u00a0el pr\u00f3ximo <strong>8 de junio 2013<\/strong>, tendr\u00e1 lugar una <strong>Fiesta Motera 1\u00ba Aniversario de +1.500 MG. <\/strong>El lugar de encuentro ser\u00e1 en el <a title=\"Ubicaci\u00f3n y contacto del Restaurante\" href=\"http:\/\/www.extremadura.com\/social\/pageitem\/cafeteria-restaurante-laguna-seca\" target=\"_blank\" rel=\"external nofollow\">Restaurante Laguna Seca<\/a>, situado en Ronda Norte de Badajoz, con un precio anticrisis para la <strong>inscripci\u00f3n de 6\u20ac<\/strong> y que dar\u00e1 derecho a participar en el siguiente PROGRAMA:<\/p>\n<p style=\"text-align: justify;\">10:00 \u2013 11:00 \u2013 <strong>MIGAS<\/strong> GRATIS, en el lugar de encuentro.<\/p>\n<p style=\"text-align: justify;\">11:00 \u2013 11:30 \u2013 Comenzar\u00e1 una <strong>RUTA<\/strong> por la zona, cuyo itinerario ser\u00e1 <a title=\"Alburquerque en wikipedia\" href=\"http:\/\/es.wikipedia.org\/wiki\/Alburquerque\" target=\"_blank\" rel=\"external nofollow\">Alburquerque<\/a>,\u00a0<a title=\"San Vicente de Alc\u00e1ntara en wikipedia\" href=\"http:\/\/es.wikipedia.org\/wiki\/San_Vicente_de_Alc%C3%A1ntara\" target=\"_blank\" rel=\"external nofollow\">San Vicente de Alc\u00e1ntara<\/a>,\u00a0<a title=\"La Codosera en wikipedia\" href=\"http:\/\/es.wikipedia.org\/wiki\/La_Codosera\" target=\"_blank\" rel=\"external nofollow\">La Codosera<\/a>\u00a0y regreso a Badajoz.<\/p>\n<p style=\"text-align: justify;\">13:00 \u2013 14:00: <strong>PAELLA<\/strong> GRATIS. En la ruta, al abandonar la carretera de La Codosera tomar\u00e1n un tentempi\u00e9 en el Restaurante Castillo de Luna, donde la bebida correr\u00e1 a cuenta de cada uno.<\/p>\n<p style=\"text-align: justify;\">14:00: Vuelta a Badajoz hacia Hollister Club, sito en el Pol\u00edgono el Nevero \u2013 Avda. de Manuel Pi\u00f1ero, 6, donde tendr\u00e1n <strong>BARBACOA<\/strong> y <strong>FIESTA MOTERA<\/strong>.<\/p>\n<p style=\"text-align: justify;\">La inscripci\u00f3n incluye 2 bebidas (refrescos, cerveza) y 2 bocadillos grandes de barbacoa (a elegir) en Hollister Club. Resto de bebidas con precios anti-crisis.<\/p>\n<p style=\"text-align: justify;\">Si est\u00e1s interesado en inscribirte tienes los puntos de venta en el cartel del evento, o puedes ponerte en contacto con ellas por el <a title=\"Enlace al facebook del +1500 MG\" href=\"https:\/\/www.facebook.com\/masmil.quinientos?fref=ts\" target=\"_blank\" rel=\"external nofollow\">facebook del MotoGroup<\/a>.<\/p>\n<p style=\"text-align: justify;\">\u00a0 \u00a0<strong><a title=\"Moteros de Hoy en facebook\" href=\"https:\/\/www.facebook.com\/moterosdehoy\" target=\"_blank\" rel=\"external nofollow\">Saludos y r\u00e1fagas<\/a><\/strong>.<\/p>\n<!-- AddThis Advanced Settings generic via filter on the_content --><!-- AddThis Share Buttons generic via filter on the_content -->","protected":false},"excerpt":{"rendered":"<p>\u00a0 \u00a0 Hace cosa de un mes comentaba que ya dispon\u00edamos de un MotoGroup de chicas en Extremadura y hoy las traigo de nuevo, pues van a celebrar su primer aniversario. Cartel del evento \u00a0 \u00a0Para ello \u00a0el pr\u00f3ximo 8 de junio 2013, tendr\u00e1 lugar una Fiesta Motera 1\u00ba Aniversario de +1.500 MG. El lugar [&hellip;]<!-- AddThis Advanced Settings generic via filter on get_the_excerpt --><!-- AddThis Share Buttons generic via filter on get_the_excerpt --><\/p>\n","protected":false},"author":49,"featured_media":0,"comment_status":"open","ping_status":"closed","sticky":false,"template":"","format":"standard","meta":[],"categories":[13],"tags":[15,16,407,622,629,639,641],"_links":{"self":[{"href":"https:\/\/blogs.hoy.es\/moterosdehoy\/wp-json\/wp\/v2\/posts\/721"}],"collection":[{"href":"https:\/\/blogs.hoy.es\/moterosdehoy\/wp-json\/wp\/v2\/posts"}],"about":[{"href":"https:\/\/blogs.hoy.es\/moterosdehoy\/wp-json\/wp\/v2\/types\/post"}],"author":[{"embeddable":true,"href":"https:\/\/blogs.hoy.es\/moterosdehoy\/wp-json\/wp\/v2\/users\/49"}],"replies":[{"embeddable":true,"href":"https:\/\/blogs.hoy.es\/moterosdehoy\/wp-json\/wp\/v2\/comments?post=721"}],"version-history":[{"count":0,"href":"https:\/\/blogs.hoy.es\/moterosdehoy\/wp-json\/wp\/v2\/posts\/721\/revisions"}],"wp:attachment":[{"href":"https:\/\/blogs.hoy.es\/moterosdehoy\/wp-json\/wp\/v2\/media?parent=721"}],"wp:term":[{"taxonomy":"category","embeddable":true,"href":"https:\/\/blogs.hoy.es\/moterosdehoy\/wp-json\/wp\/v2\/categories?post=721"},{"taxonomy":"post_tag","embeddable":true,"href":"https:\/\/blogs.hoy.es\/moterosdehoy\/wp-json\/wp\/v2\/tags?post=721"}],"curies":[{"name":"wp","href":"https:\/\/api.w.org\/{rel}","templated":true}]}}