{"id":723,"date":"2013-05-17T07:32:16","date_gmt":"2013-05-17T07:32:16","guid":{"rendered":"http:\/\/blogs.hoy.es\/moterosdehoy\/?p=723"},"modified":"2013-05-17T07:32:16","modified_gmt":"2013-05-17T07:32:16","slug":"moteros-responsables","status":"publish","type":"post","link":"https:\/\/blogs.hoy.es\/moterosdehoy\/2013\/05\/17\/moteros-responsables\/","title":{"rendered":"Moteros responsables"},"content":{"rendered":"<p style=\"text-align: justify;\">\u00a0 \u00a0 Estamos en pleno apogeo de concentraciones moteras, quedadas, fiestas, reuniones y un largo etc\u00e9tera de nombres que se le pueden dar a cualquier congregaci\u00f3n de moteros. Ha llegado el buen tiempo, aunque tengamos unos d\u00edas de inestabilidad y todos queremos disfrutar de <strong>nuestra pasi\u00f3n, la moto<\/strong>.<\/p>\n<p style=\"text-align: justify;\"><a href=\"\/moterosdehoy\/wp-content\/uploads\/sites\/45\/2013\/05\/vespa-caballito-rubia.jpg\"><img loading=\"lazy\" class=\"alignleft size-medium wp-image-724\" title=\"vespa-caballito-rubia\" src=\"\/moterosdehoy\/wp-content\/uploads\/sites\/45\/2013\/05\/vespa-caballito-rubia.jpg\" alt=\"Vespa haciendo un caballito\" width=\"300\" height=\"243\" srcset=\"https:\/\/static-blogs.hoy.es\/wp-content\/uploads\/sites\/45\/2013\/05\/vespa-caballito-rubia.jpg 500w, https:\/\/static-blogs.hoy.es\/wp-content\/uploads\/sites\/45\/2013\/05\/vespa-caballito-rubia-300x243.jpg 300w\" sizes=\"(max-width: 300px) 100vw, 300px\" \/><\/a>\u00a0 \u00a0Por un lado est\u00e1n las mega-concentraciones como la que llegar\u00e1 a mediados de julio en <strong>Faro<\/strong> (Portugal), la mayor concentraci\u00f3n de motos a nivel europeo y que arrastra adeptos de todos los confines del planeta, ya los hubo hasta de Jap\u00f3n por decir alg\u00fan pa\u00eds lejano. Si quieres ver im\u00e1genes de la concentraci\u00f3n en ediciones anteriores haz <strong><a title=\"Im\u00e1genes de la Concentraci\u00f3n de Faro\" href=\"https:\/\/www.google.es\/search?q=concentraci%C3%B3n+faro+2013&#038;tbm=isch&#038;tbo=u&#038;source=univ&#038;sa=X&#038;ei=PMKVUejGHIOHhQeog4CIDA&#038;ved=0CEEQsAQ&#038;biw=1280&#038;bih=656\" target=\"_blank\" rel=\"external nofollow\">click aqu\u00ed<\/a><\/strong>.<\/p>\n<p style=\"text-align: justify;\">\u00a0 \u00a0 \u00a0Por otro lado tienes a pe\u00f1as o grupos de amigos que piensan en una ruta, un lugar donde comer y deciden un d\u00eda que les viene bien para hacer una quedada. Con un poco de suerte a lo mejor incluso miran si ese fin de semana hay algo organizado cerca. Pues se da en muchas ocasiones que proponen una quedada y en una localidad cercana hay una concentraci\u00f3n bien organizada, lo cual lo \u00fanico que hace es entorpecer a la concentraci\u00f3n, llegando el caso a salir de ruta y coincidir en alg\u00fan tramo, lo que ya es para juzgado de guardia, o como dir\u00eda un motero de la antigua escuela &#8220;<em>para sacarlos de la carretera d\u00e1ndole con el manillar en las costillas<\/em>&#8220;.<\/p>\n<p style=\"text-align: justify;\">\u00a0 \u00a0Y ah\u00ed hemos llegado, somos civilizados \u00bflo somos?. Al motero le gusta disfrutar de su moto, cada tipo de motero disfruta de un modo. El que tiene <!--more-->una <strong><a title=\"Im\u00e1genes de motos deportivas\" href=\"https:\/\/www.google.es\/search?q=motos+r&#038;tbm=isch&#038;tbo=u&#038;source=univ&#038;sa=X&#038;ei=lM2VUbT8NM-u7AaHsYCwDw&#038;ved=0CDoQsAQ&#038;biw=1280&#038;bih=699\" target=\"_blank\" rel=\"external nofollow\">&#8220;R&#8221;<\/a><\/strong> (moto deportiva de carretera con muchos caballos), le gusta perderse por zonas de curvas y disfrutar de ellas. Al de la <strong><a title=\"Im\u00e1genes de motos de Trail\" href=\"https:\/\/www.google.es\/search?q=motos+trail&#038;source=lnms&#038;tbm=isch&#038;sa=X&#038;ei=zs2VUdf2K6yV7AaLr4HgAQ&#038;ved=0CAoQ_AUoAQ&#038;biw=1280&#038;bih=699\" target=\"_blank\" rel=\"external nofollow\">&#8220;Trail&#8221;<\/a><\/strong> le gusta la aventura y suele salir de carretera para entrar por pistas en muchas ocasiones. Los de las <strong><a title=\"Im\u00e1genes de motos custom\" href=\"https:\/\/www.google.es\/search?q=motos+trail&#038;source=lnms&#038;tbm=isch&#038;sa=X&#038;ei=zs2VUdf2K6yV7AaLr4HgAQ&#038;ved=0CAoQ_AUoAQ&#038;biw=1280&#038;bih=699#tbm=isch&#038;sa=1&#038;q=motos+custom&#038;oq=motos+custom&#038;gs_l=img.3..0l10.50859.54377.0.55362.11.9.0.2.2.0.144.1135.0j9.9.0...0.0...1c.1.12.img.Y9FsvlhhVHs&#038;bav=on.2,or.r_qf.&#038;bvm=bv.46471029,d.ZGU&#038;fp=74153b8b41e494c0&#038;biw=1280&#038;bih=699\" target=\"_blank\" rel=\"external nofollow\">&#8220;Custom&#8221;<\/a><\/strong> y <strong><a title=\"Im\u00e1genes de motos de Turismo\" href=\"https:\/\/www.google.es\/search?q=motos+trail&#038;source=lnms&#038;tbm=isch&#038;sa=X&#038;ei=zs2VUdf2K6yV7AaLr4HgAQ&#038;ved=0CAoQ_AUoAQ&#038;biw=1280&#038;bih=699#tbm=isch&#038;sa=1&#038;q=motos+turismo&#038;oq=motos+turismo&#038;gs_l=img.3..0j0i24l9.89056.92298.2.94574.13.13.0.0.0.0.176.1286.4j9.13.0...0.0...1c.1.12.img.eUmQQg2zQXw&#038;bav=on.2,or.r_qf.&#038;bvm=bv.46471029,d.ZGU&#038;fp=5c8125eade018608&#038;biw=1280&#038;bih=699\" target=\"_blank\" rel=\"external nofollow\">&#8220;Turismo&#8221;<\/a><\/strong> les gusta circular por carretera y viajar, conocer sitios, disfrutar del paisaje, cada cual con su estilo de moto y vida. Las motos de &#8220;Enduro&#8221; que se sienten en su salsa por caminos abruptos o campo a trav\u00e9s. Las de <strong><a title=\"Im\u00e1genes de motos de Trial\" href=\"https:\/\/www.google.es\/search?q=motos+trail&#038;source=lnms&#038;tbm=isch&#038;sa=X&#038;ei=zs2VUdf2K6yV7AaLr4HgAQ&#038;ved=0CAoQ_AUoAQ&#038;biw=1280&#038;bih=699#tbm=isch&#038;sa=1&#038;q=motos+trial&#038;oq=motos+trial&#038;gs_l=img.3..0l10.143667.146878.4.147845.10.10.0.0.0.0.174.1172.2j8.10.0...0.0...1c.1.12.img.FPkCjo6djEo&#038;bav=on.2,or.r_qf.&#038;bvm=bv.46471029,d.ZGU&#038;fp=ac33410861455544&#038;biw=1280&#038;bih=699\" target=\"_blank\" rel=\"external nofollow\">&#8220;Trial&#8221;<\/a><\/strong> que nadie se suele acordar de ellas y se utilizan para competiciones y acrobacias, y ya para nombrar todas tambi\u00e9n las <strong><a title=\"Im\u00e1genes de motos de agua\" href=\"https:\/\/www.google.es\/search?q=motos+trail&#038;source=lnms&#038;tbm=isch&#038;sa=X&#038;ei=zs2VUdf2K6yV7AaLr4HgAQ&#038;ved=0CAoQ_AUoAQ&#038;biw=1280&#038;bih=699#tbm=isch&#038;sa=1&#038;q=motos+de+agua&#038;oq=motos+de+agua&#038;gs_l=img.3..0l10.59559.62880.6.64704.12.10.0.2.2.0.135.1138.1j9.10.0...0.0...1c.1.12.img.VOrMoEbM1Wk&#038;bav=on.2,or.r_qf.&#038;bvm=bv.46471029,d.ZGU&#038;fp=9821ec83848174d6&#038;biw=1280&#038;bih=699\" target=\"_blank\" rel=\"external nofollow\">&#8220;motos de agua&#8221;<\/a><\/strong> y <strong><a title=\"Im\u00e1genes de motos de nieve\" href=\"https:\/\/www.google.es\/search?q=motos+trail&#038;source=lnms&#038;tbm=isch&#038;sa=X&#038;ei=zs2VUdf2K6yV7AaLr4HgAQ&#038;ved=0CAoQ_AUoAQ&#038;biw=1280&#038;bih=699#tbm=isch&#038;sa=1&#038;q=motos+de+nieve&#038;oq=motos+de+nieve&#038;gs_l=img.3..0l4j0i24l6.49342.51580.8.52744.9.7.0.2.2.0.174.826.1j6.7.0...0.0...1c.1.12.img.SC28BkIbh8I&#038;bav=on.2,or.r_qf.&#038;bvm=bv.46471029,d.ZGU&#038;fp=9a1848dce2cfab3c&#038;biw=1280&#038;bih=699\" target=\"_blank\" rel=\"external nofollow\">&#8220;motos de nieve&#8221;<\/a><\/strong>.<\/p>\n<p style=\"text-align: justify;\"><a href=\"\/moterosdehoy\/wp-content\/uploads\/sites\/45\/2013\/05\/Se\u00f1ales-en-grupo.jpg\"><img loading=\"lazy\" class=\"alignright size-medium wp-image-725\" title=\"Se\u00f1ales en grupo\" src=\"\/moterosdehoy\/wp-content\/uploads\/sites\/45\/2013\/05\/Se\u00f1ales-en-grupo.jpg\" alt=\"\" width=\"221\" height=\"300\" srcset=\"https:\/\/static-blogs.hoy.es\/wp-content\/uploads\/sites\/45\/2013\/05\/Se\u00f1ales-en-grupo.jpg 590w, https:\/\/static-blogs.hoy.es\/wp-content\/uploads\/sites\/45\/2013\/05\/Se\u00f1ales-en-grupo-221x300.jpg 221w\" sizes=\"(max-width: 221px) 100vw, 221px\" \/><\/a><\/p>\n<p style=\"text-align: justify;\">\u00a0 \u00a0 Bueno todo \u00e9sto es una definici\u00f3n muy b\u00e1sica, pues dentro de ellos est\u00e1n muy mezclados y en muchas ocasiones tienen una moto que no se corresponde con sus mejores gustos. Pero todos cuando se montan en su moto quieren disfrutar y para ello hay normas, comenzando por las de circulaci\u00f3n, siguiendo por <strong>normas no escritas de los moteros<\/strong> pero que todos las saben &#8220;<strong><em>un motero es amigo de un motero y se ayudan<\/em><\/strong>&#8220;, incluso hay se\u00f1ales que no est\u00e1n en el c\u00f3digo de la circulaci\u00f3n pero que todos saben o deber\u00edan saber, sobre todo para circular en grupo, <strong>aqu\u00ed las pongo<\/strong>:<\/p>\n<p style=\"text-align: justify;\">\u00a0 \u00a0 Si en cualquier concentraci\u00f3n de motos que se salga a una ruta todo el mundo las cumple o como m\u00ednimo cumple la norma de circular en fila y no adelantarse, todo el que acuda lo pasar\u00e1 bien. Ante la situaci\u00f3n de que alguno dentro del grupo se pueda poner a adelantar, no es m\u00e1s chulo ni m\u00e1s nada que ninguno otro, bueno si es algo m\u00e1s en un aspecto, pero no quiero insultar a nadie.<\/p>\n<p style=\"text-align: justify;\">\u00a0 \u00a0Hay <strong>rutas<\/strong> en las que surge el t\u00edpico que se pone a adelantar en las rectas por el motivo que sea, hay otras veces que le llega la curva, se acaba la visibilidad o entra en zona prohibida de <strong>adelantamiento<\/strong> y contin\u00faa por el carril contrario, pero eso no es el problema, el problema llega cuando llega otro veh\u00edculo en sentido opuesto y tiene que entrar de nuevo a su carril, en ese momento volver\u00e1 a su carril y si hay alguien que se quite. Ese es el <strong>problema<\/strong>.<\/p>\n<p style=\"text-align: justify;\">\u00a0 \u00a0 Pero y los &#8220;<strong><a title=\"Im\u00e1genes de veh\u00edculos Quads\" href=\"https:\/\/www.google.es\/search?q=Quads&#038;tbm=isch&#038;tbo=u&#038;source=univ&#038;sa=X&#038;ei=FNWVUcG0O-KP7AaWsYHYCQ&#038;ved=0CEsQsAQ&#038;biw=1280&#038;bih=699\" target=\"_blank\" rel=\"external nofollow\">Quads<\/a><\/strong>&#8220;, he metido a todo tipo de motos por mostrar que tipos hay y a pesar de haber ido a muchas concentraciones moteras nunca he visto a una moto de agua, ni de nieve en ninguna de ellas. Rara vez alguna de Trial. \u00bfEntonces por qu\u00e9 tiene que ir un quad veh\u00edculo de cuatro ruedas a una concentraci\u00f3n de motos? nadie lo sabe, se supone que es porque como van las motos de campo pues ellos tambi\u00e9n.<\/p>\n<p style=\"text-align: justify;\">\u00a0 \u00a0Est\u00e1 bien, acepto pulpo por animal de compa\u00f1\u00eda, pero que recuerden que son &#8220;invitados&#8221; y como tales deben comportarse. Eso no implica ir haciendo <strong>caballitos entre las motos<\/strong>, cortar encendido con el escape a unos metros del motero que est\u00e1 situado detr\u00e1s y le est\u00e1 escupiendo gasolina y arenilla a la cara. <strong>Ponerse a dos ruedas laterales&#8230;<\/strong> Por regla general si hay quads hay quejas, pero no es siempre, en la pasada concentraci\u00f3n que hubo en Nogales (Badajoz), se establecieron dos rutas, una para campo y quads, y otra para motos de carretera. Tras las rutas, unos llenos de barro y otros de mosquitos todos disfrutaron de la\u00a0compa\u00f1\u00eda\u00a0y pudieron compartir un buen rato de <strong>CONVIVENCIA MOTERA<\/strong>.<\/p>\n<p style=\"text-align: justify;\"><strong>\u00a0 \u00a0<a title=\"Enlace al facebook de Moteros de Hoy\" href=\"https:\/\/www.facebook.com\/moteroshoy?ref=hl\" target=\"_blank\" rel=\"external nofollow\">Saludos y r\u00e1fagas<\/a>.<\/strong><\/p>\n<!-- AddThis Advanced Settings generic via filter on the_content --><!-- AddThis Share Buttons generic via filter on the_content -->","protected":false},"excerpt":{"rendered":"<p>\u00a0 \u00a0 Estamos en pleno apogeo de concentraciones moteras, quedadas, fiestas, reuniones y un largo etc\u00e9tera de nombres que se le pueden dar a cualquier congregaci\u00f3n de moteros. Ha llegado el buen tiempo, aunque tengamos unos d\u00edas de inestabilidad y todos queremos disfrutar de nuestra pasi\u00f3n, la moto. \u00a0 \u00a0Por un lado est\u00e1n las mega-concentraciones [&hellip;]<!-- AddThis Advanced Settings generic via filter on get_the_excerpt --><!-- AddThis Share Buttons generic via filter on get_the_excerpt --><\/p>\n","protected":false},"author":49,"featured_media":0,"comment_status":"open","ping_status":"closed","sticky":false,"template":"","format":"standard","meta":[],"categories":[9,13],"tags":[309,622,629,635,639,641,664,739,813],"_links":{"self":[{"href":"https:\/\/blogs.hoy.es\/moterosdehoy\/wp-json\/wp\/v2\/posts\/723"}],"collection":[{"href":"https:\/\/blogs.hoy.es\/moterosdehoy\/wp-json\/wp\/v2\/posts"}],"about":[{"href":"https:\/\/blogs.hoy.es\/moterosdehoy\/wp-json\/wp\/v2\/types\/post"}],"author":[{"embeddable":true,"href":"https:\/\/blogs.hoy.es\/moterosdehoy\/wp-json\/wp\/v2\/users\/49"}],"replies":[{"embeddable":true,"href":"https:\/\/blogs.hoy.es\/moterosdehoy\/wp-json\/wp\/v2\/comments?post=723"}],"version-history":[{"count":0,"href":"https:\/\/blogs.hoy.es\/moterosdehoy\/wp-json\/wp\/v2\/posts\/723\/revisions"}],"wp:attachment":[{"href":"https:\/\/blogs.hoy.es\/moterosdehoy\/wp-json\/wp\/v2\/media?parent=723"}],"wp:term":[{"taxonomy":"category","embeddable":true,"href":"https:\/\/blogs.hoy.es\/moterosdehoy\/wp-json\/wp\/v2\/categories?post=723"},{"taxonomy":"post_tag","embeddable":true,"href":"https:\/\/blogs.hoy.es\/moterosdehoy\/wp-json\/wp\/v2\/tags?post=723"}],"curies":[{"name":"wp","href":"https:\/\/api.w.org\/{rel}","templated":true}]}}