{"id":726,"date":"2013-05-07T07:21:51","date_gmt":"2013-05-07T07:21:51","guid":{"rendered":"http:\/\/blogs.hoy.es\/moterosdehoy\/?p=705"},"modified":"2013-05-07T07:21:51","modified_gmt":"2013-05-07T07:21:51","slug":"presentacion-santi-barragan-2013","status":"publish","type":"post","link":"https:\/\/blogs.hoy.es\/moterosdehoy\/2013\/05\/07\/presentacion-santi-barragan-2013\/","title":{"rendered":"Presentaci\u00f3n Santi Barrag\u00e1n 2013"},"content":{"rendered":"<p style=\"text-align: justify;\">\u00a0 Tras su gran remontada con podio en Montmel\u00f3 el 25 de abril y por otro a\u00f1o m\u00e1s consecutivo,\u00a0<a title=\"Im\u00e1genes de Santi Barrag\u00e1n\" href=\"https:\/\/www.google.es\/search?q=santi+barragan&#038;tbm=isch&#038;tbo=u&#038;source=univ&#038;sa=X&#038;ei=OCiIUenSDISuOentgPAJ&#038;ved=0CEIQsAQ&#038;biw=1280&#038;bih=699\" target=\"_blank\" rel=\"external nofollow\"><strong>Santi Barrag\u00e1n<\/strong><\/a> presenta en tierras extreme\u00f1as su nueva moto y <strong><a title=\"Equipo de Santi Barrag\u00e1n\" href=\"http:\/\/www.extremadurajuniorteam.com\/\" target=\"_blank\" rel=\"external nofollow\">equipo<\/a><\/strong>, en \u00e9ste caso para la temporada 2013.<\/p>\n<p style=\"text-align: justify;\">\u00a0<a href=\"\/moterosdehoy\/wp-content\/uploads\/sites\/45\/2013\/05\/Santi-Barrag\u00e1n.jpg\"><img loading=\"lazy\" class=\"alignleft size-medium wp-image-706\" title=\"Santi Barrag\u00e1n\" src=\"\/moterosdehoy\/wp-content\/uploads\/sites\/45\/2013\/05\/Santi-Barrag\u00e1n.jpg\" alt=\"\" width=\"238\" height=\"300\" \/><\/a>\u00a0 La presentaci\u00f3n tendr\u00e1 lugar en el <a title=\"Centro Comercial el Faro\" href=\"http:\/\/www.ccelfaro.com\/W\/do\/centre\/accueil\" target=\"_blank\" rel=\"external nofollow\">centro comercial El Faro<\/a> de <a title=\"P\u00e1gina oficial del Ayuntamiento de Badajoz\" href=\"http:\/\/www.aytobadajoz.es\/es\/ayto\/portada\" target=\"_blank\" rel=\"external nofollow\">Badajoz<\/a>. Un escenario perfecto para reunir a todos los amantes de la moto que quieran ver de cerca la flamante Suzuki GSX-R del <a title=\"Team Suzuki Speed Racing\" href=\"http:\/\/teamsuzukispeedracing.com\/\" target=\"_blank\" rel=\"external nofollow\">Team Suzuki Speed Racing<\/a>.<\/p>\n<p style=\"text-align: justify;\">\u00a0\u00a0 La cita tendr\u00e1 lugar el pr\u00f3ximo <strong>s\u00e1bado 11 de mayo<\/strong> <strong>a partir de las 12:00<\/strong> horas, pero si eres m\u00e1s madrugador y quieres comenzar la ma\u00f1ana motera m\u00e1s temprano, puedes pasar por el <a title=\"Ubicaci\u00f3n del Rest. Laguna Seca\" href=\"http:\/\/www.extremadura.com\/social\/pageitem\/cafeteria-restaurante-laguna-seca\" target=\"_blank\" rel=\"external nofollow\">Restaurante Laguna Seca<\/a>, lugar de encuentro de moteros donde ser\u00e1s invitado a migas y partir\u00e1s junto a decenas de moteros al evento en el Faro.<\/p>\n<p style=\"text-align: justify;\">\u00a0 \u00a0 Para todo aquel que no lo sepa hay que decir que Santi es de nuestras tierras, concretamente de <a title=\"Pag. de Almendralejo\" href=\"http:\/\/www.almendralejo.es\/\" target=\"_blank\" rel=\"external nofollow\">Almendralejo<\/a>.<\/p>\n<p style=\"text-align: justify;\">\u00a0La presentaci\u00f3n contar\u00e1 con la presencia de los presentadores de\u00a0<a title=\"Enlace a la web de Canal Extremadura\" href=\"http:\/\/www.canalextremadura.es\/\" target=\"_blank\" rel=\"external nofollow\">Canal Extremadura<\/a>\u00a0Leticia Ant\u00fanez y Jose Mar\u00eda Maldonado, como maestros de ceremonias. Adem\u00e1s estar\u00e1\u00a0<a title=\"Enlace a la web de Nico Jim\u00e9nez\" href=\"http:\/\/www.nicojimenez.com\/\" target=\"_blank\" rel=\"external nofollow\">Nico Jim\u00e9nez<\/a>, maestro cortador de jam\u00f3n, que ofrecer\u00e1 una degustaci\u00f3n de sus productos acompa\u00f1ados con vino de\u00a0<a title=\"Enlace a la web de Bodegas Sani\" href=\"http:\/\/www.bodegassani.com\/\" target=\"_blank\" rel=\"external nofollow\">Bodegas Sani<\/a>.<a href=\"\/moterosdehoy\/wp-content\/uploads\/sites\/45\/2013\/05\/2013-05-11-Badajoz.jpg\"><img loading=\"lazy\" class=\"alignright size-medium wp-image-711\" title=\"2013-05-11 Badajoz\" src=\"\/moterosdehoy\/wp-content\/uploads\/sites\/45\/2013\/05\/2013-05-11-Badajoz.jpg\" alt=\"\" width=\"300\" height=\"300\" srcset=\"https:\/\/static-blogs.hoy.es\/wp-content\/uploads\/sites\/45\/2013\/05\/2013-05-11-Badajoz.jpg 400w, https:\/\/static-blogs.hoy.es\/wp-content\/uploads\/sites\/45\/2013\/05\/2013-05-11-Badajoz-150x150.jpg 150w, https:\/\/static-blogs.hoy.es\/wp-content\/uploads\/sites\/45\/2013\/05\/2013-05-11-Badajoz-300x300.jpg 300w\" sizes=\"(max-width: 300px) 100vw, 300px\" \/><\/a><\/p>\n<p style=\"text-align: justify;\">\u00a0 \u00a0Por todo ello se espera una gran afluencia de p\u00fablico y como no, gracias al entorno en que se desarrollar\u00e1 el acontecimiento. En pleno interior del Centro Comercial, donde Santi contestar\u00e1 preguntas, firmar\u00e1 posters, dar\u00e1 aut\u00f3grafos y se har\u00e1 fotos con quien desee.<\/p>\n<p style=\"text-align: justify;\">\u00a0\u00a0\u00a0 No te lo puedes perder.<\/p>\n<p style=\"text-align: justify;\">\u00a0 \u00a0\u00a0\u00a0Si quieres ver un video de Santi Barrag\u00e1n en acci\u00f3n, de la carrera \u00edntegra de la categor\u00eda \u2018Stock Extreme\u2019 en Albacete, haz\u00a0<a title=\"P\u00e1gina de Santi Barrag\u00e1n\" href=\"http:\/\/www.extremadurajuniorteam.com\/\" target=\"_blank\" rel=\"external nofollow\">click aqu\u00ed<\/a>\u00a0y lo tienes en su p\u00e1gina.<\/p>\n<p style=\"text-align: justify;\">\u00a0\u00a0\u00a0 <strong><a title=\"Enlace al facebook de Moteros de Hoy\" href=\"https:\/\/www.facebook.com\/moteroshoy?ref=tn_tnmn\" target=\"_blank\" rel=\"external nofollow\">Saludos y r\u00e1fagas<\/a>.<\/strong><\/p>\n<!-- AddThis Advanced Settings generic via filter on the_content --><!-- AddThis Share Buttons generic via filter on the_content -->","protected":false},"excerpt":{"rendered":"<p>\u00a0 Tras su gran remontada con podio en Montmel\u00f3 el 25 de abril y por otro a\u00f1o m\u00e1s consecutivo,\u00a0Santi Barrag\u00e1n presenta en tierras extreme\u00f1as su nueva moto y equipo, en \u00e9ste caso para la temporada 2013. \u00a0\u00a0 La presentaci\u00f3n tendr\u00e1 lugar en el centro comercial El Faro de Badajoz. Un escenario perfecto para reunir a [&hellip;]<!-- AddThis Advanced Settings generic via filter on get_the_excerpt --><!-- AddThis Share Buttons generic via filter on get_the_excerpt --><\/p>\n","protected":false},"author":49,"featured_media":0,"comment_status":"open","ping_status":"closed","sticky":false,"template":"","format":"standard","meta":[],"categories":[13],"tags":[360,622,629,639,641,929],"_links":{"self":[{"href":"https:\/\/blogs.hoy.es\/moterosdehoy\/wp-json\/wp\/v2\/posts\/726"}],"collection":[{"href":"https:\/\/blogs.hoy.es\/moterosdehoy\/wp-json\/wp\/v2\/posts"}],"about":[{"href":"https:\/\/blogs.hoy.es\/moterosdehoy\/wp-json\/wp\/v2\/types\/post"}],"author":[{"embeddable":true,"href":"https:\/\/blogs.hoy.es\/moterosdehoy\/wp-json\/wp\/v2\/users\/49"}],"replies":[{"embeddable":true,"href":"https:\/\/blogs.hoy.es\/moterosdehoy\/wp-json\/wp\/v2\/comments?post=726"}],"version-history":[{"count":0,"href":"https:\/\/blogs.hoy.es\/moterosdehoy\/wp-json\/wp\/v2\/posts\/726\/revisions"}],"wp:attachment":[{"href":"https:\/\/blogs.hoy.es\/moterosdehoy\/wp-json\/wp\/v2\/media?parent=726"}],"wp:term":[{"taxonomy":"category","embeddable":true,"href":"https:\/\/blogs.hoy.es\/moterosdehoy\/wp-json\/wp\/v2\/categories?post=726"},{"taxonomy":"post_tag","embeddable":true,"href":"https:\/\/blogs.hoy.es\/moterosdehoy\/wp-json\/wp\/v2\/tags?post=726"}],"curies":[{"name":"wp","href":"https:\/\/api.w.org\/{rel}","templated":true}]}}