{"id":727,"date":"2013-05-20T20:43:28","date_gmt":"2013-05-20T20:43:28","guid":{"rendered":"http:\/\/blogs.hoy.es\/moterosdehoy\/?p=726"},"modified":"2013-05-20T20:43:28","modified_gmt":"2013-05-20T20:43:28","slug":"finalizada-la-iii-vuelta-a-extremadura-en-moto","status":"publish","type":"post","link":"https:\/\/blogs.hoy.es\/moterosdehoy\/2013\/05\/20\/finalizada-la-iii-vuelta-a-extremadura-en-moto\/","title":{"rendered":"Finalizada la III Vuelta a Extremadura en moto"},"content":{"rendered":"<p style=\"text-align: justify;\">\u00a0 \u00a0\u00c9ste fin de semana pasado, formado por los d\u00edas 18 y 19 de mayo de 2013, tuvo lugar tal y <a title=\"Anuncio de la III Vuelta\" href=\"http:\/\/www.moterosdehoy.es\/2013\/04\/05\/iii-vuelta-a-extremadura-en-moto\/\" target=\"_blank\" rel=\"external nofollow\">como estaba anunciada<\/a> la<strong> <a title=\"P\u00e1gina de la Vuelta a Extremadura en moto\" href=\"http:\/\/vuexmo.info\/\" target=\"_blank\" rel=\"external nofollow\">III Vuelta a Extremadura en moto<\/a><\/strong>.<\/p>\n<div id=\"attachment_727\" style=\"width: 222px\" class=\"wp-caption alignleft\"><a href=\"\/moterosdehoy\/wp-content\/uploads\/sites\/45\/2013\/05\/vuexmo3.jpg\"><img aria-describedby=\"caption-attachment-727\" loading=\"lazy\" class=\"size-medium wp-image-727\" title=\"vuexmo3\" src=\"\/moterosdehoy\/wp-content\/uploads\/sites\/45\/2013\/05\/vuexmo3.jpg\" alt=\"\" width=\"212\" height=\"300\" \/><\/a><p id=\"caption-attachment-727\" class=\"wp-caption-text\">Cartel del evento<\/p><\/div>\n<p style=\"text-align: justify;\">\u00a0 \u00a0De la mano de <strong>Santiago Calder\u00f3n y Manuel Ben\u00edtez<\/strong>, un a\u00f1o m\u00e1s nos han preparado una concentraci\u00f3n motera que no es solo eso. Son las <strong>ganas de dar a conocer nuestra tierra<\/strong> y que a pesar de la crisis en la que nos vemos inmersos se han llegado a inscribir entorno a cincuenta moteros, deseosos de rodar por nuestras tierras y <strong>conocer nuestros paisajes<\/strong>. En \u00e9sta edici\u00f3n hay que destacar la afluencia de adeptos de fuera de Extremadura, utilizando a \u00e9sta concentraci\u00f3n motera para conocernos.<\/p>\n<p style=\"text-align: justify;\">\u00a0 \u00a0En concreto adem\u00e1s de los extreme\u00f1os han rodado por la vuelta, moteros de Madrid, Ja\u00e9n,\u00a0C\u00f3rdoba\u00a0e incluso \u00e9sta oscasi\u00f3n ha sido internacional, con moteros de Portalegre, perteneciente a nuestra vecina Portugal.<\/p>\n<p style=\"text-align: justify;\">\u00a0 \u00a0Todo comenz\u00f3 sobre las nueve de la ma\u00f1ana del d\u00eda dieciocho, cuando tras tomar caf\u00e9 y las conocidas migas partieron de <strong><a title=\"Badajoz en Wikipedia\" href=\"http:\/\/es.wikipedia.org\/wiki\/Badajoz\" target=\"_blank\" rel=\"external nofollow\">Badajoz<\/a><\/strong>, en concreto salieron del Restaurante Laguna Seca, con direcci\u00f3n a <strong><a title=\"Salvatierra de los Barros en Wikipedia\" href=\"http:\/\/es.wikipedia.org\/wiki\/Salvatierra_de_los_Barros\" target=\"_blank\" rel=\"external nofollow\">Salvatierra de los Barros<\/a><\/strong>, lugar donde realizaron la primera parada, despu\u00e9s de ver unos paisajes que \u00e9ste a\u00f1o gracias a las frecuentes lluvias nos permite verlo todo verde y floreado. Permitiendo unos aromas que solo se pueden disfrutar al viajar en moto.<\/p>\n<p style=\"text-align: justify;\">\u00a0 \u00a0 Posteriormente se desplazaron hasta el pantano de <strong><a title=\"Alange en Wikipedia\" href=\"http:\/\/es.wikipedia.org\/wiki\/Alange\" target=\"_blank\" rel=\"external nofollow\">Alange<\/a><\/strong> donde realizaron una foto de grupo, aprovecharon para respirar un poco de aire fresco del pantano y estirar un poco las piernas. Reanudando el viaje hacia <strong><a title=\"Don Benito en Wikipedia\" href=\"http:\/\/es.wikipedia.org\/wiki\/Don_Benito\" target=\"_blank\" rel=\"external nofollow\">Don Benito<\/a><\/strong>, lugar donde fue la comida.<\/p>\n<p style=\"text-align: justify;\">\u00a0 \u00a0 Todo transcurr\u00eda perfecto entre risas, an\u00e9cdotas y camarader\u00eda, pero no se pod\u00edan esparcir demasiado tiempo, la ruta continuaba. Sobre las <!--more-->cuatro de la tarde part\u00edan hacia <strong><a title=\"Guadalupe en Wikipedia\" href=\"http:\/\/es.wikipedia.org\/wiki\/Guadalupe_(C%C3%A1ceres)\" target=\"_blank\" rel=\"external nofollow\">Guadalupe<\/a><\/strong>, donde se par\u00f3 a repostar tras llevar un rato sorteando nubes y observando cortinas de agua que amenazaban con dar un buen remoj\u00f3n, ofreciendo unos paisajes de ensue\u00f1o, no tanto as\u00ed el viento que en ocasiones no fue tan amigo. Por esa zona decidieron de hacer una parada para ponerse los trajes de agua, pues se iban a adentrar en el Valle del Ibor y era muy probable pasar bajo la lluvia.<\/p>\n<div id=\"attachment_728\" style=\"width: 310px\" class=\"wp-caption alignright\"><a href=\"\/moterosdehoy\/wp-content\/uploads\/sites\/45\/2013\/05\/vuexmo1.jpg\"><img aria-describedby=\"caption-attachment-728\" loading=\"lazy\" class=\"size-medium wp-image-728\" title=\"vuexmo1\" src=\"\/moterosdehoy\/wp-content\/uploads\/sites\/45\/2013\/05\/vuexmo1.jpg\" alt=\"\" width=\"300\" height=\"225\" \/><\/a><p id=\"caption-attachment-728\" class=\"wp-caption-text\">Isla de Valdeca\u00f1as<\/p><\/div>\n<p style=\"text-align: justify;\">\u00a0 \u00a0 Antes de entrar a la localidad de <strong><a title=\"Peraleda de la Mata en Wikipedia\" href=\"http:\/\/es.wikipedia.org\/wiki\/Peraleda_de_la_Mata\" target=\"_blank\" rel=\"external nofollow\">Peraleda de la Mata<\/a><\/strong> se detuvieron junto al puente donde hubo una segunda foto de grupo, para ello eligieron situarse junto a unos restos de \u00e9pocas romanas. Al continuar en el pueblo de <strong><a title=\"El Gordo en Wikipedia\" href=\"http:\/\/es.wikipedia.org\/wiki\/El_Gordo_(C%C3%A1ceres)\" target=\"_blank\" rel=\"external nofollow\">El Gordo<\/a><\/strong> de nuevo una paradita, ya para despedirse de la carretera hasta el d\u00eda siguiente, pues el lugar donde se efectu\u00f3 la cena y posterior descanso fue en la Isla de Valdeca\u00f1as, un precioso enclave natural, que gracias a la construcci\u00f3n en el lugar del Hotel Husa Golf Valdeca\u00f1as ha permitido realizar una urbanizaci\u00f3n paradis\u00edaca.<\/p>\n<p style=\"text-align: justify;\">\u00a0 \u00a0Ya asomando el sol del domingo, volvieron a situarse sobre sus m\u00e1quinas para desplazarse a <strong><a title=\"Navalmoral de la Mata en Wikipedia\" href=\"http:\/\/es.wikipedia.org\/wiki\/Navalmoral_de_la_Mata\" target=\"_blank\" rel=\"external nofollow\">Navalmoral de la Mata<\/a><\/strong>, continuando con esos paisajes maravillosos y esos olores que te hacen sentir vivo, y recordar porqu\u00e9 te gusta viajar en moto. Pasando por <strong><a title=\"Jarandilla de la Vera en Wikipedia\" href=\"http:\/\/es.wikipedia.org\/wiki\/Jarandilla_de_la_Vera\" target=\"_blank\" rel=\"external nofollow\">Jarandilla de la Vera<\/a><\/strong>, <strong><a title=\"Jara\u00edz de la Vera en Wikipedia\" href=\"http:\/\/es.wikipedia.org\/wiki\/Jara%C3%ADz_de_la_Vera\" target=\"_blank\" rel=\"external nofollow\">Jara\u00edz de la Vera<\/a><\/strong> y <strong><a title=\"Plasencia en Wikipedia\" href=\"http:\/\/es.wikipedia.org\/wiki\/Plasencia\" target=\"_blank\" rel=\"external nofollow\">Plasencia<\/a>, <\/strong>donde de nuevo una paradita con un poco de esparcimiento.<\/p>\n<p style=\"text-align: justify;\">\u00a0 \u00a0 El \u00faltimo tramo recorri\u00f3 las localidades de <strong><a title=\"Coria en Wikipedia\" href=\"http:\/\/es.wikipedia.org\/wiki\/Coria\" target=\"_blank\" rel=\"external nofollow\">Coria<\/a><\/strong> y por <strong><a title=\"Torrejoncillo en Wikipedia\" href=\"http:\/\/es.wikipedia.org\/wiki\/Torrejoncillo\" target=\"_blank\" rel=\"external nofollow\">Torrejoncillo<\/a><\/strong> se pas\u00f3 a las curvas del <a title=\"El r\u00edo Tajo en Wikipedia\" href=\"http:\/\/es.wikipedia.org\/wiki\/Tajo\" target=\"_blank\" rel=\"external nofollow\">Tajo<\/a>, para finalizar en <strong><a title=\"C\u00e1ceres en Wikipedia\" href=\"http:\/\/es.wikipedia.org\/wiki\/C%C3%A1ceres\" target=\"_blank\" rel=\"external nofollow\">C\u00e1ceres<\/a><\/strong>. Donde pudieron comentar esos dos d\u00edas de rutas y paisajes maravillosos, mientras com\u00edan en el restaurante La Parrilla de Galarza.<\/p>\n<p style=\"text-align: justify;\">\u00a0 \u00a0Todos quedaron maravillados y deseosos de que llegue pronto la cuarta edici\u00f3n de la Vuelta a Extremadura en Moto, sabiendo que Santi y Manol ya mismo estar\u00e1n buscando nuevas rutas y enclaves dignos de visitar.<\/p>\n<p style=\"text-align: justify;\">\u00a0 <strong>\u00a0Si quieres ver fotos del evento haz <a title=\"Acceso a galer\u00eda de fotos\" href=\"http:\/\/www.hoy.es\/multimedia\/fotos\/ultimos\/120949-vuelta-extremadura-moto-0.html\" target=\"_blank\" rel=\"external nofollow\">clic aqu\u00ed<\/a>.<\/strong><\/p>\n<p style=\"text-align: justify;\">\u00a0 <strong>\u00a0<a title=\"Enlace al facebook de Moteros de Hoy\" href=\"https:\/\/www.facebook.com\/moteroshoy?ref=hl\" target=\"_blank\" rel=\"external nofollow\">Saludos y r\u00e1fagas<\/a><\/strong>.<\/p>\n<!-- AddThis Advanced Settings generic via filter on the_content --><!-- AddThis Share Buttons generic via filter on the_content -->","protected":false},"excerpt":{"rendered":"<p>\u00a0 \u00a0\u00c9ste fin de semana pasado, formado por los d\u00edas 18 y 19 de mayo de 2013, tuvo lugar tal y como estaba anunciada la III Vuelta a Extremadura en moto. \u00a0 \u00a0De la mano de Santiago Calder\u00f3n y Manuel Ben\u00edtez, un a\u00f1o m\u00e1s nos han preparado una concentraci\u00f3n motera que no es solo eso. [&hellip;]<!-- AddThis Advanced Settings generic via filter on get_the_excerpt --><!-- AddThis Share Buttons generic via filter on get_the_excerpt --><\/p>\n","protected":false},"author":49,"featured_media":0,"comment_status":"open","ping_status":"closed","sticky":false,"template":"","format":"standard","meta":[],"categories":[13],"tags":[507,621,622,629,639,641],"_links":{"self":[{"href":"https:\/\/blogs.hoy.es\/moterosdehoy\/wp-json\/wp\/v2\/posts\/727"}],"collection":[{"href":"https:\/\/blogs.hoy.es\/moterosdehoy\/wp-json\/wp\/v2\/posts"}],"about":[{"href":"https:\/\/blogs.hoy.es\/moterosdehoy\/wp-json\/wp\/v2\/types\/post"}],"author":[{"embeddable":true,"href":"https:\/\/blogs.hoy.es\/moterosdehoy\/wp-json\/wp\/v2\/users\/49"}],"replies":[{"embeddable":true,"href":"https:\/\/blogs.hoy.es\/moterosdehoy\/wp-json\/wp\/v2\/comments?post=727"}],"version-history":[{"count":0,"href":"https:\/\/blogs.hoy.es\/moterosdehoy\/wp-json\/wp\/v2\/posts\/727\/revisions"}],"wp:attachment":[{"href":"https:\/\/blogs.hoy.es\/moterosdehoy\/wp-json\/wp\/v2\/media?parent=727"}],"wp:term":[{"taxonomy":"category","embeddable":true,"href":"https:\/\/blogs.hoy.es\/moterosdehoy\/wp-json\/wp\/v2\/categories?post=727"},{"taxonomy":"post_tag","embeddable":true,"href":"https:\/\/blogs.hoy.es\/moterosdehoy\/wp-json\/wp\/v2\/tags?post=727"}],"curies":[{"name":"wp","href":"https:\/\/api.w.org\/{rel}","templated":true}]}}