{"id":730,"date":"2013-05-23T19:13:48","date_gmt":"2013-05-23T19:13:48","guid":{"rendered":"http:\/\/blogs.hoy.es\/moterosdehoy\/?p=730"},"modified":"2013-05-23T19:13:48","modified_gmt":"2013-05-23T19:13:48","slug":"barbacoa-motera-en-coria","status":"publish","type":"post","link":"https:\/\/blogs.hoy.es\/moterosdehoy\/2013\/05\/23\/barbacoa-motera-en-coria\/","title":{"rendered":"Barbacoa motera en Coria"},"content":{"rendered":"<p style=\"text-align: justify;\">\u00a0 \u00a0El pr\u00f3ximo d\u00eda <strong>9 de junio<\/strong> de 2013 tendr\u00e1 lugar en la capital de las Vegas del Alag\u00f3n, para mayor se\u00f1a\u00a0<strong>Coria<\/strong> (C\u00e1ceres), lo que sus organizadores la <a title=\"Enlace al blog de la Pe\u00f1a Motera\" href=\"http:\/\/pmesperando.blogspot.com.es\/\" target=\"_blank\" rel=\"external nofollow\">Pe\u00f1a Motera &#8220;Esperando&#8221;<\/a>\u00a0han nombrado como\u00a0<strong>&#8220;Monumental Barbacoa Motera&#8221;<\/strong>.<\/p>\n<div id=\"attachment_731\" style=\"width: 306px\" class=\"wp-caption alignleft\"><a href=\"\/moterosdehoy\/wp-content\/uploads\/sites\/45\/2013\/05\/2013-06-9_Coria.jpg\"><img aria-describedby=\"caption-attachment-731\" loading=\"lazy\" class=\"size-medium wp-image-731\" title=\"2013-06-9_Coria\" src=\"\/moterosdehoy\/wp-content\/uploads\/sites\/45\/2013\/05\/2013-06-9_Coria.jpg\" alt=\"\" width=\"296\" height=\"300\" srcset=\"https:\/\/static-blogs.hoy.es\/wp-content\/uploads\/sites\/45\/2013\/05\/2013-06-9_Coria.jpg 682w, https:\/\/static-blogs.hoy.es\/wp-content\/uploads\/sites\/45\/2013\/05\/2013-06-9_Coria-297x300.jpg 297w\" sizes=\"(max-width: 296px) 100vw, 296px\" \/><\/a><p id=\"caption-attachment-731\" class=\"wp-caption-text\">Cartel del evento<\/p><\/div>\n<p style=\"text-align: justify;\">\u00a0 \u00a0Para que entre apetito y dado que ser\u00e1 una barbacoa motera, han preparado una <strong>ruta<\/strong> que saldr\u00e1 de <a title=\"Coria en Wikipedia\" href=\"http:\/\/es.wikipedia.org\/wiki\/Coria\" target=\"_blank\" rel=\"external nofollow\">Coria<\/a>\u00a0 y como de costumbre, desde la cafeter\u00eda \u201cLOS KEKES\u201d a las 10:00 horas, con direcci\u00f3n a <a title=\"Portaje en Wikipedia\" href=\"http:\/\/es.wikipedia.org\/wiki\/Portaje\" target=\"_blank\" rel=\"external nofollow\">Portaje<\/a>, <a title=\"Ceclav\u00edn en Wikipedia\" href=\"http:\/\/es.wikipedia.org\/wiki\/Ceclav%C3%ADn\" target=\"_blank\" rel=\"external nofollow\">Ceclav\u00edn<\/a> y\u00a0 <a title=\"Aceh\u00fache en Wikipedia\" href=\"http:\/\/es.wikipedia.org\/wiki\/Aceh%C3%BAche\" target=\"_blank\" rel=\"external nofollow\">Aceh\u00fache<\/a>, donde tendr\u00e1 lugar la primera parada.<\/p>\n<p style=\"text-align: justify;\">\u00a0 \u00a0Continuar\u00e1n la ruta hacia <a title=\"Portezuelo en Wikipedia\" href=\"http:\/\/es.wikipedia.org\/wiki\/Portezuelo\" target=\"_blank\" rel=\"external nofollow\">Portezuelo<\/a> y <a title=\"Ca\u00f1averal en Wikipedia\" href=\"http:\/\/es.wikipedia.org\/wiki\/Ca%C3%B1averal\" target=\"_blank\" rel=\"external nofollow\">Ca\u00f1averal<\/a> parando de nuevo en esta localidad para un nuevo refrigerio en el bar la Campana.<\/p>\n<p style=\"text-align: justify;\">\u00a0 De nuevo en ruta pasar\u00e1n por <a title=\"Torrejoncillo en Wikipedia\" href=\"http:\/\/es.wikipedia.org\/wiki\/Torrejoncillo\" target=\"_blank\" rel=\"external nofollow\">Torrejoncillo<\/a>, para finalizar en el Campirri de Coria, donde tomar\u00e1n otro refrigerio antes de comer una excelente parrillada.<\/p>\n<p style=\"text-align: justify;\">\u00a0 \u00a0 Las inscripciones se podr\u00e1n realizar esa misma ma\u00f1ana en el punto de encuentro (Bar los KeKes), con unos <strong>precios<\/strong> de:<\/p>\n<p style=\"text-align: justify;\"><strong>\u00a0&#8211; Socios 5\u20ac<\/strong><\/p>\n<p style=\"text-align: justify;\"><strong>\u00a0&#8211; No socios\u00a0 10\u20ac<\/strong><\/p>\n<p style=\"text-align: justify;\">\u00a0 \u00a0La pe\u00f1a organizadora es muy famosa en su localidad por la gran afluencia de motocicletas que arrastra cuando organiza su concentraci\u00f3n, que \u00e9ste a\u00f1o tendr\u00e1 lugar los d\u00edas entre 6 y el 8 de septiembre, siendo ya su XI Concentraci\u00f3n Motera. <!--more-->Lo que nos ofrecen el d\u00eda 9 de junio es para ir calentando motores.<\/p>\n<div class=\"mceTemp\" style=\"text-align: justify;\">\n<div id=\"attachment_733\" style=\"width: 205px\" class=\"wp-caption alignright\"><a href=\"\/moterosdehoy\/wp-content\/uploads\/sites\/45\/2013\/05\/Castillo-de-Coria.jpg\"><img aria-describedby=\"caption-attachment-733\" loading=\"lazy\" class=\"size-full wp-image-733\" title=\"Castillo de Coria\" src=\"\/moterosdehoy\/wp-content\/uploads\/sites\/45\/2013\/05\/Castillo-de-Coria.jpg\" alt=\"\" width=\"195\" height=\"258\" \/><\/a><p id=\"caption-attachment-733\" class=\"wp-caption-text\">Castillo de Coria<\/p><\/div>\n<\/div>\n<div class=\"mceTemp\" style=\"text-align: justify;\"><span style=\"text-align: justify;\">\u00a0 \u00a0Para quien no conozca Coria es una buena ocasi\u00f3n de visitarla, pues entre sus calles hay mucha historia. Adem\u00e1s de tener monumentos militares como su muralla de origen romano de los siglos III-IV. Su castillo del siglo XV, donde habitaron los Duques de Alba y como no monumentos religiosos, como el Museo Catedralicio, el Palacio Episcopal, la Iglesia de Santiago, el Convento de la Madre de Di\u00f3s, la Ermita de Nuestra Se\u00f1ora de Argeme, el antiguo Seminario Conciliar, por cierto bastante deteriorado y a la espera de rehabilitarse como centro de cultura.<\/span><\/div>\n<div class=\"mceTemp\" style=\"text-align: justify;\"><\/div>\n<div class=\"mceTemp\" style=\"text-align: justify;\"><span style=\"text-align: justify;\">\u00a0 \u00a0Sin olvidar el actual museo de la ciudad que fue una C\u00e1rcel Real, o su puente viejo, tambi\u00e9n denominado Puente Medieval, que est\u00e1 construido sobre otro de origen romano.<\/span><\/div>\n<div class=\"mceTemp\" style=\"text-align: justify;\"><\/div>\n<div class=\"mceTemp\" style=\"text-align: justify;\">\u00a0 \u00a0Despu\u00e9s de tanto monumento no estoy muy seguro si lo de Monumental Barbacoa Motera ir\u00e1 por la cantidad de monumentos que tienen o por lo tremenda que ser\u00e1 la Barbacoa en s\u00ed, habr\u00e1 que ir a comprobarlo.<\/div>\n<div class=\"mceTemp\" style=\"text-align: justify;\"><\/div>\n<div class=\"mceTemp\" style=\"text-align: justify;\">\u00a0 \u00a0<strong><a title=\"Enlace al facebook de Moteros de Hoy\" href=\"https:\/\/www.facebook.com\/moteroshoy?ref=hl\" target=\"_blank\" rel=\"external nofollow\">Saludos y r\u00e1fagas<\/a><\/strong>,<\/div>\n<!-- AddThis Advanced Settings generic via filter on the_content --><!-- AddThis Share Buttons generic via filter on the_content -->","protected":false},"excerpt":{"rendered":"<p>\u00a0 \u00a0El pr\u00f3ximo d\u00eda 9 de junio de 2013 tendr\u00e1 lugar en la capital de las Vegas del Alag\u00f3n, para mayor se\u00f1a\u00a0Coria (C\u00e1ceres), lo que sus organizadores la Pe\u00f1a Motera &#8220;Esperando&#8221;\u00a0han nombrado como\u00a0&#8220;Monumental Barbacoa Motera&#8221;. \u00a0 \u00a0Para que entre apetito y dado que ser\u00e1 una barbacoa motera, han preparado una ruta que saldr\u00e1 de Coria\u00a0 [&hellip;]<!-- AddThis Advanced Settings generic via filter on get_the_excerpt --><!-- AddThis Share Buttons generic via filter on get_the_excerpt --><\/p>\n","protected":false},"author":49,"featured_media":0,"comment_status":"open","ping_status":"closed","sticky":false,"template":"","format":"standard","meta":[],"categories":[13],"tags":[],"_links":{"self":[{"href":"https:\/\/blogs.hoy.es\/moterosdehoy\/wp-json\/wp\/v2\/posts\/730"}],"collection":[{"href":"https:\/\/blogs.hoy.es\/moterosdehoy\/wp-json\/wp\/v2\/posts"}],"about":[{"href":"https:\/\/blogs.hoy.es\/moterosdehoy\/wp-json\/wp\/v2\/types\/post"}],"author":[{"embeddable":true,"href":"https:\/\/blogs.hoy.es\/moterosdehoy\/wp-json\/wp\/v2\/users\/49"}],"replies":[{"embeddable":true,"href":"https:\/\/blogs.hoy.es\/moterosdehoy\/wp-json\/wp\/v2\/comments?post=730"}],"version-history":[{"count":0,"href":"https:\/\/blogs.hoy.es\/moterosdehoy\/wp-json\/wp\/v2\/posts\/730\/revisions"}],"wp:attachment":[{"href":"https:\/\/blogs.hoy.es\/moterosdehoy\/wp-json\/wp\/v2\/media?parent=730"}],"wp:term":[{"taxonomy":"category","embeddable":true,"href":"https:\/\/blogs.hoy.es\/moterosdehoy\/wp-json\/wp\/v2\/categories?post=730"},{"taxonomy":"post_tag","embeddable":true,"href":"https:\/\/blogs.hoy.es\/moterosdehoy\/wp-json\/wp\/v2\/tags?post=730"}],"curies":[{"name":"wp","href":"https:\/\/api.w.org\/{rel}","templated":true}]}}