{"id":735,"date":"2013-05-27T16:20:53","date_gmt":"2013-05-27T16:20:53","guid":{"rendered":"http:\/\/blogs.hoy.es\/moterosdehoy\/?p=735"},"modified":"2013-05-27T16:20:53","modified_gmt":"2013-05-27T16:20:53","slug":"concentraciones-y-quedadas-moteras-junio-2013","status":"publish","type":"post","link":"https:\/\/blogs.hoy.es\/moterosdehoy\/2013\/05\/27\/concentraciones-y-quedadas-moteras-junio-2013\/","title":{"rendered":"Concentraciones y quedadas moteras JUNIO 2013"},"content":{"rendered":"<p style=\"text-align: justify;\">\u00a0 Otro mes aqu\u00ed llegan las principales concentraciones y quedadas moteras. Como de costumbre est\u00e1n separadas primero las de dentro de Extremadura, luego las del resto de Espa\u00f1a y para finalizar las de fuera.<\/p>\n<p style=\"text-align: justify;\"><a href=\"\/moterosdehoy\/wp-content\/uploads\/sites\/45\/2013\/05\/Chica-con-moto-4.jpg\"><img loading=\"lazy\" class=\"alignleft size-medium wp-image-736\" title=\"Chica con moto 4\" src=\"\/moterosdehoy\/wp-content\/uploads\/sites\/45\/2013\/05\/Chica-con-moto-4.jpg\" alt=\"\" width=\"300\" height=\"225\" srcset=\"https:\/\/static-blogs.hoy.es\/wp-content\/uploads\/sites\/45\/2013\/05\/Chica-con-moto-4.jpg 1024w, https:\/\/static-blogs.hoy.es\/wp-content\/uploads\/sites\/45\/2013\/05\/Chica-con-moto-4-300x225.jpg 300w, https:\/\/static-blogs.hoy.es\/wp-content\/uploads\/sites\/45\/2013\/05\/Chica-con-moto-4-768x576.jpg 768w\" sizes=\"(max-width: 300px) 100vw, 300px\" \/><\/a>\u00a0 \u00a0Relaci\u00f3n de concentraciones y quedadas moteras a lo largo de\u00a0<strong>junio<\/strong>\u00a02013 dentro de\u00a0<strong>Extremadura<\/strong>:<\/p>\n<p style=\"text-align: justify;\">D\u00eda <strong>8<\/strong>\u00a0\u2013 <a title=\"I Aniversario +1500 MG\" href=\"https:\/\/blogs.hoy.es\/moterosdehoy\/2013\/05\/14\/fiesta-motera-i-aniversario-1500\/\" target=\"_blank\">I Aniversario +1500<\/a> Fiesta Motera, en <strong>Badajoz<\/strong><\/p>\n<p style=\"text-align: justify;\">D\u00eda <strong>9<\/strong> &#8211; <a title=\"Monumental Barbacoa Motera en Coria\" href=\"https:\/\/blogs.hoy.es\/moterosdehoy\/2013\/05\/23\/barbacoa-motera-en-coria\/\" target=\"_blank\">Monumental Barbacoa Motera<\/a>, en Coria (<strong>C\u00e1ceres<\/strong>)<\/p>\n<p style=\"text-align: justify;\">D\u00edas\u00a0<strong>15 y 16<\/strong> &#8211; <a title=\"III Mototur\u00edstica Pe\u00f1a Motera Mayorga\" href=\"https:\/\/blogs.hoy.es\/moterosdehoy\/2013\/05\/29\/iii-mototuristica-en-plasencia\/\" target=\"_blank\">III Mototur\u00edstica Pe\u00f1a Motera Mayorga<\/a>\u00a0en Plasencia (<strong>C\u00e1ceres<\/strong>)<\/p>\n<p style=\"text-align: justify;\">D\u00eda <strong>16<\/strong> \u2013 <a title=\"IV Convivencia motera Alvarado\" href=\"https:\/\/blogs.hoy.es\/moterosdehoy\/2013\/06\/11\/4a-convivencia-motera-en-alvarado\/\" target=\"_blank\">IV Convivencia motera Alvarado<\/a>, en Alvarado (<strong>Badajoz<\/strong>)<\/p>\n<p style=\"text-align: justify;\">D\u00eda <strong>16<\/strong> &#8211; <a title=\"Ruta motera a Almendralejo\" href=\"https:\/\/blogs.hoy.es\/moterosdehoy\/2013\/06\/01\/ruta-motera-a-almendralejo\/\" target=\"_blank\">Ruta motera a Almendralejo<\/a>, salida de <strong>Badajoz<\/strong>.<\/p>\n<p style=\"text-align: justify;\">D\u00eda <strong>16<\/strong> &#8211; <a title=\"I Moto-Almuerzo Linea Motera\" href=\"http:\/\/www.moterosdehoy.es\/2013\/06\/01\/i-moto-almuerzo-linea-motera\/\" target=\"_blank\" rel=\"external nofollow\">I Moto-Almuerzo Linea Motera<\/a>, en Castuera (<strong>Badajoz<\/strong>)<\/p>\n<p>D\u00edas <strong>22 y 23<\/strong> &#8211; <a title=\"III Kedada motera MotoClub 0,24\u00ba\" href=\"http:\/\/www.tumotoweb.com\/destacada.php?id=2588\" target=\"_blank\" rel=\"external nofollow\">III Kedada motera MotoClub 0,24\u00ba<\/a>, en San Pedro de M\u00e9rida (<strong>Badajoz<\/strong>)<\/p>\n<p>D\u00edas\u00a0<strong>22 y 23<\/strong>\u00a0&#8211; I Concentraci\u00f3n motera en Granja de Torrehermosa (<strong>Badajoz<\/strong>)<\/p>\n<p style=\"text-align: justify;\">D\u00eda <strong>23<\/strong>&#8211; <a title=\"Ruta Fresca y Matine\" href=\"http:\/\/imageshack.us\/photo\/my-images\/708\/201306support.jpg\/\" target=\"_blank\" rel=\"external nofollow\">Ruta Fresca y Matine<\/a>, en Plasencia (<strong>C\u00e1ceres<\/strong>)<\/p>\n<p style=\"text-align: justify;\">D\u00eda <strong>29<\/strong> \u2013 <a title=\"I Ruta motera solidaria en Badajoz\" href=\"https:\/\/blogs.hoy.es\/moterosdehoy\/2013\/06\/17\/i-ruta-motera-solidaria-en-badajoz\/\" target=\"_blank\">I Ruta motera solidaria<\/a> en <strong>Badajoz<\/strong><\/p>\n<p style=\"text-align: justify;\">D\u00eda <strong>30<\/strong> &#8211; <a title=\"Ruta Buitrera y Matine\" href=\"http:\/\/imageshack.us\/photo\/my-images\/708\/201306support.jpg\/\" target=\"_blank\" rel=\"external nofollow\">Ruta Buitrera y Matine<\/a>, en Plasencia (<strong>C\u00e1ceres<\/strong>)<\/p>\n<p style=\"text-align: justify;\">.<\/p>\n<p style=\"text-align: justify;\">Concentraciones y quedadas moteras a lo largo de\u00a0<strong>junio\u00a0<\/strong>2013\u00a0<strong>fuera de Extremadura<\/strong>:<\/p>\n<p style=\"text-align: justify;\">Del <strong>31 al 2<\/strong> &#8211; <a title=\"X Concentraci\u00f3n motera solidaria\" href=\"http:\/\/imageshack.us\/photo\/my-images\/543\/20130530.jpg\/\" target=\"_blank\" rel=\"external nofollow\">X Concentraci\u00f3n motera solidaria<\/a>, en <strong>Tarragona<\/strong><\/p>\n<p style=\"text-align: justify;\">D\u00eda <strong>1<\/strong> &#8211; <a title=\"VI Concentraci\u00f3n motera Ciudad de Olvera\" href=\"http:\/\/www.tumotoweb.com\/destacada.php?id=2538\" target=\"_blank\" rel=\"external nofollow\">VI Concentraci\u00f3n motera Ciudad de Olvera<\/a>, en Olvera (<strong>C\u00e1diz<\/strong>)<\/p>\n<p style=\"text-align: justify;\">D\u00edas <strong>1 y 2<\/strong> &#8211; <a title=\"XIV Concentraci\u00f3n motera Tiburones\" href=\"http:\/\/www.tumotoweb.com\/destacada.php?id=2318\" target=\"_blank\" rel=\"external nofollow\">XIV Concentraci\u00f3n motera Tiburones<\/a>, en Almu\u00f1ecar (<strong>Granada<\/strong>)\u00a0<!--more--><\/p>\n<p style=\"text-align: justify;\">D\u00edas <strong>1 y 2<\/strong> &#8211; <a title=\"VII Reuni\u00f3n motera ben\u00e9fica\" href=\"http:\/\/www.tumotoweb.com\/destacada.php?id=2417\" target=\"_blank\" rel=\"external nofollow\">VII Reuni\u00f3n motera ben\u00e9fica<\/a>, en Estepona (<strong>M\u00e1laga<\/strong>)<\/p>\n<p style=\"text-align: justify;\">D\u00edas <strong>1 y 2<\/strong> &#8211; <a title=\"III Concentraci\u00f3n Ciudad de Cazalla\" href=\"http:\/\/www.tumotoweb.com\/destacada.php?id=2510\" target=\"_blank\" rel=\"external nofollow\">III Concentraci\u00f3n Ciudad de Cazalla<\/a>, en Cazalla de la Sierra (<strong>Sevilla<\/strong>)<\/p>\n<p style=\"text-align: justify;\">Dias <strong>1 y 2<\/strong> &#8211; <a title=\"VII Desafio Asturias en moto\" href=\"http:\/\/www.tumotoweb.com\/destacada.php?id=2399\" target=\"_blank\" rel=\"external nofollow\">VII Desafio Asturias en moto<\/a>, en Ribadesella (<strong>Asturias<\/strong>) <!--[if gte vml 1]><v:shapetype\nid=\"_x0000_t75\" coordsize=\"21600,21600\" o:spt=\"75\" o:preferrelative=\"t\"\npath=\"m@4@5l@4@11@9@11@9@5xe\" filled=\"f\" stroked=\"f\">\n<v:stroke joinstyle=\"miter\"\/>\n<v:formulas>\n<v:f eqn=\"if lineDrawn pixelLineWidth 0\"\/>\n<v:f eqn=\"sum @0 1 0\"\/>\n<v:f eqn=\"sum 0 0 @1\"\/>\n<v:f eqn=\"prod @2 1 2\"\/>\n<v:f eqn=\"prod @3 21600 pixelWidth\"\/>\n<v:f eqn=\"prod @3 21600 pixelHeight\"\/>\n<v:f eqn=\"sum @0 0 1\"\/>\n<v:f eqn=\"prod @6 1 2\"\/>\n<v:f eqn=\"prod @7 21600 pixelWidth\"\/>\n<v:f eqn=\"sum @8 21600 0\"\/>\n<v:f eqn=\"prod @7 21600 pixelHeight\"\/>\n<v:f eqn=\"sum @10 21600 0\"\/>\n<\/v:formulas>\n<v:path o:extrusionok=\"f\" gradientshapeok=\"t\" o:connecttype=\"rect\"\/>\n<o:lock v:ext=\"edit\" aspectratio=\"t\"\/>\n<\/v:shapetype><v:shape id=\"Imagen_x0020_2\" o:spid=\"_x0000_i1025\" type=\"#_x0000_t75\"\nalt=\"http:\/\/www.moterosdehoy.es\/wp-includes\/js\/tinymce\/plugins\/wordpress\/img\/trans.gif\"\nstyle='width:.75pt;height:.75pt;visibility:visible;mso-wrap-style:square'>\n<v:imagedata src=\"file:\/\/\/C:\\Users\\anTONYo\\AppData\\Local\\Temp\\msohtmlclip1\\01\\clip_image001.gif\"\no:title=\"trans\"\/>\n<\/v:shape><![endif]--><!--[if !vml]--><img loading=\"lazy\" src=\"file:\/\/\/C:\/Users\/anTONYo\/AppData\/Local\/Temp\/msohtmlclip1\/01\/clip_image001.gif\" alt=\"http:\/\/www.moterosdehoy.es\/wp-includes\/js\/tinymce\/plugins\/wordpress\/img\/trans.gif\" width=\"1\" height=\"1\" border=\"0\" \/><!--[endif]--><\/p>\n<p style=\"text-align: justify;\">D\u00eda <strong>2<\/strong> &#8211; <a title=\"VI Reuni\u00f3n motera en \u00c9cija\" href=\"http:\/\/www.tumotoweb.com\/destacada.php?id=2418\" target=\"_blank\" rel=\"external nofollow\">VI Reuni\u00f3n Motera Ciudad de \u00c9cija<\/a>, en \u00c9cija (<strong>Sevilla<\/strong>)<\/p>\n<p style=\"text-align: justify;\">D\u00eda <strong>2<\/strong> &#8211; <a title=\"III Encuentro motero Gallos\" href=\"http:\/\/www.tumotoweb.com\/destacada.php?id=2537\" target=\"_blank\" rel=\"external nofollow\">III Encuentro motero Gallos<\/a>, en Mor\u00f3n de la Frontera (<strong>Sevilla<\/strong>)<\/p>\n<p style=\"text-align: justify;\">D\u00eda <strong>2<\/strong> &#8211; <a title=\"Reuni\u00f3n motera ben\u00e9fica\" href=\"http:\/\/www.tumotoweb.com\/destacada.php?id=2501\" target=\"_blank\" rel=\"external nofollow\">Reuni\u00f3n motera ben\u00e9fica ayuda a Germ\u00e1n<\/a>, en La Victoria (<strong>C\u00f3rdoba<\/strong>)<\/p>\n<p style=\"text-align: justify;\">Del <strong>7 al 9<\/strong> &#8211; <a title=\"X Concentraci\u00f3n motera los Z\u00e1guillas\" href=\"http:\/\/www.tumotoweb.com\/destacada.php?id=2307\" target=\"_blank\" rel=\"external nofollow\">X Concentraci\u00f3n Motera los Z\u00e1guillas<\/a>, en El Saucejo (<strong>Sevilla<\/strong>)<\/p>\n<p style=\"text-align: justify;\">Del<strong> 7 al 9<\/strong> \u2013 <a title=\"V D\u00eda de la mujer motera\" href=\"http:\/\/imageshack.us\/photo\/my-images\/855\/2013097madrid.jpg\/\" target=\"_blank\" rel=\"external nofollow\">V Encuentro de la mujer motera<\/a>, en El Escorial (<strong>Madrid<\/strong>)<\/p>\n<p style=\"text-align: justify;\">Del <strong>7 al 9<\/strong> &#8211; <a title=\"XV Aniversario VOCS\" href=\"http:\/\/www.moterosdehoy.es\/2013\/05\/15\/xv-aniversario-del-v-o-c-s\/\" target=\"_blank\" rel=\"external nofollow\">XV Aniversario del VOCS<\/a>, en Cofrades (<strong>Valencia<\/strong>)<\/p>\n<p style=\"text-align: justify;\">D\u00eda <strong>8<\/strong> &#8211; <a title=\"II Concentraci\u00f3n motera en Gibrale\u00f3n\" href=\"http:\/\/www.tumotoweb.com\/destacada.php?id=2498\" target=\"_blank\" rel=\"external nofollow\">II Concentraci\u00f3n Motera Ciudad de Gibrale\u00f3n<\/a>, en Gibrale\u00f3n (<strong>Huelva<\/strong>)<\/p>\n<p style=\"text-align: justify;\">D\u00edas <strong>8 y 9<\/strong> &#8211; <a title=\"I Concentraci\u00f3n motera Hormigas\" href=\"http:\/\/www.tumotoweb.com\/destacada.php?id=2465\" target=\"_blank\" rel=\"external nofollow\">I Concentraci\u00f3n Motera Hormigas<\/a>, en Villalbilla (<strong>Madrid<\/strong>)<\/p>\n<p style=\"text-align: justify;\">D\u00edas <strong>8 y 9<\/strong> &#8211; <a title=\"VIII Concentraci\u00f3n motera \u00c1guilas del sur\" href=\"http:\/\/www.tumotoweb.com\/destacada.php?id=2549\" target=\"_blank\" rel=\"external nofollow\">VIII Concentraci\u00f3n motera \u00c1guilas del Sur<\/a>, en Baeza (<strong>Ja\u00e9n<\/strong>)<\/p>\n<p style=\"text-align: justify;\">D\u00eda <strong>9<\/strong> &#8211; <a title=\"I Almuerzo motero-exhibici\u00f3n\" href=\"http:\/\/www.tumotoweb.com\/destacada.php?id=2503\" target=\"_blank\" rel=\"external nofollow\">I Almuerzo Motero-Exhibici\u00f3n<\/a>, en Hell\u00edn (<strong>Albacete<\/strong>)<\/p>\n<p style=\"text-align: justify;\">D\u00eda <strong>9<\/strong> &#8211; <a title=\"IV Aniversario Ben\u00e9fico Coast Riders\" href=\"http:\/\/www.tumotoweb.com\/destacada.php?id=2535\" target=\"_blank\" rel=\"external nofollow\">IV Aniversario Ben\u00e9fico Coast Riders<\/a>, en Fuengirola (<strong>M\u00e1laga<\/strong>)<\/p>\n<p style=\"text-align: justify;\">D\u00eda <strong>9<\/strong> &#8211; <a title=\"VII Moto Almuerzo villa de Benidorm\" href=\"http:\/\/www.tumotoweb.com\/destacada.php?id=2536\" target=\"_blank\" rel=\"external nofollow\">VII Moto Almuerzo<\/a>, en Benidorm (<strong>Alicante<\/strong>)<\/p>\n<p style=\"text-align: justify;\">D\u00eda <strong>9<\/strong> &#8211; <a title=\"II Concentraci\u00f3n motera San Antonio de Padua\" href=\"http:\/\/www.tumotoweb.com\/calendario.php?id=14&#038;mes=6&#038;anio=2013#event_2543\" target=\"_blank\" rel=\"external nofollow\">II Concentraci\u00f3n motera San Antonio de Padua<\/a>, en Collado Villalba (<strong>Madrid<\/strong>)<\/p>\n<p style=\"text-align: justify;\">D\u00eda <strong>9<\/strong> &#8211; <a title=\"VII Gran reuni\u00f3n aniversario Los Zumitos\" href=\"http:\/\/www.tumotoweb.com\/calendario.php?id=1&#038;mes=6&#038;anio=2013#event_2582\" target=\"_blank\" rel=\"external nofollow\">VII Gran reuni\u00f3n aniversario Los Zumitos<\/a>, en San Mart\u00edn del Tesorillo (<strong>C\u00e1diz<\/strong>)<\/p>\n<p style=\"text-align: justify;\">D\u00edas <strong>15 y 16<\/strong> &#8211; <a title=\"X Concentraci\u00f3n motera Ciudad del Vino\" href=\"http:\/\/www.tumotoweb.com\/destacada.php?id=2468\" target=\"_blank\" rel=\"external nofollow\">X Concentraci\u00f3n motera Ciudad del Vino<\/a>, en Valdepe\u00f1as (<strong>Ciudad Real<\/strong>)<\/p>\n<p style=\"text-align: justify;\">D\u00edas <strong>15 y 16<\/strong> &#8211; <a title=\"II Motoacampada los Catastr\u00f3ficos\" href=\"http:\/\/www.tumotoweb.com\/destacada.php?id=2484\" target=\"_blank\" rel=\"external nofollow\">II Motoacampada los Catastr\u00f3ficos<\/a>, en Casariche (<strong>Sevilla<\/strong>)<\/p>\n<p style=\"text-align: justify;\">D\u00edas <strong>15 y 16<\/strong> &#8211; <a title=\"XI Concentraci\u00f3n ciudad de Chipiona\" href=\"http:\/\/www.tumotoweb.com\/destacada.php?id=2539\" target=\"_blank\" rel=\"external nofollow\">XI Concentraci\u00f3n ciudad de Chipiona<\/a>, en Chipiona (<strong>C\u00e1diz<\/strong>)<\/p>\n<p style=\"text-align: justify;\">D\u00edas <strong>15 y 16<\/strong> &#8211; <a title=\"Encuentro motero recogida alimentos\" href=\"http:\/\/www.tumotoweb.com\/destacada.php?id=2533\" target=\"_blank\" rel=\"external nofollow\">Encuentro motero recogida solidaria de alimentos<\/a> prov. de Huelva, en Galaroza (<strong>Huelva<\/strong>)<\/p>\n<p style=\"text-align: justify;\">D\u00eda <strong>16<\/strong> &#8211; <a title=\"I Ruta Mototur\u00edstica los Linces de Montoro\" href=\"http:\/\/www.tumotoweb.com\/destacada.php?id=2534\" target=\"_blank\" rel=\"external nofollow\">I Ruta Mototur\u00edstica los Linces de Montoro<\/a>, en Montoro (<strong>C\u00f3rdoba<\/strong>)<\/p>\n<p style=\"text-align: justify;\">Del <strong>21 al 23<\/strong> &#8211; <a title=\"I Concentraci\u00f3n motera Melide\" href=\"http:\/\/www.tumotoweb.com\/destacada.php?id=2542\" target=\"_blank\" rel=\"external nofollow\">I Concentraci\u00f3n motera Melide<\/a>, en Melide (<strong>A Coru\u00f1a<\/strong>)<\/p>\n<p style=\"text-align: justify;\">Del <strong>21 al 23<\/strong> &#8211; <a title=\"I on road 66\" href=\"http:\/\/www.tumotoweb.com\/calendario.php?id=2&#038;mes=6&#038;anio=2013#event_2545\" target=\"_blank\" rel=\"external nofollow\">I on road 66<\/a>, en <strong>Zaragoza<\/strong><\/p>\n<p style=\"text-align: justify;\">D\u00eda <strong>22<\/strong> &#8211; <a title=\"II Merienda motera\" href=\"https:\/\/www.facebook.com\/photo.php?fbid=10200825157465591&#038;set=o.340672412685717&#038;type=1&#038;theater\" target=\"_blank\" rel=\"external nofollow\">II Merienda motera<\/a>, en Zarcilla de Ramos (<strong>Murcia<\/strong>)<\/p>\n<p style=\"text-align: justify;\">D\u00eda <strong>23<\/strong> &#8211; <a title=\"VIII Encuentro motero Pub El Encuentro\" href=\"http:\/\/www.tumotoweb.com\/destacada.php?id=2574\" target=\"_blank\" rel=\"external nofollow\">VIII Encuentro motero Pub El Encuentro<\/a>, en Puerto Serrano (<strong>C\u00e1diz<\/strong>)<\/p>\n<p style=\"text-align: justify;\">Del <strong>28 al 30<\/strong> &#8211; <a title=\"IV Concentraci\u00f3n motera Bierzorros\" href=\"http:\/\/www.tumotoweb.com\/destacada.php?id=2462\" target=\"_blank\" rel=\"external nofollow\">IV Concentraci\u00f3n motera Bierzorros<\/a>, en Bembibre (<strong>Le\u00f3n<\/strong>)<\/p>\n<p style=\"text-align: justify;\">Del <strong>28 al 30<\/strong> &#8211; <a title=\"X KDD nacional Ducatistas\" href=\"http:\/\/www.moterosdehoy.es\/2013\/06\/15\/x-kdd-nacional-ducatistas\/\" target=\"_blank\" rel=\"external nofollow\">X KDD nacional Ducatistas<\/a>, en Gij\u00f3n (<strong>Asturias<\/strong>)<\/p>\n<p style=\"text-align: justify;\">D\u00edas <strong>29 y 30<\/strong> &#8211; <a title=\"XV Concentraci\u00f3n motera Medievales\" href=\"http:\/\/www.tumotoweb.com\/destacada.php?id=2466\" target=\"_blank\" rel=\"external nofollow\">XV Concentraci\u00f3n motera Medievales<\/a>, en Quesada (<strong>Ja\u00e9n<\/strong>)<\/p>\n<p style=\"text-align: justify;\">.<\/p>\n<p style=\"text-align: justify;\">Concentraciones y quedadas moteras a lo largo de\u00a0<strong>junio<\/strong>\u00a02013 <strong>fuera de Espa\u00f1a<\/strong>:<\/p>\n<p style=\"text-align: justify;\">Del <strong>31 al 2<\/strong> &#8211; <a title=\"Raduno Internacionale\" href=\"http:\/\/www.motoclubmotrix.org\/foro\/viewtopic.php?t=3121&#038;p=22270#p22270\" target=\"_blank\" rel=\"external nofollow\">Raduno internacionale a Querceta<\/a>, en Querceta (<strong>Italia<\/strong>)<\/p>\n<p style=\"text-align: justify;\">D\u00eda <strong>1<\/strong> &#8211; Moto Clube de Odivelas &#8211; Doninhas do Asfalto (Anivers\u00e1rio) (<strong>Portugal<\/strong>)<\/p>\n<p style=\"text-align: justify;\">D\u00eda <strong>1<\/strong> &#8211; Motoclube Arrast\u00f5es &#8211; Matosinhos (<strong>Portugal<\/strong>)<\/p>\n<p style=\"text-align: justify;\">D\u00eda <strong>1<\/strong> &#8211; Grupo Motard Montanh\u00e3o (<strong>Portugal<\/strong>)<\/p>\n<p style=\"text-align: justify;\">D\u00eda<strong> 1<\/strong> &#8211; Javalis do Asfalto (Passeio Rota do Javali &#8211; Vinhais) (<strong>Portugal<\/strong>)<\/p>\n<p style=\"text-align: justify;\">D\u00eda <strong>1<\/strong> &#8211; Moto Clube KM 27 Maceda (Anivers\u00e1rio) (<strong>Portugal<\/strong>)<\/p>\n<p style=\"text-align: justify;\">D\u00eda <strong>1<\/strong> &#8211; Motoclube Cezimbra (Anivers\u00e1rio e Encontro Motard) (<strong>Portugal<\/strong>)<\/p>\n<p style=\"text-align: justify;\">D\u00eda <strong>1<\/strong> &#8211; West Riders Portugal &#8211; Venda Seca, Belas (<strong>Portugal<\/strong>)<\/p>\n<p style=\"text-align: justify;\">D\u00eda <strong>1<\/strong> &#8211; Grupo Motard Tal &#038; Qual &#8211; Montijo (Anivers\u00e1rio) (<strong>Portugal<\/strong>)<\/p>\n<p style=\"text-align: justify;\">Del <strong>1 al 2<\/strong> &#8211; <a title=\"Encontro Nacional Motard\" href=\"http:\/\/imageshack.us\/photo\/my-images\/850\/20130601.jpg\/\" target=\"_blank\" rel=\"external nofollow\">Encontro Nacional Motard<\/a>, en Coimbra (<strong>Portugal<\/strong>)<\/p>\n<p style=\"text-align: justify;\">Del <strong>1 al 2<\/strong> &#8211; Clube Motard Sra. da Pena &#8211; Mou\u00e7\u00f3s, Vila Real (<strong>Portugal<\/strong>)<\/p>\n<p style=\"text-align: justify;\">D\u00edas <strong>1 y 2<\/strong> &#8211; <a title=\"Spring Party\" href=\"http:\/\/www.motoclubmotrix.org\/foro\/viewtopic.php?t=1260&#038;p=22269#p22269\" target=\"_blank\" rel=\"external nofollow\">Spring Party<\/a>, en Hendaya (<strong>Francia<\/strong>)<\/p>\n<p style=\"text-align: justify;\">Del <strong>7 y 8<\/strong> &#8211; Grupo Motard Pata Negra &#8211; Fuseta (<strong>Portugal<\/strong>)<\/p>\n<p style=\"text-align: justify;\">D\u00edas <strong>7 y 8<\/strong> &#8211; Motoclube de Alhandra (<strong>Portugal<\/strong>)<\/p>\n<p style=\"text-align: justify;\">Del <strong>7 al 9<\/strong> &#8211; Moto Clube de Brotas (<strong>Portugal<\/strong>)<\/p>\n<p style=\"text-align: justify;\">Del <strong>7 al 9<\/strong> &#8211; Moto Clube de Almod\u00f4var (<strong>Portugal<\/strong>)<\/p>\n<p style=\"text-align: justify;\">Del <strong>7 al 9<\/strong> &#8211; Grupo Motard Boca Seca &#8211; Carvalhais de Baixo, Coimbra (<strong>Portugal<\/strong>)<\/p>\n<p style=\"text-align: justify;\">D\u00eda <strong>8<\/strong> &#8211; Amigos Motards de Avanca (<strong>Portugal<\/strong>)<\/p>\n<p style=\"text-align: justify;\">D\u00eda <strong>8<\/strong> &#8211; Grupo Motard Lobos de Carnaxide\u00a0 (Anivers\u00e1rio) (<strong>Portugal<\/strong>)<\/p>\n<p style=\"text-align: justify;\">Del <strong>14 al 16<\/strong> &#8211; Grupo Motard Templ\u00e1rios &#8211; Tomar (<strong>Portugal<\/strong>)<\/p>\n<p style=\"text-align: justify;\">Del <strong>14 al 16<\/strong> &#8211; <a title=\"XVIII Concentra\u00e7\u00e3o Motoclube Braga\" href=\"http:\/\/imageshack.us\/photo\/my-images\/28\/20130613.jpg\/\" target=\"_blank\" rel=\"external nofollow\">XVIII Concentra\u00e7ao Motoclube Braga<\/a>, en Braga (<strong>Portugal<\/strong>)<\/p>\n<p style=\"text-align: justify;\">Del <strong>14 al 16<\/strong> &#8211; Grupo Motard Rodar Lento &#8211; Cercal do Alentejo (<strong>Portugal<\/strong>)<\/p>\n<p style=\"text-align: justify;\">Del <strong>14 al 16<\/strong> &#8211; Moto Clube de Moura (<strong>Portugal<\/strong>)<\/p>\n<p style=\"text-align: justify;\">Del <strong>14 al 16<\/strong> &#8211; Grupo Motard Rodas do Z\u00eazere &#8211; Pedr\u00f3g\u00e3o Grande (<strong>Portugal<\/strong>)<\/p>\n<p style=\"text-align: justify;\">D\u00eda <strong>15<\/strong> &#8211; Motoclube de Pinhal Novo (Anivers\u00e1rio) (<strong>Portugal<\/strong>)<\/p>\n<p style=\"text-align: justify;\">Del <strong>21 a 23<\/strong> &#8211; Motoclube de Vizela (<strong>Portugal<\/strong>)<\/p>\n<p style=\"text-align: justify;\">Del <strong>21 a 23<\/strong> &#8211; Moto Malta de Faro (<strong>Portugal<\/strong>)<\/p>\n<p style=\"text-align: justify;\">D\u00eda <strong>22<\/strong> &#8211; Grupo Motard Motocoiso de Sarilhos Pequenos (<strong>Portugal<\/strong>)<\/p>\n<p style=\"text-align: justify;\">Del <strong>28 al 30<\/strong> \u2013 Clube Motard de Serpins \u201cOs Serpentinos\u201d &#8211; Lous\u00e3 (<strong>Portugal<\/strong>)<\/p>\n<p style=\"text-align: justify;\">Del <strong>28 al 30<\/strong> &#8211; Grupo Motard Tigres da Estrada &#8211; Carregado (<strong>Portugal<\/strong>)<\/p>\n<p style=\"text-align: justify;\">Del <strong>28 al 30<\/strong> &#8211; Tesos do Ribatejo &#8211; Riachos, Torres Novas (<strong>Portugal<\/strong>)<\/p>\n<p style=\"text-align: justify;\">Del <strong>28 al 30<\/strong> &#8211; Moto Clube do Barreiro (<strong>Portugal<\/strong>)<\/p>\n<p style=\"text-align: justify;\">Del <strong>28 al 30<\/strong> &#8211; Moto Clube de Alfena (<strong>Portugal<\/strong>)<\/p>\n<p style=\"text-align: justify;\">D\u00eda <strong>29<\/strong> &#8211; Grupo Motard Pech\u00e3o &#8211; Algarve (<strong>Portugal<\/strong>)<\/p>\n<p style=\"text-align: justify;\">Del <strong>29 y 30<\/strong> &#8211; Joker Grupo Motard\u00a0 (1\u00ba conv\u00edvio motard \u00e0 moda antiga e 1\u00ba anivers\u00e1rio) (<strong>Portugal<\/strong>)<\/p>\n<p style=\"text-align: justify;\">.<\/p>\n<p style=\"text-align: justify;\">Ir\u00e9 poniendo m\u00e1s y sus enlaces a medida que se aproximen y me vaya enterando de m\u00e1s informaci\u00f3n.<\/p>\n<p style=\"text-align: justify;\">Espero que disfrut\u00e9is de muchas de ellas e igual nos vemos por ah\u00ed.<\/p>\n<p style=\"text-align: justify;\"><a title=\"Enlace al facebook de Moteros de Hoy\" href=\"https:\/\/www.facebook.com\/moteroshoy?ref=hl\" target=\"_blank\" rel=\"external nofollow\"><strong>Saludos y r\u00e1fagas<\/strong><\/a><strong>.<\/strong><\/p>\n<!-- AddThis Advanced Settings generic via filter on the_content --><!-- AddThis Share Buttons generic via filter on the_content -->","protected":false},"excerpt":{"rendered":"<p>\u00a0 Otro mes aqu\u00ed llegan las principales concentraciones y quedadas moteras. Como de costumbre est\u00e1n separadas primero las de dentro de Extremadura, luego las del resto de Espa\u00f1a y para finalizar las de fuera. \u00a0 \u00a0Relaci\u00f3n de concentraciones y quedadas moteras a lo largo de\u00a0junio\u00a02013 dentro de\u00a0Extremadura: D\u00eda 8\u00a0\u2013 I Aniversario +1500 Fiesta Motera, en [&hellip;]<!-- AddThis Advanced Settings generic via filter on get_the_excerpt --><!-- AddThis Share Buttons generic via filter on get_the_excerpt --><\/p>\n","protected":false},"author":49,"featured_media":0,"comment_status":"open","ping_status":"closed","sticky":false,"template":"","format":"standard","meta":[],"categories":[5,13],"tags":[255,622,639,828],"_links":{"self":[{"href":"https:\/\/blogs.hoy.es\/moterosdehoy\/wp-json\/wp\/v2\/posts\/735"}],"collection":[{"href":"https:\/\/blogs.hoy.es\/moterosdehoy\/wp-json\/wp\/v2\/posts"}],"about":[{"href":"https:\/\/blogs.hoy.es\/moterosdehoy\/wp-json\/wp\/v2\/types\/post"}],"author":[{"embeddable":true,"href":"https:\/\/blogs.hoy.es\/moterosdehoy\/wp-json\/wp\/v2\/users\/49"}],"replies":[{"embeddable":true,"href":"https:\/\/blogs.hoy.es\/moterosdehoy\/wp-json\/wp\/v2\/comments?post=735"}],"version-history":[{"count":0,"href":"https:\/\/blogs.hoy.es\/moterosdehoy\/wp-json\/wp\/v2\/posts\/735\/revisions"}],"wp:attachment":[{"href":"https:\/\/blogs.hoy.es\/moterosdehoy\/wp-json\/wp\/v2\/media?parent=735"}],"wp:term":[{"taxonomy":"category","embeddable":true,"href":"https:\/\/blogs.hoy.es\/moterosdehoy\/wp-json\/wp\/v2\/categories?post=735"},{"taxonomy":"post_tag","embeddable":true,"href":"https:\/\/blogs.hoy.es\/moterosdehoy\/wp-json\/wp\/v2\/tags?post=735"}],"curies":[{"name":"wp","href":"https:\/\/api.w.org\/{rel}","templated":true}]}}