{"id":747,"date":"2013-06-01T16:45:29","date_gmt":"2013-06-01T16:45:29","guid":{"rendered":"http:\/\/blogs.hoy.es\/moterosdehoy\/?p=747"},"modified":"2013-06-01T16:45:29","modified_gmt":"2013-06-01T16:45:29","slug":"ruta-motera-a-almendralejo","status":"publish","type":"post","link":"https:\/\/blogs.hoy.es\/moterosdehoy\/2013\/06\/01\/ruta-motera-a-almendralejo\/","title":{"rendered":"Ruta motera a Almendralejo"},"content":{"rendered":"<p style=\"text-align: justify;\">\u00a0 \u00a0El grupo motero <strong><a title=\"Foro del Sektor Oscuro\" href=\"http:\/\/www.sektores.com\/foro\/forumdisplay.php?f=71\" target=\"_blank\" rel=\"external nofollow\">Sektor Oscuro<\/a><\/strong> y en concreto de la mano de Goliat y Philippe, han organizado una <strong>RUTA MOTERA<\/strong> para rodar por el entorno.<\/p>\n<div id=\"attachment_748\" style=\"width: 310px\" class=\"wp-caption alignleft\"><a href=\"\/moterosdehoy\/wp-content\/uploads\/sites\/45\/2013\/06\/6b37a76ee73d6fc74b9b69f47fee07f0.jpg\"><img aria-describedby=\"caption-attachment-748\" loading=\"lazy\" class=\"size-medium wp-image-748\" title=\"6b37a76ee73d6fc74b9b69f47fee07f0\" src=\"\/moterosdehoy\/wp-content\/uploads\/sites\/45\/2013\/06\/6b37a76ee73d6fc74b9b69f47fee07f0.jpg\" alt=\"\" width=\"300\" height=\"200\" srcset=\"https:\/\/static-blogs.hoy.es\/wp-content\/uploads\/sites\/45\/2013\/06\/6b37a76ee73d6fc74b9b69f47fee07f0.jpg 800w, https:\/\/static-blogs.hoy.es\/wp-content\/uploads\/sites\/45\/2013\/06\/6b37a76ee73d6fc74b9b69f47fee07f0-300x200.jpg 300w, https:\/\/static-blogs.hoy.es\/wp-content\/uploads\/sites\/45\/2013\/06\/6b37a76ee73d6fc74b9b69f47fee07f0-768x513.jpg 768w\" sizes=\"(max-width: 300px) 100vw, 300px\" \/><\/a><p id=\"caption-attachment-748\" class=\"wp-caption-text\">Cartel del evento<\/p><\/div>\n<p style=\"text-align: justify;\">\u00a0 \u00a0Tendr\u00e1 lugar el pr\u00f3ximo d\u00eda <strong>16 de junio 2013<\/strong>, aprovechando que es el d\u00eda nacional de recogida de alimentos &#8220;Moteros Vs El Hambre&#8221; y que habr\u00e1 personal que tras acudir a <a title=\"Evento de recogida de alimentos en Plasencia\" href=\"https:\/\/blogs.hoy.es\/moterosdehoy\/2013\/05\/29\/iii-mototuristica-en-plasencia\/\" target=\"_blank\">Plasencia<\/a> o Castuera, quiera comer cerca de casa en uni\u00f3n de los colegas.<\/p>\n<p style=\"text-align: justify;\">\u00a0 \u00a0Para ello y quien no haya podido acudir a dichos eventos, se reunir\u00e1n en <strong>el B\u00e1 de Fran<\/strong> (sito junto al parque de San Fernando, en <a title=\"Badajoz en Wikipedia\" href=\"http:\/\/es.wikipedia.org\/wiki\/Badajoz\" target=\"_blank\" rel=\"external nofollow\">Badajoz<\/a>), <strong>para salir de all\u00ed a las 12:00 horas<\/strong>.<\/p>\n<p style=\"text-align: justify;\">\u00a0 \u00a0Realizar\u00e1n una ruta que finalizar\u00e1 en el <strong>Restaurante Amaya<\/strong> de <a title=\"Almendralejo en Wikipedia\" href=\"http:\/\/es.wikipedia.org\/wiki\/Almendralejo\" target=\"_blank\" rel=\"external nofollow\">Almendralejo<\/a>. Lugar donde ser\u00e1n obsequiados con una <strong>paella y costillada GRATIS<\/strong>, solo se abonar\u00e1n las consumiciones. Adem\u00e1s mientras y para amenizar la fiesta habr\u00e1 un conocido <strong>grupo de Rock de la zona<\/strong>.<\/p>\n<p style=\"text-align: justify;\"><a href=\"\/moterosdehoy\/wp-content\/uploads\/sites\/45\/2013\/06\/images1.jpg\"><img loading=\"lazy\" class=\"alignright size-full wp-image-754\" title=\"images\" src=\"\/moterosdehoy\/wp-content\/uploads\/sites\/45\/2013\/06\/images1.jpg\" alt=\"\" width=\"268\" height=\"178\" \/><\/a>\u00a0 \u00a0Si quieres unirte al grupo tan solo tienes que comunicarlo con anterioridad para que sepan a n\u00famero pueden llegar y tener preparada al comida. Lo que puedes hacer en el propio foro del Sektor Oscuro o en el tel\u00e9fono de contacto que aparece en el cartel.<\/p>\n<p style=\"text-align: justify;\">\u00a0\u00a0Adem\u00e1s el d\u00eda 16 se realiza a nivel nacional una recogida de alimentos en una campa\u00f1a de Moteros Vs el Hambre, por lo que si vas si puedes nos encantar\u00eda que pudieras llevar alg\u00fan producto no perecedero para poder donarlo a la campa\u00f1a.<\/p>\n<p style=\"text-align: justify;\"><strong>\u00a0 \u00a0<a title=\"Acceso al facebook de Moteros de Hoy\" href=\"https:\/\/www.facebook.com\/moteroshoy?ref=hl\" target=\"_blank\" rel=\"external nofollow\">Saludos y r\u00e1fagas<\/a>.<\/strong><\/p>\n<!-- AddThis Advanced Settings generic via filter on the_content --><!-- AddThis Share Buttons generic via filter on the_content -->","protected":false},"excerpt":{"rendered":"<p>\u00a0 \u00a0El grupo motero Sektor Oscuro y en concreto de la mano de Goliat y Philippe, han organizado una RUTA MOTERA para rodar por el entorno. \u00a0 \u00a0Tendr\u00e1 lugar el pr\u00f3ximo d\u00eda 16 de junio 2013, aprovechando que es el d\u00eda nacional de recogida de alimentos &#8220;Moteros Vs El Hambre&#8221; y que habr\u00e1 personal que [&hellip;]<!-- AddThis Advanced Settings generic via filter on get_the_excerpt --><!-- AddThis Share Buttons generic via filter on get_the_excerpt --><\/p>\n","protected":false},"author":49,"featured_media":0,"comment_status":"open","ping_status":"closed","sticky":false,"template":"","format":"standard","meta":[],"categories":[13],"tags":[433,621,622,624,629,639,641,867,899],"_links":{"self":[{"href":"https:\/\/blogs.hoy.es\/moterosdehoy\/wp-json\/wp\/v2\/posts\/747"}],"collection":[{"href":"https:\/\/blogs.hoy.es\/moterosdehoy\/wp-json\/wp\/v2\/posts"}],"about":[{"href":"https:\/\/blogs.hoy.es\/moterosdehoy\/wp-json\/wp\/v2\/types\/post"}],"author":[{"embeddable":true,"href":"https:\/\/blogs.hoy.es\/moterosdehoy\/wp-json\/wp\/v2\/users\/49"}],"replies":[{"embeddable":true,"href":"https:\/\/blogs.hoy.es\/moterosdehoy\/wp-json\/wp\/v2\/comments?post=747"}],"version-history":[{"count":0,"href":"https:\/\/blogs.hoy.es\/moterosdehoy\/wp-json\/wp\/v2\/posts\/747\/revisions"}],"wp:attachment":[{"href":"https:\/\/blogs.hoy.es\/moterosdehoy\/wp-json\/wp\/v2\/media?parent=747"}],"wp:term":[{"taxonomy":"category","embeddable":true,"href":"https:\/\/blogs.hoy.es\/moterosdehoy\/wp-json\/wp\/v2\/categories?post=747"},{"taxonomy":"post_tag","embeddable":true,"href":"https:\/\/blogs.hoy.es\/moterosdehoy\/wp-json\/wp\/v2\/tags?post=747"}],"curies":[{"name":"wp","href":"https:\/\/api.w.org\/{rel}","templated":true}]}}