{"id":764,"date":"2013-06-17T23:03:08","date_gmt":"2013-06-17T23:03:08","guid":{"rendered":"http:\/\/blogs.hoy.es\/moterosdehoy\/?p=764"},"modified":"2013-06-17T23:03:08","modified_gmt":"2013-06-17T23:03:08","slug":"i-ruta-motera-solidaria-en-badajoz","status":"publish","type":"post","link":"https:\/\/blogs.hoy.es\/moterosdehoy\/2013\/06\/17\/i-ruta-motera-solidaria-en-badajoz\/","title":{"rendered":"I ruta motera solidaria en Badajoz"},"content":{"rendered":"<p style=\"text-align: justify;\">\u00a0 \u00a0El pr\u00f3ximo d\u00eda<strong> 29 de junio 2013<\/strong> y coincidiendo con las Ferias de San Juan, tendr\u00e1 lugar en el Auditorio Municipal de Badajoz el primer Festival Solidario, bajo el nombre de \u201c<strong>Cubacidarte<\/strong>\u201d. Recibiendo su nombre de la uni\u00f3n de Cuba \u2013 Asociaci\u00f3n Cultural de Badajoz. Cid \u2013 Discapacidad (Apnaba y Aspaceba). Arte \u2013 Festival de m\u00fasica.<\/p>\n<div id=\"attachment_765\" style=\"width: 220px\" class=\"wp-caption alignright\"><a href=\"\/moterosdehoy\/wp-content\/uploads\/sites\/45\/2013\/06\/2013-06-29-Badajoz.jpg\"><img aria-describedby=\"caption-attachment-765\" loading=\"lazy\" class=\"size-medium wp-image-765\" title=\"2013-06-29 Badajoz\" src=\"\/moterosdehoy\/wp-content\/uploads\/sites\/45\/2013\/06\/2013-06-29-Badajoz.jpg\" alt=\"\" width=\"210\" height=\"300\" srcset=\"https:\/\/static-blogs.hoy.es\/wp-content\/uploads\/sites\/45\/2013\/06\/2013-06-29-Badajoz.jpg 900w, https:\/\/static-blogs.hoy.es\/wp-content\/uploads\/sites\/45\/2013\/06\/2013-06-29-Badajoz-210x300.jpg 210w, https:\/\/static-blogs.hoy.es\/wp-content\/uploads\/sites\/45\/2013\/06\/2013-06-29-Badajoz-768x1097.jpg 768w, https:\/\/static-blogs.hoy.es\/wp-content\/uploads\/sites\/45\/2013\/06\/2013-06-29-Badajoz-717x1024.jpg 717w\" sizes=\"(max-width: 210px) 100vw, 210px\" \/><\/a><p id=\"caption-attachment-765\" class=\"wp-caption-text\">Cartel de Cubacidarte<\/p><\/div>\n<p style=\"text-align: justify;\">\u00a0 Se trata de una jornada de convivencia con talleres infantiles, globo flexia, puestos de artesan\u00eda, exposici\u00f3n motera, danza y actuaci\u00f3n de 7 de los mejores grupos de Extremadura: Los ni\u00f1os de los Ojos Rojos, Kaxta, La Kuerda, Blame the Dog, Barbas de Oro, Radiofonic y Mestura.<\/p>\n<p style=\"text-align: justify;\">\u00a0 \u00a0El precio del festival solidario tiene un precio \u00fanico de 5\u20ac y todos los beneficios recaudados en la edici\u00f3n ir\u00e1n destinadas, adem\u00e1s de a la asociaci\u00f3n de Cubacidarte, a <a title=\"P\u00e1gina web de ASPACEBA\" href=\"http:\/\/www.aspaceba.org\/\" target=\"_blank\" rel=\"external nofollow\">ASPACEBA<\/a> (Asociaci\u00f3n de Par\u00e1lisis Cerebral de Badajoz) y <a title=\"P\u00e1gina web de APNABA\" href=\"http:\/\/www.apnaba.org\/\" target=\"_blank\" rel=\"external nofollow\">APNABA<\/a> (Asociaci\u00f3n de Autismo de Badajoz). Los puntos de venta anticipado son: Badajoz (Bar Nuevo Chicago, Pub el Refugio, Prom\u00fasica y Centro de Ocio Contempor\u00e1neo). En C\u00e1ceres (Prom\u00fasica). Y en M\u00e9rida: (Prom\u00fasica).<\/p>\n<p style=\"text-align: justify;\">\u00a0 \u00a0Aprovechando dicho evento, los grupos moteros <strong><a title=\"Foro del Sektor Oscuro\" href=\"http:\/\/www.sektores.com\/foro\/forumdisplay.php?f=71\" target=\"_blank\" rel=\"external nofollow\">Sektor Oscuro<\/a><\/strong>, <strong><a title=\"Blog de la Pe\u00f1a Motera Espantaperros\" href=\"http:\/\/espantaperros.blogspot.com.es\/\" target=\"_blank\" rel=\"external nofollow\">Pe\u00f1a motera Espantaperros<\/a><\/strong> y la <strong>Territorial del <a title=\"Enlace al facebook del VOCS Extremadura\" href=\"https:\/\/www.facebook.com\/pages\/VOCS-Territorial-Extremadura\/143838512447393\" target=\"_blank\" rel=\"external nofollow\">VOCS de Extremadura<\/a><\/strong>. Junto al Restaurante <strong>Castillo de Luna<\/strong>, de Alburquerque y el <strong>B\u00e1 de Fran<\/strong>, de Badajoz. Han organizado una quedada motera bajo el nombre de \u201c<strong>I ruta motera solidaria<\/strong>\u201d<\/p>\n<p style=\"text-align: justify;\">\u00a0 \u00a0El lugar de reuni\u00f3n ser\u00e1 a las <strong>10:00 h, en el <a title=\"El B\u00e1 de Fran en Internet\" href=\"http:\/\/badajoz.portaldetuciudad.com\/bares-de-canas\/el-ba-de-fran\/002_59083.html\" target=\"_blank\" rel=\"external nofollow\">B\u00e1 de Fran<\/a><\/strong>, sito en el parque San Fernando de Badajoz, donde se servir\u00e1n <span style=\"text-decoration: underline;\">migas gratis<\/span> para los inscritos.<\/p>\n<p style=\"text-align: justify;\">\u00a0 \u00a0Sobre las 11:00h, se iniciar\u00e1 una <strong>ruta<\/strong> que pasar\u00e1 por Campo Maior (Portugal), La Codosera y Alburquerque, donde en el Restaurante Castillo de Luna se realizar\u00e1 una parada para tomar un refrigerio y obsequiar\u00e1n con <span style=\"text-decoration: underline;\">caldereta gratis<\/span>.<\/p>\n<div id=\"attachment_766\" style=\"width: 221px\" class=\"wp-caption alignleft\"><a href=\"\/moterosdehoy\/wp-content\/uploads\/sites\/45\/2013\/06\/2013-06-29.jpg\"><img aria-describedby=\"caption-attachment-766\" loading=\"lazy\" class=\"size-medium wp-image-766\" title=\"2013-06-29\" src=\"\/moterosdehoy\/wp-content\/uploads\/sites\/45\/2013\/06\/2013-06-29.jpg\" alt=\"\" width=\"211\" height=\"300\" srcset=\"https:\/\/static-blogs.hoy.es\/wp-content\/uploads\/sites\/45\/2013\/06\/2013-06-29.jpg 565w, https:\/\/static-blogs.hoy.es\/wp-content\/uploads\/sites\/45\/2013\/06\/2013-06-29-212x300.jpg 212w\" sizes=\"(max-width: 211px) 100vw, 211px\" \/><\/a><p id=\"caption-attachment-766\" class=\"wp-caption-text\">Cartel del evento<\/p><\/div>\n<p style=\"text-align: justify;\">\u00a0 \u00a0La ruta seguir\u00e1 sentido Badajoz, donde en el Hollister Club 3.24 tendr\u00e1 lugar la comida, consistente en Barbacoa, para lo que se han realizado unos ticket especiales con un precio de <strong>8 euros<\/strong>, donde 3 ir\u00e1n para la comida y los otros 5 para la entrada al Festival de Cubacidarte.<\/p>\n<p style=\"text-align: justify;\">\u00a0 \u00a0 Sobre las ocho y algo de la tarde se partir\u00e1 para el recinto ferial donde el Auditorio Municipal abrir\u00e1 sus puertas a las 20:30 h, para comenzar los conciertos a las 21:00 h.<\/p>\n<p style=\"text-align: justify;\">\u00a0 \u00a0Los grupos que actuar\u00e1n tienen estilos de m\u00fasica bastante dispares para que as\u00ed todos los asistentes se encuentren a gusto. Entre ellos <strong>Los ni\u00f1os de los ojos rojos<\/strong> hacen mezcla de m\u00fasica. <strong>Kaxta<\/strong>, Rock. <strong>La Kuerda<\/strong>, Pop rock nacional. <strong>Blame de Dog<\/strong>, Rock ingl\u00e9s. <strong>Barbas de oro<\/strong>, Versiones, sobre todo de los 80&#8242;. <strong>Radiofonic<\/strong>, Pop rock. <strong>Mestura<\/strong>, Rumba.<\/p>\n<p style=\"text-align: justify;\">\u00a0 \u00a0Se prev\u00e9 si se respetan los horarios que los conciertos finalicen sobre las 04:00 h, de la madrugada.<\/p>\n<p style=\"text-align: justify;\">\u00a0 \u00a0 Si est\u00e1s interesado en acudir y para prever el tema de la comida dispon\u00e9is de los siguientes <strong>puntos de venta:<\/strong> Restaurante Laguna Seca, Pub Refugio, Motoboutique y Hollister Club 3.24, todos ellos en Badajoz.<\/p>\n<p style=\"text-align: justify;\">\u00a0 \u00a0Durante los conciertos en el Auditorio Municipal habr\u00e1 servicio de barra, donde habr\u00e1n <strong>precios populares<\/strong>, entre ellos cerveza a 1 \u20ac, cubatas a 3 \u20ac, bocadillos a 2 \u20ac, macetas de cerveza a 3 \u20ac y macetas de cubata a 6 \u20ac.<\/p>\n<p style=\"text-align: justify;\">\u00a0 \u00a0Como bien es sabido los moteros tenemos un gran compromiso social solidario, por lo que de seguro que ser\u00e1 un \u00e9xito.<\/p>\n<p style=\"text-align: justify;\"><strong>\u00a0 \u00a0<a title=\"Enlace al facebook de Moteros de Hoy\" href=\"https:\/\/www.facebook.com\/moteroshoy?ref=hl\" target=\"_blank\" rel=\"external nofollow\">Saludos y r\u00e1fagas<\/a>.<\/strong><\/p>\n<!-- AddThis Advanced Settings generic via filter on the_content --><!-- AddThis Share Buttons generic via filter on the_content -->","protected":false},"excerpt":{"rendered":"<p>\u00a0 \u00a0El pr\u00f3ximo d\u00eda 29 de junio 2013 y coincidiendo con las Ferias de San Juan, tendr\u00e1 lugar en el Auditorio Municipal de Badajoz el primer Festival Solidario, bajo el nombre de \u201cCubacidarte\u201d. Recibiendo su nombre de la uni\u00f3n de Cuba \u2013 Asociaci\u00f3n Cultural de Badajoz. Cid \u2013 Discapacidad (Apnaba y Aspaceba). Arte \u2013 Festival [&hellip;]<!-- AddThis Advanced Settings generic via filter on get_the_excerpt --><!-- AddThis Share Buttons generic via filter on get_the_excerpt --><\/p>\n","protected":false},"author":49,"featured_media":0,"comment_status":"open","ping_status":"closed","sticky":false,"template":"","format":"standard","meta":[],"categories":[13],"tags":[320,475,622,624,629,639,641],"_links":{"self":[{"href":"https:\/\/blogs.hoy.es\/moterosdehoy\/wp-json\/wp\/v2\/posts\/764"}],"collection":[{"href":"https:\/\/blogs.hoy.es\/moterosdehoy\/wp-json\/wp\/v2\/posts"}],"about":[{"href":"https:\/\/blogs.hoy.es\/moterosdehoy\/wp-json\/wp\/v2\/types\/post"}],"author":[{"embeddable":true,"href":"https:\/\/blogs.hoy.es\/moterosdehoy\/wp-json\/wp\/v2\/users\/49"}],"replies":[{"embeddable":true,"href":"https:\/\/blogs.hoy.es\/moterosdehoy\/wp-json\/wp\/v2\/comments?post=764"}],"version-history":[{"count":0,"href":"https:\/\/blogs.hoy.es\/moterosdehoy\/wp-json\/wp\/v2\/posts\/764\/revisions"}],"wp:attachment":[{"href":"https:\/\/blogs.hoy.es\/moterosdehoy\/wp-json\/wp\/v2\/media?parent=764"}],"wp:term":[{"taxonomy":"category","embeddable":true,"href":"https:\/\/blogs.hoy.es\/moterosdehoy\/wp-json\/wp\/v2\/categories?post=764"},{"taxonomy":"post_tag","embeddable":true,"href":"https:\/\/blogs.hoy.es\/moterosdehoy\/wp-json\/wp\/v2\/tags?post=764"}],"curies":[{"name":"wp","href":"https:\/\/api.w.org\/{rel}","templated":true}]}}