{"id":767,"date":"2013-06-22T21:38:05","date_gmt":"2013-06-22T21:38:05","guid":{"rendered":"http:\/\/blogs.hoy.es\/moterosdehoy\/?p=767"},"modified":"2013-06-22T21:38:05","modified_gmt":"2013-06-22T21:38:05","slug":"iii-reunion-motera-en-san-pedro-de-merida","status":"publish","type":"post","link":"https:\/\/blogs.hoy.es\/moterosdehoy\/2013\/06\/22\/iii-reunion-motera-en-san-pedro-de-merida\/","title":{"rendered":"III reuni\u00f3n motera en San Pedro de M\u00e9rida"},"content":{"rendered":"<p style=\"text-align: justify;\">\u00a0 \u00a0Bajo el nombre de<strong> III Kedada MotoClub 0,24\u00ba<\/strong>, tiene cabida \u00e9ste fin de semana del <strong>22 y 23 de junio 2013<\/strong>, un encuentro motero, que ya para su localidad <strong>San Pedro de M\u00e9rida (Badajoz)<\/strong>, es la tercera vez que se produce.<\/p>\n<div class=\"mceTemp\" style=\"text-align: justify;\">\n<dl id=\"attachment_768\" class=\"wp-caption alignleft\" style=\"width: 221px;\">\n<dt class=\"wp-caption-dt\"><a href=\"\/moterosdehoy\/wp-content\/uploads\/sites\/45\/2013\/06\/2013-06-22.jpg\"><img loading=\"lazy\" class=\"size-medium wp-image-768\" title=\"2013-06-22\" src=\"\/moterosdehoy\/wp-content\/uploads\/sites\/45\/2013\/06\/2013-06-22.jpg\" alt=\"\" width=\"211\" height=\"300\" srcset=\"https:\/\/static-blogs.hoy.es\/wp-content\/uploads\/sites\/45\/2013\/06\/2013-06-22.jpg 600w, https:\/\/static-blogs.hoy.es\/wp-content\/uploads\/sites\/45\/2013\/06\/2013-06-22-212x300.jpg 212w\" sizes=\"(max-width: 211px) 100vw, 211px\" \/><\/a><\/dt>\n<dd class=\"wp-caption-dd\">Cartel del evento<\/dd>\n<\/dl>\n<\/div>\n<p style=\"text-align: justify;\">\u00a0Como en ediciones anteriores est\u00e1 sucediendo con gran \u00e9xito, el s\u00e1bado hemos disfrutado de un refresco gratis para todos los moteros y acompa\u00f1antes, adem\u00e1s de platos de entremeses, caldereta y paella, por supuesto, todo ello de modo gratuito.<\/p>\n<p style=\"text-align: justify;\">\u00a0 Si quieres ver<strong> fotos de como est\u00e1 transcurriendo <a title=\"Fotos de la III Kedada MotoClub 0,24\u00ba\" href=\"http:\/\/www.hoy.es\/multimedia\/fotos\/ultimos\/122707-reunion-motera-pedro-merida-0.html\" target=\"_blank\" rel=\"external nofollow\">haz click aqu\u00ed<\/a><\/strong><a title=\"Fotos de la III Kedada MotoClub 0,24\u00ba\" href=\"http:\/\/www.hoy.es\/multimedia\/fotos\/ultimos\/122707-reunion-motera-pedro-merida-0.html\" target=\"_blank\" rel=\"external nofollow\">.<\/a><\/p>\n<p style=\"text-align: justify;\">\u00a0 Mientras que pod\u00edamos disfrutar de esas invitaciones, hab\u00eda m\u00fasica en la Plaza de Espa\u00f1a de la localidad, donde hab\u00edan instalado unos toldos para refrescar el caluroso d\u00eda veraniego, e incluso hab\u00edan pensado en los que se quieran quedar a dormir, facilitando el alojamiento en el albergue de la localidad.<\/p>\n<p style=\"text-align: justify;\">\u00a0 \u00a0Durante la tarde del s\u00e1bado tambi\u00e9n pudimos disfrutar de las actuaciones acrob\u00e1ticas de Andre Colombo, piloto brasile\u00f1o que vive en Portugal y conocido como <a title=\"Animal Wheeling\" href=\"http:\/\/www.animalwheeling.com\/\" target=\"_blank\" rel=\"external nofollow\">&#8220;<strong>Animal<\/strong>&#8220;<\/a>. En las fotos de la galer\u00eda puedes ver como anim\u00f3 la fiesta.<\/p>\n<p style=\"text-align: justify;\">\u00a0 \u00a0Dado que la quedada est\u00e1 prevista para el s\u00e1bado y el domingo, puedo asegurar que ma\u00f1ana ser\u00e1 un gran d\u00eda, en el que tienen programado a partir de las 09:00 desayuno, para salir a realizar una ruta por los pueblos de la comarca, con alguna parada de avituallamiento y sobre las 14:00 comida en San Pedro de M\u00e9rida, no siendo gratuita, pero de seguro con precios anti-crisis.<\/p>\n<p style=\"text-align: justify;\">\u00a0 \u00a0Si tienes el domingo libre, no dudes en pasar por all\u00ed, no te arrepentir\u00e1s.<\/p>\n<p style=\"text-align: justify;\"><strong>\u00a0 \u00a0Saludos y r\u00e1fagas.<\/strong><\/p>\n<!-- AddThis Advanced Settings generic via filter on the_content --><!-- AddThis Share Buttons generic via filter on the_content -->","protected":false},"excerpt":{"rendered":"<p>\u00a0 \u00a0Bajo el nombre de III Kedada MotoClub 0,24\u00ba, tiene cabida \u00e9ste fin de semana del 22 y 23 de junio 2013, un encuentro motero, que ya para su localidad San Pedro de M\u00e9rida (Badajoz), es la tercera vez que se produce. Cartel del evento \u00a0Como en ediciones anteriores est\u00e1 sucediendo con gran \u00e9xito, el [&hellip;]<!-- AddThis Advanced Settings generic via filter on get_the_excerpt --><!-- AddThis Share Buttons generic via filter on get_the_excerpt --><\/p>\n","protected":false},"author":49,"featured_media":0,"comment_status":"open","ping_status":"closed","sticky":false,"template":"","format":"standard","meta":[],"categories":[13],"tags":[21,65,240,622,629,639,641,651],"_links":{"self":[{"href":"https:\/\/blogs.hoy.es\/moterosdehoy\/wp-json\/wp\/v2\/posts\/767"}],"collection":[{"href":"https:\/\/blogs.hoy.es\/moterosdehoy\/wp-json\/wp\/v2\/posts"}],"about":[{"href":"https:\/\/blogs.hoy.es\/moterosdehoy\/wp-json\/wp\/v2\/types\/post"}],"author":[{"embeddable":true,"href":"https:\/\/blogs.hoy.es\/moterosdehoy\/wp-json\/wp\/v2\/users\/49"}],"replies":[{"embeddable":true,"href":"https:\/\/blogs.hoy.es\/moterosdehoy\/wp-json\/wp\/v2\/comments?post=767"}],"version-history":[{"count":0,"href":"https:\/\/blogs.hoy.es\/moterosdehoy\/wp-json\/wp\/v2\/posts\/767\/revisions"}],"wp:attachment":[{"href":"https:\/\/blogs.hoy.es\/moterosdehoy\/wp-json\/wp\/v2\/media?parent=767"}],"wp:term":[{"taxonomy":"category","embeddable":true,"href":"https:\/\/blogs.hoy.es\/moterosdehoy\/wp-json\/wp\/v2\/categories?post=767"},{"taxonomy":"post_tag","embeddable":true,"href":"https:\/\/blogs.hoy.es\/moterosdehoy\/wp-json\/wp\/v2\/tags?post=767"}],"curies":[{"name":"wp","href":"https:\/\/api.w.org\/{rel}","templated":true}]}}