{"id":769,"date":"2013-06-24T19:16:38","date_gmt":"2013-06-24T19:16:38","guid":{"rendered":"http:\/\/blogs.hoy.es\/moterosdehoy\/?p=769"},"modified":"2013-06-24T19:16:38","modified_gmt":"2013-06-24T19:16:38","slug":"llega-la-meca-del-motociclismo","status":"publish","type":"post","link":"https:\/\/blogs.hoy.es\/moterosdehoy\/2013\/06\/24\/llega-la-meca-del-motociclismo\/","title":{"rendered":"Llega la MECA del MOTOCICLISMO"},"content":{"rendered":"<p style=\"text-align: justify;\">\u00a0 \u00a0A falta de menos de un mes para FARO hay que irse preparando. Cualquier motero que se precie como tal como m\u00ednimo es conocedor de la existencia de la concentraci\u00f3n motera de Faro, independientemente de pensar en ir o no a ella.<\/p>\n<p style=\"text-align: justify;\"><a href=\"\/moterosdehoy\/wp-content\/uploads\/sites\/45\/2013\/06\/Escudo-faro.jpg\"><img loading=\"lazy\" class=\"alignleft size-medium wp-image-770\" title=\"Escudo faro\" src=\"\/moterosdehoy\/wp-content\/uploads\/sites\/45\/2013\/06\/Escudo-faro.jpg\" alt=\"\" width=\"300\" height=\"194\" srcset=\"https:\/\/static-blogs.hoy.es\/wp-content\/uploads\/sites\/45\/2013\/06\/Escudo-faro.jpg 590w, https:\/\/static-blogs.hoy.es\/wp-content\/uploads\/sites\/45\/2013\/06\/Escudo-faro-300x194.jpg 300w\" sizes=\"(max-width: 300px) 100vw, 300px\" \/><\/a>\u00a0 \u00a0Os voy a hablar un poco de la mayor concentraci\u00f3n motera a nivel Europa y casi mundial, adem\u00e1s de daros unos consejos por si quer\u00e9is ir y and\u00e1is algo perdidos.<\/p>\n<p style=\"text-align: justify;\">\u00a0 \u00a0Para \u00e9ste a\u00f1o 2013, tendr\u00e1 lugar <strong>del 18 al 21 de julio<\/strong>, aunque desde el medio d\u00eda del 17 ya estar\u00e1 abierto el recinto para los m\u00e1s tempraneros. Es ya la <strong>32\u00aa Concentraci\u00f3n Internacional de Motos<\/strong> y como en ediciones anteriores tendr\u00e1 lugar <strong>en Faro<\/strong>, concretamente en el camping de la localidad y situado casi pegado a la playa, lo que te permite llegar a ella incluso andando si lo deseas.<\/p>\n<p style=\"text-align: justify;\">\u00a0 \u00a0Faro es una ciudad portuguesa, capital del distrito hom\u00f3nimo y de la regi\u00f3n del Algarve, con una poblaci\u00f3n algo inferior a los 65.000 habitantes. Siendo uno de los centros urbanos de la regi\u00f3n sur de Portugal m\u00e1s conocido entre los siglos III a. C. y VIII d. C., con una configuraci\u00f3n como\u00a0almac\u00e9n en un gran sistema comercial, basado en el intercambio de productos agr\u00edcolas, pescado y minerales.\u00a0<!--more--><\/p>\n<div id=\"attachment_771\" style=\"width: 223px\" class=\"wp-caption alignright\"><a href=\"\/moterosdehoy\/wp-content\/uploads\/sites\/45\/2013\/06\/cartel-faro.jpg\"><img aria-describedby=\"caption-attachment-771\" loading=\"lazy\" class=\"size-medium wp-image-771\" title=\"cartel faro\" src=\"\/moterosdehoy\/wp-content\/uploads\/sites\/45\/2013\/06\/cartel-faro.jpg\" alt=\"\" width=\"213\" height=\"300\" srcset=\"https:\/\/static-blogs.hoy.es\/wp-content\/uploads\/sites\/45\/2013\/06\/cartel-faro.jpg 794w, https:\/\/static-blogs.hoy.es\/wp-content\/uploads\/sites\/45\/2013\/06\/cartel-faro-213x300.jpg 213w, https:\/\/static-blogs.hoy.es\/wp-content\/uploads\/sites\/45\/2013\/06\/cartel-faro-768x1080.jpg 768w, https:\/\/static-blogs.hoy.es\/wp-content\/uploads\/sites\/45\/2013\/06\/cartel-faro-728x1024.jpg 728w\" sizes=\"(max-width: 213px) 100vw, 213px\" \/><\/a><p id=\"caption-attachment-771\" class=\"wp-caption-text\">Cartel del evento<\/p><\/div>\n<p style=\"text-align: justify;\">\u00a0 \u00a0 Continuando con la concentraci\u00f3n motera hay que decir que ha llegado a reunir a casi 30.000 inscritos, aunque con \u00e9stos tiempos de crisis en los que nos vemos sumergidos tambi\u00e9n le han hecho mella. En la edici\u00f3n del a\u00f1o pasado se superaron los 20.000, que a pesar de no estar nada mal, se puede ver como se ha reducido de modo notable.<\/p>\n<p style=\"text-align: justify;\">\u00a0 \u00a0La <strong>inscripci\u00f3n<\/strong>, que el a\u00f1o pasado tuvo un precio de 45\u20ac da acceso a:<\/p>\n<ul>\n<li>Una bolsa de bienvenida con la camiseta oficial, medalla, pegatina,\u00a0 tickets de comida, y a participar en el sorteo de una moto nueva y de una semana en Daytona.<\/li>\n<li>Acceso a zona de acampada &#8211; m\u00fasica en vivo y shows er\u00f3ticos todas las noches &#8211; bares 24 horas abiertos &#8211; bike show &#8211; stands profesionales &#8211; feria biker &#8211; stands tatoo &#8211; concurso de tatuajes &#8211; miss camiseta mojada &#8211; y como no, centro m\u00e9dico.<\/li>\n<li>Autob\u00fas gratis concentraci\u00f3n &#8211; Faro \/ Faro &#8211; concentraci\u00f3n, desde las 11 horas de Jueves hasta las 8 horas del domingo.<\/li>\n<\/ul>\n<p style=\"text-align: justify;\">\u00a0 \u00a0Tienes que tener en cuenta que si quieres ir nada m\u00e1s por ver un poco, te quedar\u00e1s a medias, pues para poder acceder a la zona de concentraci\u00f3n, donde son las actuaciones y est\u00e1 todo el mogoll\u00f3n, tienes que pasar por caja e inscribirte, lo que ya te permite disfrutar de todos los conciertos. Entre ellos actuar\u00e1n <strong>Saxon, Xutos&#038;Puntap\u00e9s, Lujuria, Saratoga, Os corvos, Custom Circus Le Cabaret Rock<\/strong>. Como puedes ver si te gusta el Rock estar\u00e1s en tu salsa.<\/p>\n<div id=\"attachment_772\" style=\"width: 310px\" class=\"wp-caption alignleft\"><a href=\"\/moterosdehoy\/wp-content\/uploads\/sites\/45\/2013\/06\/mapa-faro.jpg\"><img aria-describedby=\"caption-attachment-772\" loading=\"lazy\" class=\"size-medium wp-image-772\" title=\"mapa faro\" src=\"\/moterosdehoy\/wp-content\/uploads\/sites\/45\/2013\/06\/mapa-faro.jpg\" alt=\"\" width=\"300\" height=\"210\" srcset=\"https:\/\/static-blogs.hoy.es\/wp-content\/uploads\/sites\/45\/2013\/06\/mapa-faro.jpg 1143w, https:\/\/static-blogs.hoy.es\/wp-content\/uploads\/sites\/45\/2013\/06\/mapa-faro-300x211.jpg 300w, https:\/\/static-blogs.hoy.es\/wp-content\/uploads\/sites\/45\/2013\/06\/mapa-faro-768x540.jpg 768w, https:\/\/static-blogs.hoy.es\/wp-content\/uploads\/sites\/45\/2013\/06\/mapa-faro-1024x719.jpg 1024w\" sizes=\"(max-width: 300px) 100vw, 300px\" \/><\/a><p id=\"caption-attachment-772\" class=\"wp-caption-text\">Mapa de la concentraci\u00f3n de Faro<\/p><\/div>\n<p style=\"text-align: justify;\">\u00a0 \u00a0Otro aspecto importante, si vas a hacer uso de<strong> la acampada<\/strong> es llegar pronto, cuanto antes mejor, coger una buena sombra y no muy lejos de los ba\u00f1os, pero tampoco muy cerca (ruido, mosquitos&#8230;), una buena zona seg\u00fan entras a la izquierda, abajo del todo. Est\u00e1n los servicios al lado, una salida de emergencia y un bar. No est\u00e1 lejos del escenario ni del oasis, pero no llega el tremendo ruido que hay. Aqu\u00ed a la izquierda tienes un plano del lugar. Yo cuando he ido lo hice de hotel, pero la crisis aprieta. Si no tienes tienda venden en Decathlon unos sacos con la colchoneta incorporada que abultan poco, o p\u00eddelo prestado y sale m\u00e1s barato a\u00fan.<\/p>\n<p style=\"text-align: justify;\">\u00a0 Sobre <strong>los ba\u00f1os<\/strong> te comento que en principio est\u00e1n limpios pero a medida que pasa el tiempo se vuelven algo perjudicados, llegando a usarlos si es de m\u00e1xima necesidad, lo mejor, o bien ir al aeropuerto o bien ir a faro, hay un centro comercial y bares o pasteler\u00edas que adem\u00e1s de tomarte algo, podr\u00e1s disfrutar de unos ba\u00f1os m\u00e1s limpios. Para las duchas no hay problema, te pones el ba\u00f1ador y listo, son muy divertidas y conoces gente. Las duchas son comunitarias y a cielo abierto.<\/p>\n<p style=\"text-align: justify;\">\u00a0 \u00a0A la hora de hacer <strong>la maleta<\/strong> recuerda que vas en moto, por lo que debes llevar lo imprescindible, todo ocupa sitio y no dispones de mucho. All\u00ed hace una calor insoportable, lleva crema solar y casi igual de importante crema anti-mosquitos, hay muchos. Si tienes alguna camiseta vieja ll\u00e9vala, cuando te la quites toda sudada la tiras y una cosa menos de vuelta. Por supuesto lleva el ba\u00f1ador. Para la comida no hace falta que lleves nada como platos, tenedores y dem\u00e1s, all\u00ed te los dar\u00e1n de pl\u00e1stico, una vez que lo uses se tira y punto.<\/p>\n<p style=\"text-align: justify;\">\u00a0 \u00a0Sobre <strong>la seguridad<\/strong> te dir\u00e9 que all\u00ed hay personal de seguridad contratados, se evitan robos y problemas. Adem\u00e1s no se andan con chiquitas, si alguno se pasa haciendo el tonto con la moto de normal le dar\u00e1n un par de guantazos para suavizarlo y le quitar\u00e1n las llaves de la moto, que las podr\u00e1 recoger en la entrada cuando se haya terminado todo el domingo. No suelen haber robos en las tiendas, a pesar de estar abiertas, todos respetan lo de los dem\u00e1s, pero cuando hay tanta gente es dif\u00edcil garantizar el 100%. Por ahora no he o\u00eddo a nadie comentar que le faltase algo.<\/p>\n<p style=\"text-align: justify;\">\u00a0 \u00a0Lo normal es aprovechar el d\u00eda para <strong>visitar alguna playa<\/strong>, tienes una cerquita si no te apetece viajar, incluso puedes ir andando, pero te recomiendo que ya que est\u00e1 all\u00ed conozcas un poco de la zona, sobre todo el atardecer en el Cabo de San Vicente, aprovecha para ver la puesta de sol, es digna de ver e inmortalizar con la c\u00e1mara. Las zonas tur\u00edsticas de playa del Algarve est\u00e1n de Quarteira hacia el cabo de San Vicente (Albufeira, Lagos, Tavira, Sagres, con su exquisita cerveza&#8230;). Al lado de Albufeira tienes las playas de San Rafael y Coelha, te sorprender\u00e1n. Faro tambi\u00e9n est\u00e1 bien, pero es m\u00e1s ruidoso, te pasan los aviones por encima y al estar m\u00e1s pegado a Espa\u00f1a hay m\u00e1s gente. Aprovecha para comer pescado y tomar el sol. De vuelta en la concentraci\u00f3n una duchita y a los conciertos y dem\u00e1s eventos.<\/p>\n<p style=\"text-align: justify;\">\u00a0 \u00a0<strong>Cuando vayas a entrar a la zona de Portugal reposta a\u00fan en Espa\u00f1a<\/strong>, la gasolina all\u00ed es m\u00e1s cara. Los m\u00e1s enredas si tienen un movil Android descargan una aplicaci\u00f3n llamada &#8220;gasolineras&#8221; que te muestra el precio en tiempo real, puede que te sea \u00fatil. Tambi\u00e9n acu\u00e9rdate de llevar la\u00a0<strong>carta verde del seguro<\/strong>. A nivel europeo no es obligatoria pero si no la llevas la polic\u00eda portuguesa te denunciar\u00e1 y tendr\u00e1s que pagarlo en el momento.<\/p>\n<p style=\"text-align: justify;\">\u00a0 \u00a0Si est\u00e1s indeciso en ir, te lo recomiendo, es un ambiente motero inigualable, &#8220;caldo de culturas&#8221; que re\u00fane moteros de cualquier conf\u00edn del planeta. All\u00ed encontrar\u00e1s de todo, ruteros, racing, scooteristas, cl\u00e1sicos, rockers, moods, free bikers, pero sobre todo custom. Adem\u00e1s ser\u00e1s uno de los que podr\u00e1n decir <strong>&#8220;yo estuve en Faro&#8221;,<\/strong> la Meca europea del motociclismo.<\/p>\n<p style=\"text-align: justify;\">\u00a0 \u00a0Para saber <a title=\"Transcurso de FARO 2013\" href=\"http:\/\/www.moterosdehoy.es\/2013\/07\/25\/transcurso-de-faro-2013\/\" target=\"_blank\" rel=\"external nofollow\">como transcurri\u00f3 FARO 2013, haz clic aqu\u00ed<\/a>.<\/p>\n<p style=\"text-align: justify;\"><strong>\u00a0 \u00a0<a title=\"Enlace al facebook de Moteros de Hoy\" href=\"https:\/\/www.facebook.com\/moteroshoy?ref=hl\" target=\"_blank\" rel=\"external nofollow\">Saludos y r\u00e1fagas<\/a>.<\/strong><\/p>\n<p>&nbsp;<\/p>\n<!-- AddThis Advanced Settings generic via filter on the_content --><!-- AddThis Share Buttons generic via filter on the_content -->","protected":false},"excerpt":{"rendered":"<p>\u00a0 \u00a0A falta de menos de un mes para FARO hay que irse preparando. Cualquier motero que se precie como tal como m\u00ednimo es conocedor de la existencia de la concentraci\u00f3n motera de Faro, independientemente de pensar en ir o no a ella. \u00a0 \u00a0Os voy a hablar un poco de la mayor concentraci\u00f3n motera [&hellip;]<!-- AddThis Advanced Settings generic via filter on get_the_excerpt --><!-- AddThis Share Buttons generic via filter on get_the_excerpt --><\/p>\n","protected":false},"author":49,"featured_media":0,"comment_status":"open","ping_status":"closed","sticky":false,"template":"","format":"standard","meta":[],"categories":[13],"tags":[23,304,388,622,629,639,641],"_links":{"self":[{"href":"https:\/\/blogs.hoy.es\/moterosdehoy\/wp-json\/wp\/v2\/posts\/769"}],"collection":[{"href":"https:\/\/blogs.hoy.es\/moterosdehoy\/wp-json\/wp\/v2\/posts"}],"about":[{"href":"https:\/\/blogs.hoy.es\/moterosdehoy\/wp-json\/wp\/v2\/types\/post"}],"author":[{"embeddable":true,"href":"https:\/\/blogs.hoy.es\/moterosdehoy\/wp-json\/wp\/v2\/users\/49"}],"replies":[{"embeddable":true,"href":"https:\/\/blogs.hoy.es\/moterosdehoy\/wp-json\/wp\/v2\/comments?post=769"}],"version-history":[{"count":0,"href":"https:\/\/blogs.hoy.es\/moterosdehoy\/wp-json\/wp\/v2\/posts\/769\/revisions"}],"wp:attachment":[{"href":"https:\/\/blogs.hoy.es\/moterosdehoy\/wp-json\/wp\/v2\/media?parent=769"}],"wp:term":[{"taxonomy":"category","embeddable":true,"href":"https:\/\/blogs.hoy.es\/moterosdehoy\/wp-json\/wp\/v2\/categories?post=769"},{"taxonomy":"post_tag","embeddable":true,"href":"https:\/\/blogs.hoy.es\/moterosdehoy\/wp-json\/wp\/v2\/tags?post=769"}],"curies":[{"name":"wp","href":"https:\/\/api.w.org\/{rel}","templated":true}]}}