{"id":773,"date":"2013-07-04T05:28:27","date_gmt":"2013-07-04T05:28:27","guid":{"rendered":"http:\/\/blogs.hoy.es\/moterosdehoy\/?p=773"},"modified":"2013-07-04T05:28:27","modified_gmt":"2013-07-04T05:28:27","slug":"la-aficion-motera-crece-en-extremadura","status":"publish","type":"post","link":"https:\/\/blogs.hoy.es\/moterosdehoy\/2013\/07\/04\/la-aficion-motera-crece-en-extremadura\/","title":{"rendered":"La afici\u00f3n motera crece en Extremadura"},"content":{"rendered":"<p style=\"text-align: justify;\">\u00a0 \u00a0Desde hace un a\u00f1o y hasta nuestras fechas la afici\u00f3n motera en Extremadura ha crecido notablemente, no as\u00ed el n\u00famero de motocicletas que se matriculan, o las que ruedan por nuestras carreteras, pero si la uni\u00f3n de los moteros de la regi\u00f3n a la hora de hacer actos solidarios o agruparse en Clubs, Pe\u00f1as o MotoClubs.<\/p>\n<p style=\"text-align: justify;\"><a href=\"\/moterosdehoy\/wp-content\/uploads\/sites\/45\/2013\/07\/Chica-haciendo-dedo.jpg\"><img loading=\"lazy\" class=\"alignleft size-medium wp-image-774\" title=\"Chica haciendo dedo\" src=\"\/moterosdehoy\/wp-content\/uploads\/sites\/45\/2013\/07\/Chica-haciendo-dedo.jpg\" alt=\"\" width=\"300\" height=\"300\" srcset=\"https:\/\/static-blogs.hoy.es\/wp-content\/uploads\/sites\/45\/2013\/07\/Chica-haciendo-dedo.jpg 720w, https:\/\/static-blogs.hoy.es\/wp-content\/uploads\/sites\/45\/2013\/07\/Chica-haciendo-dedo-150x150.jpg 150w, https:\/\/static-blogs.hoy.es\/wp-content\/uploads\/sites\/45\/2013\/07\/Chica-haciendo-dedo-300x300.jpg 300w\" sizes=\"(max-width: 300px) 100vw, 300px\" \/><\/a>\u00a0 \u00a0As\u00ed es el caso del <strong><a title=\"P\u00e1gina oficial del VOCS\" href=\"http:\/\/www.vocs.org\/\" target=\"_blank\" rel=\"external nofollow\">V.O.C.S.<\/a><\/strong> (Vulcan Owners Club Spain) Extremadura, Club de marca de Vulcan reconocido por la propia Kawasaki. Dicho Club a nivel Espa\u00f1a tiene m\u00e1s de quinientos socios y en febrero comenz\u00f3 su andadura por Extremadura con catorce integrantes, aumentando para llegar a veinticuatro \u00e9ste pr\u00f3ximo domingo.<\/p>\n<p style=\"text-align: justify;\">\u00a0 \u00a0El VOCS como Club es conocido por el gusto de sus socios de entrar en contacto entre ellos y para \u00e9ste domingo vendr\u00e1n moteros desde lugares tan diversos como Madrid, C\u00f3rdoba, C\u00e1diz e incluso de las Islas Canarias, para participar en la celebraci\u00f3n de los seis meses de vida y el aumento de la familia.<\/p>\n<p style=\"text-align: justify;\">\u00a0 Como buenos moteros realizar\u00e1n una ruta para ense\u00f1ar un poco la Comunidad a los que vienen de fuera, recorriendo puntos como Olivenza, Cheles, Valverde de Legan\u00e9s y Badajoz, donde realizar\u00e1n una parada en la Venta el Roc\u00edo, sita a unos seis kil\u00f3metros de la capital y as\u00ed evitar colapsar la ciudad con tanta motocicleta.<\/p>\n<p style=\"text-align: justify;\"><strong>\u00a0 \u00a0<a title=\"Enlace al facebook de Moteros de Hoy\" href=\"https:\/\/www.facebook.com\/moteroshoy?ref=hl\" target=\"_blank\" rel=\"external nofollow\">Saludos y r\u00e1fagas<\/a>.<\/strong><\/p>\n<!-- AddThis Advanced Settings generic via filter on the_content --><!-- AddThis Share Buttons generic via filter on the_content -->","protected":false},"excerpt":{"rendered":"<p>\u00a0 \u00a0Desde hace un a\u00f1o y hasta nuestras fechas la afici\u00f3n motera en Extremadura ha crecido notablemente, no as\u00ed el n\u00famero de motocicletas que se matriculan, o las que ruedan por nuestras carreteras, pero si la uni\u00f3n de los moteros de la regi\u00f3n a la hora de hacer actos solidarios o agruparse en Clubs, Pe\u00f1as [&hellip;]<!-- AddThis Advanced Settings generic via filter on get_the_excerpt --><!-- AddThis Share Buttons generic via filter on get_the_excerpt --><\/p>\n","protected":false},"author":49,"featured_media":0,"comment_status":"open","ping_status":"closed","sticky":false,"template":"","format":"standard","meta":[],"categories":[13],"tags":[622,624,639,1019],"_links":{"self":[{"href":"https:\/\/blogs.hoy.es\/moterosdehoy\/wp-json\/wp\/v2\/posts\/773"}],"collection":[{"href":"https:\/\/blogs.hoy.es\/moterosdehoy\/wp-json\/wp\/v2\/posts"}],"about":[{"href":"https:\/\/blogs.hoy.es\/moterosdehoy\/wp-json\/wp\/v2\/types\/post"}],"author":[{"embeddable":true,"href":"https:\/\/blogs.hoy.es\/moterosdehoy\/wp-json\/wp\/v2\/users\/49"}],"replies":[{"embeddable":true,"href":"https:\/\/blogs.hoy.es\/moterosdehoy\/wp-json\/wp\/v2\/comments?post=773"}],"version-history":[{"count":0,"href":"https:\/\/blogs.hoy.es\/moterosdehoy\/wp-json\/wp\/v2\/posts\/773\/revisions"}],"wp:attachment":[{"href":"https:\/\/blogs.hoy.es\/moterosdehoy\/wp-json\/wp\/v2\/media?parent=773"}],"wp:term":[{"taxonomy":"category","embeddable":true,"href":"https:\/\/blogs.hoy.es\/moterosdehoy\/wp-json\/wp\/v2\/categories?post=773"},{"taxonomy":"post_tag","embeddable":true,"href":"https:\/\/blogs.hoy.es\/moterosdehoy\/wp-json\/wp\/v2\/tags?post=773"}],"curies":[{"name":"wp","href":"https:\/\/api.w.org\/{rel}","templated":true}]}}